{"id":30321,"date":"2018-01-08T17:07:02","date_gmt":"2018-01-08T22:07:02","guid":{"rendered":"http:\/\/innovatori.space\/lat21\/?p=30321"},"modified":"2018-01-09T12:29:17","modified_gmt":"2018-01-09T17:29:17","slug":"autos-verdes-solo-se-vendieron-197-en-los-primeros-nueve-meses-de-2017","status":"publish","type":"post","link":"https:\/\/l21.mx\/?p=30321","title":{"rendered":"Autos &#8216;verdes&#8217; solo se vendieron 197 en los primeros nueve meses de 2017"},"content":{"rendered":"<div class=\"main-article-wrapper\">\n<div class=\"title\">\n<h1 id=\"m40-39-41\"><img fetchpriority=\"high\" decoding=\"async\" class=\"aligncenter size-large wp-image-30322\" src=\"http:\/\/l21.mx\/wp-content\/uploads\/2018\/01\/Leaf-Offset-View-Blade-Silver-1920x800.png.ximg_.m_12_h.smart_-1024x427.png\" alt=\"\" width=\"1024\" height=\"427\" srcset=\"https:\/\/l21.mx\/wp-content\/uploads\/2018\/01\/Leaf-Offset-View-Blade-Silver-1920x800.png.ximg_.m_12_h.smart_-1024x427.png 1024w, https:\/\/l21.mx\/wp-content\/uploads\/2018\/01\/Leaf-Offset-View-Blade-Silver-1920x800.png.ximg_.m_12_h.smart_-300x125.png 300w, https:\/\/l21.mx\/wp-content\/uploads\/2018\/01\/Leaf-Offset-View-Blade-Silver-1920x800.png.ximg_.m_12_h.smart_-768x320.png 768w, https:\/\/l21.mx\/wp-content\/uploads\/2018\/01\/Leaf-Offset-View-Blade-Silver-1920x800.png.ximg_.m_12_h.smart_-1170x488.png 1170w, https:\/\/l21.mx\/wp-content\/uploads\/2018\/01\/Leaf-Offset-View-Blade-Silver-1920x800.png.ximg_.m_12_h.smart_-585x244.png 585w, https:\/\/l21.mx\/wp-content\/uploads\/2018\/01\/Leaf-Offset-View-Blade-Silver-1920x800.png.ximg_.m_12_h.smart_.png 1440w\" sizes=\"(max-width: 1024px) 100vw, 1024px\" \/><\/h1>\n<\/div>\n<div class=\"sub-title\">\n<div id=\"m47-46-48\"><strong>Aunque la oferta de autos completamente el\u00e9ctricos se increment\u00f3 en los \u00faltimos dos a\u00f1os, la penetraci\u00f3n en el mercado nacional apenas alcanza un 0.02 por ciento.<\/strong><\/div>\n<\/div>\n<\/div>\n<div class=\"lower-article-part\">\n<div class=\"main-article-text\">\n<div class=\"image-holder\"><\/div>\n<div class=\"article-paragraphs\">\n<p id=\"m52-51-53\">La <b>oferta de veh\u00edculos el\u00e9ctricos <\/b>creci\u00f3 de <b>3 a 7 modelos durante los \u00faltimos dos a\u00f1os en M\u00e9xico<\/b>, lo que no se reflej\u00f3 en un aumento de la misma proporci\u00f3n en su participaci\u00f3n dentro del mercado total automotor en el pa\u00eds.<\/p>\n<p>Informaci\u00f3n de la Asociaci\u00f3n Mexicana de la Industria Automotriz (<b>AMIA<\/b>) muestra que en los primeros 9 meses del 2017 se comercializaron <b>197 unidades <\/b>-ciento por ciento el\u00e9ctricas-, apenas <b>4 por ciento m\u00e1s que lo reportado en igual lapso de un a\u00f1o antes<\/b>.<\/p>\n<p>Sin embargo, si se compara con el total de coches vendidos en el pa\u00eds, la <b>penetraci\u00f3n de ese segmento es de apenas 0.02 por ciento<\/b>.<\/p>\n<p>Guillermo Rosales, director general adjunto de la Asociaci\u00f3n Mexicana de Distribuidores de Automotores (AMDA), indic\u00f3 que esto se debe a que esa tecnolog\u00eda sigue siendo muy cara, a pesar de que llegaron veh\u00edculos con precios m\u00e1s accesibles.<\/p>\n<p>\u201cEl elevado precio de estos autos es una desventaja frente a sus similares de motor de gasolina, aunque en el largo plazo sean m\u00e1s redituables con base en la relaci\u00f3n costo-beneficio. Esperemos que conforme avance la tecnolog\u00eda se reduzca el precio\u201d, coment\u00f3 el ejecutivo en entrevista reciente.<\/p>\n<p>Tambi\u00e9n consider\u00f3 que la falta de infraestructura es un freno para este tipo de autos, pues <b>no en todo el pa\u00eds se pueden encontrar cargadores para veh\u00edculos el\u00e9ctricos<\/b>.<\/p>\n<p>\u201c<b>A\u00fan falta infraestructura <\/b>por desarrollar, por lo que en algunas ciudades es in\u00fatil tener un auto el\u00e9ctrico\u201d, destac\u00f3 por su parte Jorge Vallejo, director de Relaciones Gubernamentales y Cero Emisiones de Nissan Mexicana.<\/p>\n<p>En tanto que Alexander Wehr, director general de BMW M\u00e9xico, dijo en entrevista reciente que buscan ofrecer en estos momentos autos de mayor calidad, pues a\u00fan no se puede competir en precio.<\/p>\n<p>\u201cNosotros siempre hemos dicho que el liderazgo (en este mercado) no es por volumen, sino por eficiencia y sustentabilidad. Queremos fortalecer nuestra posici\u00f3n en el mercado premium\u201d, asever\u00f3 el directivo de la automotriz.<\/p>\n<p>Entre los <b>modelos disponibles en M\u00e9xico <\/b>est\u00e1n el Renault Twizy, Nissan Leaf, Zacua M2, BMW i3, Chevrolet Bolt EV, Tesla Model S y Model X, veh\u00edculos con precios que van desde los 317 mil 700 hasta un mill\u00f3n 600 mil pesos. (El Financiero)<\/p>\n<\/div>\n<\/div>\n<\/div>\n","protected":false},"excerpt":{"rendered":"<p>Aunque la oferta de autos completamente el\u00e9ctricos se increment\u00f3 en los \u00faltimos dos a\u00f1os, la penetraci\u00f3n&hellip;<\/p>\n","protected":false},"author":2,"featured_media":30322,"comment_status":"open","ping_status":"open","sticky":false,"template":"","format":"standard","meta":{"_acf_changed":false,"_lmt_disableupdate":"","_lmt_disable":"","_mbp_gutenberg_autopost":false,"footnotes":""},"categories":[23,35],"tags":[],"class_list":["post-30321","post","type-post","status-publish","format-standard","has-post-thumbnail","hentry","category-noticias","category-responsabilidad-social"],"acf":[],"yoast_head":"<!-- This site is optimized with the Yoast SEO plugin v27.3 - https:\/\/yoast.com\/product\/yoast-seo-wordpress\/ -->\n<title>Autos &#039;verdes&#039; solo se vendieron 197 en los primeros nueve meses de 2017 | Revista Latitud 21<\/title>\n<meta name=\"description\" content=\"L21, Emprendedores y Negocios en el Caribe Mexicano, es la revista l\u00edder entre el Sector Empresarial y Tur\u00edstico del Caribe Mexicano.\" \/>\n<meta name=\"robots\" content=\"index, follow, max-snippet:-1, max-image-preview:large, max-video-preview:-1\" \/>\n<link rel=\"canonical\" href=\"https:\/\/l21.mx\/?p=30321\" \/>\n<meta name=\"twitter:card\" content=\"summary_large_image\" \/>\n<meta name=\"twitter:title\" content=\"Autos &#039;verdes&#039; solo se vendieron 197 en los primeros nueve meses de 2017 | Revista Latitud 21\" \/>\n<meta name=\"twitter:description\" content=\"L21, Emprendedores y Negocios en el Caribe Mexicano, es la revista l\u00edder entre el Sector Empresarial y Tur\u00edstico del Caribe Mexicano.\" \/>\n<meta name=\"twitter:image\" content=\"https:\/\/l21.mx\/wp-content\/uploads\/2018\/01\/Leaf-Offset-View-Blade-Silver-1920x800.png.ximg_.m_12_h.smart_.png\" \/>\n<meta name=\"twitter:creator\" content=\"@Latitud21mx\" \/>\n<meta name=\"twitter:site\" content=\"@Latitud21mx\" \/>\n<meta name=\"twitter:label1\" content=\"Escrito por\" \/>\n\t<meta name=\"twitter:data1\" content=\"Latitud21 Redacci\u00f3n\" \/>\n\t<meta name=\"twitter:label2\" content=\"Tiempo de lectura\" \/>\n\t<meta name=\"twitter:data2\" content=\"2 minutos\" \/>\n<script type=\"application\/ld+json\" class=\"yoast-schema-graph\">{\"@context\":\"https:\\\/\\\/schema.org\",\"@graph\":[{\"@type\":\"Article\",\"@id\":\"https:\\\/\\\/l21.mx\\\/?p=30321#article\",\"isPartOf\":{\"@id\":\"https:\\\/\\\/l21.mx\\\/?p=30321\"},\"author\":{\"name\":\"Latitud21 Redacci\u00f3n\",\"@id\":\"https:\\\/\\\/l21.mx\\\/#\\\/schema\\\/person\\\/4b571cc212089f95579f3b66253728f1\"},\"headline\":\"Autos &#8216;verdes&#8217; solo se vendieron 197 en los primeros nueve meses de 2017\",\"datePublished\":\"2018-01-08T22:07:02+00:00\",\"dateModified\":\"2018-01-09T17:29:17+00:00\",\"mainEntityOfPage\":{\"@id\":\"https:\\\/\\\/l21.mx\\\/?p=30321\"},\"wordCount\":425,\"commentCount\":0,\"publisher\":{\"@id\":\"https:\\\/\\\/l21.mx\\\/#organization\"},\"image\":{\"@id\":\"https:\\\/\\\/l21.mx\\\/?p=30321#primaryimage\"},\"thumbnailUrl\":\"https:\\\/\\\/l21.mx\\\/wp-content\\\/uploads\\\/2018\\\/01\\\/Leaf-Offset-View-Blade-Silver-1920x800.png.ximg_.m_12_h.smart_.png\",\"articleSection\":[\"Noticias\",\"Responsabilidad social\"],\"inLanguage\":\"es\",\"potentialAction\":[{\"@type\":\"CommentAction\",\"name\":\"Comment\",\"target\":[\"https:\\\/\\\/l21.mx\\\/?p=30321#respond\"]}]},{\"@type\":\"WebPage\",\"@id\":\"https:\\\/\\\/l21.mx\\\/?p=30321\",\"url\":\"https:\\\/\\\/l21.mx\\\/?p=30321\",\"name\":\"Autos 'verdes' solo se vendieron 197 en los primeros nueve meses de 2017 | Revista Latitud 21\",\"isPartOf\":{\"@id\":\"https:\\\/\\\/l21.mx\\\/#website\"},\"primaryImageOfPage\":{\"@id\":\"https:\\\/\\\/l21.mx\\\/?p=30321#primaryimage\"},\"image\":{\"@id\":\"https:\\\/\\\/l21.mx\\\/?p=30321#primaryimage\"},\"thumbnailUrl\":\"https:\\\/\\\/l21.mx\\\/wp-content\\\/uploads\\\/2018\\\/01\\\/Leaf-Offset-View-Blade-Silver-1920x800.png.ximg_.m_12_h.smart_.png\",\"datePublished\":\"2018-01-08T22:07:02+00:00\",\"dateModified\":\"2018-01-09T17:29:17+00:00\",\"description\":\"L21, Emprendedores y Negocios en el Caribe Mexicano, es la revista l\u00edder entre el Sector Empresarial y Tur\u00edstico del Caribe Mexicano.\",\"breadcrumb\":{\"@id\":\"https:\\\/\\\/l21.mx\\\/?p=30321#breadcrumb\"},\"inLanguage\":\"es\",\"potentialAction\":[{\"@type\":\"ReadAction\",\"target\":[\"https:\\\/\\\/l21.mx\\\/?p=30321\"]}]},{\"@type\":\"ImageObject\",\"inLanguage\":\"es\",\"@id\":\"https:\\\/\\\/l21.mx\\\/?p=30321#primaryimage\",\"url\":\"https:\\\/\\\/l21.mx\\\/wp-content\\\/uploads\\\/2018\\\/01\\\/Leaf-Offset-View-Blade-Silver-1920x800.png.ximg_.m_12_h.smart_.png\",\"contentUrl\":\"https:\\\/\\\/l21.mx\\\/wp-content\\\/uploads\\\/2018\\\/01\\\/Leaf-Offset-View-Blade-Silver-1920x800.png.ximg_.m_12_h.smart_.png\",\"width\":1440,\"height\":600},{\"@type\":\"BreadcrumbList\",\"@id\":\"https:\\\/\\\/l21.mx\\\/?p=30321#breadcrumb\",\"itemListElement\":[{\"@type\":\"ListItem\",\"position\":1,\"name\":\"Portada\",\"item\":\"https:\\\/\\\/l21.mx\\\/\"},{\"@type\":\"ListItem\",\"position\":2,\"name\":\"Autos &#8216;verdes&#8217; solo se vendieron 197 en los primeros nueve meses de 2017\"}]},{\"@type\":\"WebSite\",\"@id\":\"https:\\\/\\\/l21.mx\\\/#website\",\"url\":\"https:\\\/\\\/l21.mx\\\/\",\"name\":\"Revista Latitud 21\",\"description\":\"Emprendedores  y negocios en el Caribe Mexicano\",\"publisher\":{\"@id\":\"https:\\\/\\\/l21.mx\\\/#organization\"},\"potentialAction\":[{\"@type\":\"SearchAction\",\"target\":{\"@type\":\"EntryPoint\",\"urlTemplate\":\"https:\\\/\\\/l21.mx\\\/?s={search_term_string}\"},\"query-input\":{\"@type\":\"PropertyValueSpecification\",\"valueRequired\":true,\"valueName\":\"search_term_string\"}}],\"inLanguage\":\"es\"},{\"@type\":\"Organization\",\"@id\":\"https:\\\/\\\/l21.mx\\\/#organization\",\"name\":\"Grupo Editorial Latitud 21 SA de CV\",\"url\":\"https:\\\/\\\/l21.mx\\\/\",\"logo\":{\"@type\":\"ImageObject\",\"inLanguage\":\"es\",\"@id\":\"https:\\\/\\\/l21.mx\\\/#\\\/schema\\\/logo\\\/image\\\/\",\"url\":\"https:\\\/\\\/l21.mx\\\/wp-content\\\/uploads\\\/2020\\\/10\\\/logo-l21-baja.jpg\",\"contentUrl\":\"https:\\\/\\\/l21.mx\\\/wp-content\\\/uploads\\\/2020\\\/10\\\/logo-l21-baja.jpg\",\"width\":250,\"height\":250,\"caption\":\"Grupo Editorial Latitud 21 SA de CV\"},\"image\":{\"@id\":\"https:\\\/\\\/l21.mx\\\/#\\\/schema\\\/logo\\\/image\\\/\"},\"sameAs\":[\"https:\\\/\\\/www.facebook.com\\\/RevistaLatitud21\\\/\",\"https:\\\/\\\/x.com\\\/Latitud21mx\"]},{\"@type\":\"Person\",\"@id\":\"https:\\\/\\\/l21.mx\\\/#\\\/schema\\\/person\\\/4b571cc212089f95579f3b66253728f1\",\"name\":\"Latitud21 Redacci\u00f3n\",\"url\":\"https:\\\/\\\/l21.mx\\\/?author=2\"}]}<\/script>\n<!-- \/ Yoast SEO plugin. -->","yoast_head_json":{"title":"Autos 'verdes' solo se vendieron 197 en los primeros nueve meses de 2017 | Revista Latitud 21","description":"L21, Emprendedores y Negocios en el Caribe Mexicano, es la revista l\u00edder entre el Sector Empresarial y Tur\u00edstico del Caribe Mexicano.","robots":{"index":"index","follow":"follow","max-snippet":"max-snippet:-1","max-image-preview":"max-image-preview:large","max-video-preview":"max-video-preview:-1"},"canonical":"https:\/\/l21.mx\/?p=30321","twitter_card":"summary_large_image","twitter_title":"Autos 'verdes' solo se vendieron 197 en los primeros nueve meses de 2017 | Revista Latitud 21","twitter_description":"L21, Emprendedores y Negocios en el Caribe Mexicano, es la revista l\u00edder entre el Sector Empresarial y Tur\u00edstico del Caribe Mexicano.","twitter_image":"https:\/\/l21.mx\/wp-content\/uploads\/2018\/01\/Leaf-Offset-View-Blade-Silver-1920x800.png.ximg_.m_12_h.smart_.png","twitter_creator":"@Latitud21mx","twitter_site":"@Latitud21mx","twitter_misc":{"Escrito por":"Latitud21 Redacci\u00f3n","Tiempo de lectura":"2 minutos"},"schema":{"@context":"https:\/\/schema.org","@graph":[{"@type":"Article","@id":"https:\/\/l21.mx\/?p=30321#article","isPartOf":{"@id":"https:\/\/l21.mx\/?p=30321"},"author":{"name":"Latitud21 Redacci\u00f3n","@id":"https:\/\/l21.mx\/#\/schema\/person\/4b571cc212089f95579f3b66253728f1"},"headline":"Autos &#8216;verdes&#8217; solo se vendieron 197 en los primeros nueve meses de 2017","datePublished":"2018-01-08T22:07:02+00:00","dateModified":"2018-01-09T17:29:17+00:00","mainEntityOfPage":{"@id":"https:\/\/l21.mx\/?p=30321"},"wordCount":425,"commentCount":0,"publisher":{"@id":"https:\/\/l21.mx\/#organization"},"image":{"@id":"https:\/\/l21.mx\/?p=30321#primaryimage"},"thumbnailUrl":"https:\/\/l21.mx\/wp-content\/uploads\/2018\/01\/Leaf-Offset-View-Blade-Silver-1920x800.png.ximg_.m_12_h.smart_.png","articleSection":["Noticias","Responsabilidad social"],"inLanguage":"es","potentialAction":[{"@type":"CommentAction","name":"Comment","target":["https:\/\/l21.mx\/?p=30321#respond"]}]},{"@type":"WebPage","@id":"https:\/\/l21.mx\/?p=30321","url":"https:\/\/l21.mx\/?p=30321","name":"Autos 'verdes' solo se vendieron 197 en los primeros nueve meses de 2017 | Revista Latitud 21","isPartOf":{"@id":"https:\/\/l21.mx\/#website"},"primaryImageOfPage":{"@id":"https:\/\/l21.mx\/?p=30321#primaryimage"},"image":{"@id":"https:\/\/l21.mx\/?p=30321#primaryimage"},"thumbnailUrl":"https:\/\/l21.mx\/wp-content\/uploads\/2018\/01\/Leaf-Offset-View-Blade-Silver-1920x800.png.ximg_.m_12_h.smart_.png","datePublished":"2018-01-08T22:07:02+00:00","dateModified":"2018-01-09T17:29:17+00:00","description":"L21, Emprendedores y Negocios en el Caribe Mexicano, es la revista l\u00edder entre el Sector Empresarial y Tur\u00edstico del Caribe Mexicano.","breadcrumb":{"@id":"https:\/\/l21.mx\/?p=30321#breadcrumb"},"inLanguage":"es","potentialAction":[{"@type":"ReadAction","target":["https:\/\/l21.mx\/?p=30321"]}]},{"@type":"ImageObject","inLanguage":"es","@id":"https:\/\/l21.mx\/?p=30321#primaryimage","url":"https:\/\/l21.mx\/wp-content\/uploads\/2018\/01\/Leaf-Offset-View-Blade-Silver-1920x800.png.ximg_.m_12_h.smart_.png","contentUrl":"https:\/\/l21.mx\/wp-content\/uploads\/2018\/01\/Leaf-Offset-View-Blade-Silver-1920x800.png.ximg_.m_12_h.smart_.png","width":1440,"height":600},{"@type":"BreadcrumbList","@id":"https:\/\/l21.mx\/?p=30321#breadcrumb","itemListElement":[{"@type":"ListItem","position":1,"name":"Portada","item":"https:\/\/l21.mx\/"},{"@type":"ListItem","position":2,"name":"Autos &#8216;verdes&#8217; solo se vendieron 197 en los primeros nueve meses de 2017"}]},{"@type":"WebSite","@id":"https:\/\/l21.mx\/#website","url":"https:\/\/l21.mx\/","name":"Revista Latitud 21","description":"Emprendedores  y negocios en el Caribe Mexicano","publisher":{"@id":"https:\/\/l21.mx\/#organization"},"potentialAction":[{"@type":"SearchAction","target":{"@type":"EntryPoint","urlTemplate":"https:\/\/l21.mx\/?s={search_term_string}"},"query-input":{"@type":"PropertyValueSpecification","valueRequired":true,"valueName":"search_term_string"}}],"inLanguage":"es"},{"@type":"Organization","@id":"https:\/\/l21.mx\/#organization","name":"Grupo Editorial Latitud 21 SA de CV","url":"https:\/\/l21.mx\/","logo":{"@type":"ImageObject","inLanguage":"es","@id":"https:\/\/l21.mx\/#\/schema\/logo\/image\/","url":"https:\/\/l21.mx\/wp-content\/uploads\/2020\/10\/logo-l21-baja.jpg","contentUrl":"https:\/\/l21.mx\/wp-content\/uploads\/2020\/10\/logo-l21-baja.jpg","width":250,"height":250,"caption":"Grupo Editorial Latitud 21 SA de CV"},"image":{"@id":"https:\/\/l21.mx\/#\/schema\/logo\/image\/"},"sameAs":["https:\/\/www.facebook.com\/RevistaLatitud21\/","https:\/\/x.com\/Latitud21mx"]},{"@type":"Person","@id":"https:\/\/l21.mx\/#\/schema\/person\/4b571cc212089f95579f3b66253728f1","name":"Latitud21 Redacci\u00f3n","url":"https:\/\/l21.mx\/?author=2"}]}},"amp_enabled":true,"_links":{"self":[{"href":"https:\/\/l21.mx\/index.php?rest_route=\/wp\/v2\/posts\/30321","targetHints":{"allow":["GET"]}}],"collection":[{"href":"https:\/\/l21.mx\/index.php?rest_route=\/wp\/v2\/posts"}],"about":[{"href":"https:\/\/l21.mx\/index.php?rest_route=\/wp\/v2\/types\/post"}],"author":[{"embeddable":true,"href":"https:\/\/l21.mx\/index.php?rest_route=\/wp\/v2\/users\/2"}],"replies":[{"embeddable":true,"href":"https:\/\/l21.mx\/index.php?rest_route=%2Fwp%2Fv2%2Fcomments&post=30321"}],"version-history":[{"count":0,"href":"https:\/\/l21.mx\/index.php?rest_route=\/wp\/v2\/posts\/30321\/revisions"}],"wp:featuredmedia":[{"embeddable":true,"href":"https:\/\/l21.mx\/index.php?rest_route=\/wp\/v2\/media\/30322"}],"wp:attachment":[{"href":"https:\/\/l21.mx\/index.php?rest_route=%2Fwp%2Fv2%2Fmedia&parent=30321"}],"wp:term":[{"taxonomy":"category","embeddable":true,"href":"https:\/\/l21.mx\/index.php?rest_route=%2Fwp%2Fv2%2Fcategories&post=30321"},{"taxonomy":"post_tag","embeddable":true,"href":"https:\/\/l21.mx\/index.php?rest_route=%2Fwp%2Fv2%2Ftags&post=30321"}],"curies":[{"name":"wp","href":"https:\/\/api.w.org\/{rel}","templated":true}]}}