{"id":30385,"date":"2018-01-10T12:10:47","date_gmt":"2018-01-10T17:10:47","guid":{"rendered":"http:\/\/innovatori.space\/lat21\/?p=30385"},"modified":"2018-01-10T10:11:09","modified_gmt":"2018-01-10T15:11:09","slug":"proyectan-museo-de-la-tortuga-marina-en-akumal","status":"publish","type":"post","link":"https:\/\/l21.mx\/?p=30385","title":{"rendered":"Proyectan Museo de la Tortuga Marina en Akumal"},"content":{"rendered":"<p><img fetchpriority=\"high\" decoding=\"async\" class=\"aligncenter size-large wp-image-28928\" src=\"http:\/\/l21.mx\/wp-content\/uploads\/2017\/09\/nado-con-tortugas-akumal-1024x641.jpg\" alt=\"\" width=\"1024\" height=\"641\" srcset=\"https:\/\/l21.mx\/wp-content\/uploads\/2017\/09\/nado-con-tortugas-akumal-1024x641.jpg 1024w, https:\/\/l21.mx\/wp-content\/uploads\/2017\/09\/nado-con-tortugas-akumal-300x188.jpg 300w, https:\/\/l21.mx\/wp-content\/uploads\/2017\/09\/nado-con-tortugas-akumal-768x481.jpg 768w, https:\/\/l21.mx\/wp-content\/uploads\/2017\/09\/nado-con-tortugas-akumal-1170x733.jpg 1170w, https:\/\/l21.mx\/wp-content\/uploads\/2017\/09\/nado-con-tortugas-akumal-585x366.jpg 585w, https:\/\/l21.mx\/wp-content\/uploads\/2017\/09\/nado-con-tortugas-akumal.jpg 1236w\" sizes=\"(max-width: 1024px) 100vw, 1024px\" \/><\/p>\n<p><strong>Como parte del proceso de regularizaci\u00f3n e investigaci\u00f3n que se pretende desarrollar en uno de los puntos m\u00e1s importantes para la anidaci\u00f3n de la tortuga marina, los gobiernos federal, estatal y municipal, trabajan en la creaci\u00f3n del Centro de Atenci\u00f3n y Museo de la Tortuga Marina de Akumal.<\/strong><\/p>\n<p>El secretario de Ecolog\u00eda y Medio Ambiente (Sema), <strong>Alfredo Arellano Guillermo,<\/strong> explic\u00f3 que este espacio se establecer\u00e1 en una hect\u00e1rea al poniente de la carretera federal y el proyecto contempla una taquilla \u00fanica con precio fijo para que desde ah\u00ed los prestadores de servicio que actualmente operan en la zona costera de <strong>Akumal,<\/strong> realicen sus salidas a los recorridos contratados.<\/p>\n<p>Asimismo, dijo que debido a los enfrentamientos entre los que cuentan con permisos y los llamados \u201cpiratas\u201d que ofertan chalecos para entrar a la zona donde se encuentran las tortugas marinas, se han realizado reuniones entre los tres \u00f3rdenes de gobierno para regular esta situaci\u00f3n.<\/p>\n<p>\u201cEl proyecto avanza. Tenemos la certidumbre del predio, est\u00e1 en la entrada de Akumal y nos permitir\u00e1 dar la certidumbre del acceso a la zona de playas\u201d, agreg\u00f3.<\/p>\n<p>De igual forma, destac\u00f3 que estableciendo una cuota fija para el servicio del turismo se pondr\u00e1 orden y que como parte del proceso, se trabaja ya con el dise\u00f1o de la estrategia, buscando el financiamiento para que este proyecto pueda ser una realidad en el 2018.<\/p>\n<p>Reiter\u00f3 que los beneficios ser\u00e1 m\u00faltiples, primero en el sector social, pues se contar\u00e1 con una \u00e1rea donde puedan trabajar, interactuar con el turismo, e inclusive se pueda elevar el costo de los tours para generar una mejor derrama econ\u00f3mica.<\/p>\n<p>El funcionario coment\u00f3 que la imagen del desorden cambiar\u00e1 porque no habr\u00e1 vendedores acosando al visitante y las reglas de operaci\u00f3n ir\u00e1n encaminadas a la protecci\u00f3n de las tortugas.<\/p>\n<p>En cuanto a los prestadores de servicios, reconoce que hay algunas discrepancias sobre tener que moverse de sitio para poder hacer las ventas de tours.<\/p>\n<p>Sin embargo, asever\u00f3 que en el momento en que se hizo el planteamiento y aclar\u00f3 que no son todos los que operan de manera irregular y que algunos tambi\u00e9n se tienen que reubicar, se pudo ir salvando el proceso.<\/p>\n<p>De acuerdo con cifras que proporcion\u00f3, son m\u00e1s de 40 prestadores de servicios que regula la Comisi\u00f3n Nacional de \u00c1reas Naturales Protegidas (Conanp), y la Secretar\u00eda de Medio Ambiente y Recursos Naturales (Semarnat).<\/p>\n<p>Arellano Guillermo precis\u00f3 que en las reuniones con los prestadores de servicios a quienes ya se les present\u00f3 el proyecto del Centro de Atenci\u00f3n y Museo de la Tortuga Marina, han participado diversas autoridades municipales de Tulum.<\/p>\n<p>Al respecto, Euterpe Guti\u00e9rrez Valasis, secretaria general del Ayuntamiento del Pueblo M\u00e1gico de Tulum, coment\u00f3 que la autoridad comparte la idea de poner orden y que para lograrlo existe la alianza con los tres \u00f3rdenes de gobierno. (Notimex)<\/p>\n","protected":false},"excerpt":{"rendered":"<p>Como parte del proceso de regularizaci\u00f3n e investigaci\u00f3n que se pretende desarrollar en uno de los&hellip;<\/p>\n","protected":false},"author":2,"featured_media":0,"comment_status":"open","ping_status":"open","sticky":false,"template":"","format":"standard","meta":{"_acf_changed":false,"_lmt_disableupdate":"","_lmt_disable":"","_mbp_gutenberg_autopost":false,"footnotes":""},"categories":[23,8],"tags":[],"class_list":["post-30385","post","type-post","status-publish","format-standard","hentry","category-noticias","category-turismo"],"acf":[],"_links":{"self":[{"href":"https:\/\/l21.mx\/index.php?rest_route=\/wp\/v2\/posts\/30385","targetHints":{"allow":["GET"]}}],"collection":[{"href":"https:\/\/l21.mx\/index.php?rest_route=\/wp\/v2\/posts"}],"about":[{"href":"https:\/\/l21.mx\/index.php?rest_route=\/wp\/v2\/types\/post"}],"author":[{"embeddable":true,"href":"https:\/\/l21.mx\/index.php?rest_route=\/wp\/v2\/users\/2"}],"replies":[{"embeddable":true,"href":"https:\/\/l21.mx\/index.php?rest_route=%2Fwp%2Fv2%2Fcomments&post=30385"}],"version-history":[{"count":0,"href":"https:\/\/l21.mx\/index.php?rest_route=\/wp\/v2\/posts\/30385\/revisions"}],"wp:attachment":[{"href":"https:\/\/l21.mx\/index.php?rest_route=%2Fwp%2Fv2%2Fmedia&parent=30385"}],"wp:term":[{"taxonomy":"category","embeddable":true,"href":"https:\/\/l21.mx\/index.php?rest_route=%2Fwp%2Fv2%2Fcategories&post=30385"},{"taxonomy":"post_tag","embeddable":true,"href":"https:\/\/l21.mx\/index.php?rest_route=%2Fwp%2Fv2%2Ftags&post=30385"}],"curies":[{"name":"wp","href":"https:\/\/api.w.org\/{rel}","templated":true}]}}