{"id":30418,"date":"2018-01-11T10:27:27","date_gmt":"2018-01-11T15:27:27","guid":{"rendered":"http:\/\/innovatori.space\/lat21\/?p=30418"},"modified":"2018-01-11T10:27:53","modified_gmt":"2018-01-11T15:27:53","slug":"ya-puedes-imprimir-tu-acta-de-nacimiento-certificada-desde-casa","status":"publish","type":"post","link":"https:\/\/l21.mx\/?p=30418","title":{"rendered":"YA PUEDES IMPRIMIR TU ACTA DE NACIMIENTO CERTIFICADA DESDE CASA"},"content":{"rendered":"<div class=\"td-post-header\"><\/div>\n<div class=\"td-post-sharing td-post-sharing-top \"><\/div>\n<div class=\"td-post-content\">\n<div class=\"td-post-featured-image\">\u00a0<img fetchpriority=\"high\" decoding=\"async\" class=\"aligncenter size-full wp-image-30420\" src=\"http:\/\/l21.mx\/wp-content\/uploads\/2018\/01\/highlight_acta.jpg\" alt=\"\" width=\"750\" height=\"392\" srcset=\"https:\/\/l21.mx\/wp-content\/uploads\/2018\/01\/highlight_acta.jpg 750w, https:\/\/l21.mx\/wp-content\/uploads\/2018\/01\/highlight_acta-300x157.jpg 300w, https:\/\/l21.mx\/wp-content\/uploads\/2018\/01\/highlight_acta-585x306.jpg 585w\" sizes=\"(max-width: 750px) 100vw, 750px\" \/><\/div>\n<p>El <strong>auge digital<\/strong> cada vez llega a m\u00e1s actividades y servicios b\u00e1sicos en la sociedad. Y es que\u00a0existen 7 mil 500 millones de habitantes en el mundo, de ellos 2 mil millones 340 mil son usuarios de<strong> redes sociales<\/strong>, seg\u00fan datos proyectados por <em>Statista<\/em>.<\/p>\n<p>De ah\u00ed que n\u00fameros precisos de <em>eMarketer<\/em> proyectan que la cuota de marketing digital global crecer\u00e1 al 42 por ciento en 2018, en comparaci\u00f3n con el 31.5 por ciento de 2015.<\/p>\n<p>En M\u00e9xico, el <strong>Gobierno Federal <\/strong>dio un paso referente a la parte digital hoy, con la puesta en marcha del programa que permite que cualquier mexicano obtenga su <strong>acta de nacimiento<\/strong> certificad, sin necesidad de acudir a una instancia, como anteriormente se realizaba.<\/p>\n<p>Esta noticia gener\u00f3 la tendencia <strong>#ActaDeNacimiento,<\/strong> con 36 millones 6 mil 538 impresiones generadas en 14 millones 944 mil 907 cuentas de Twitter, de acuerdo con <em>TweetReach<\/em>.<\/p>\n<p>El presidente <strong>Enrique Pe\u00f1a Nieto<\/strong>, realiz\u00f3 el anuncio y dijo que: \u201clas actas obtenidas por internet son documentos legales y v\u00e1lidos, tanto en instituciones p\u00fablicas como privadas. Todas las autoridades est\u00e1n obligadas a aceptarlas y a contar con los mecanismos necesarios para verificar su autenticidad\u201d.<\/p>\n<p>Aqu\u00ed puedes descargar tu <strong>#ActaDeNacimiento:<\/strong><\/p>\n<p><a href=\"https:\/\/www.gob.mx\/ActaNacimiento\/\" target=\"_blank\" rel=\"noopener\">https:\/\/www.gob.mx\/ActaNacimiento\/<\/a><\/p>\n<p><img decoding=\"async\" class=\"aligncenter size-full wp-image-30419\" src=\"http:\/\/l21.mx\/wp-content\/uploads\/2018\/01\/26240696_1181975558599459_3053912589956223525_o.png\" alt=\"\" width=\"1000\" height=\"1000\" srcset=\"https:\/\/l21.mx\/wp-content\/uploads\/2018\/01\/26240696_1181975558599459_3053912589956223525_o.png 1000w, https:\/\/l21.mx\/wp-content\/uploads\/2018\/01\/26240696_1181975558599459_3053912589956223525_o-300x300.png 300w, https:\/\/l21.mx\/wp-content\/uploads\/2018\/01\/26240696_1181975558599459_3053912589956223525_o-150x150.png 150w, https:\/\/l21.mx\/wp-content\/uploads\/2018\/01\/26240696_1181975558599459_3053912589956223525_o-768x768.png 768w, https:\/\/l21.mx\/wp-content\/uploads\/2018\/01\/26240696_1181975558599459_3053912589956223525_o-585x585.png 585w\" sizes=\"(max-width: 1000px) 100vw, 1000px\" \/><\/p>\n<\/div>\n","protected":false},"excerpt":{"rendered":"<p>\u00a0 El auge digital cada vez llega a m\u00e1s actividades y servicios b\u00e1sicos en la sociedad.&hellip;<\/p>\n","protected":false},"author":2,"featured_media":30420,"comment_status":"open","ping_status":"open","sticky":false,"template":"","format":"standard","meta":{"_acf_changed":false,"_lmt_disableupdate":"","_lmt_disable":"","_mbp_gutenberg_autopost":false,"footnotes":""},"categories":[23,35],"tags":[],"class_list":["post-30418","post","type-post","status-publish","format-standard","has-post-thumbnail","hentry","category-noticias","category-responsabilidad-social"],"acf":[],"_links":{"self":[{"href":"https:\/\/l21.mx\/index.php?rest_route=\/wp\/v2\/posts\/30418","targetHints":{"allow":["GET"]}}],"collection":[{"href":"https:\/\/l21.mx\/index.php?rest_route=\/wp\/v2\/posts"}],"about":[{"href":"https:\/\/l21.mx\/index.php?rest_route=\/wp\/v2\/types\/post"}],"author":[{"embeddable":true,"href":"https:\/\/l21.mx\/index.php?rest_route=\/wp\/v2\/users\/2"}],"replies":[{"embeddable":true,"href":"https:\/\/l21.mx\/index.php?rest_route=%2Fwp%2Fv2%2Fcomments&post=30418"}],"version-history":[{"count":0,"href":"https:\/\/l21.mx\/index.php?rest_route=\/wp\/v2\/posts\/30418\/revisions"}],"wp:featuredmedia":[{"embeddable":true,"href":"https:\/\/l21.mx\/index.php?rest_route=\/wp\/v2\/media\/30420"}],"wp:attachment":[{"href":"https:\/\/l21.mx\/index.php?rest_route=%2Fwp%2Fv2%2Fmedia&parent=30418"}],"wp:term":[{"taxonomy":"category","embeddable":true,"href":"https:\/\/l21.mx\/index.php?rest_route=%2Fwp%2Fv2%2Fcategories&post=30418"},{"taxonomy":"post_tag","embeddable":true,"href":"https:\/\/l21.mx\/index.php?rest_route=%2Fwp%2Fv2%2Ftags&post=30418"}],"curies":[{"name":"wp","href":"https:\/\/api.w.org\/{rel}","templated":true}]}}