{"id":30517,"date":"2018-01-15T12:52:19","date_gmt":"2018-01-15T17:52:19","guid":{"rendered":"http:\/\/innovatori.space\/lat21\/?p=30517"},"modified":"2018-11-09T12:42:53","modified_gmt":"2018-11-09T17:42:53","slug":"centro-de-convenciones","status":"publish","type":"post","link":"https:\/\/l21.mx\/?p=30517","title":{"rendered":"\u2b06\u2b06  Centro de convenciones \u00a0"},"content":{"rendered":"<p><img fetchpriority=\"high\" decoding=\"async\" class=\"aligncenter size-full wp-image-30518\" src=\"http:\/\/l21.mx\/wp-content\/uploads\/2018\/01\/Centro-de-convenciones-.jpg\" alt=\"\" width=\"1200\" height=\"800\" srcset=\"https:\/\/l21.mx\/wp-content\/uploads\/2018\/01\/Centro-de-convenciones-.jpg 1200w, https:\/\/l21.mx\/wp-content\/uploads\/2018\/01\/Centro-de-convenciones--300x200.jpg 300w, https:\/\/l21.mx\/wp-content\/uploads\/2018\/01\/Centro-de-convenciones--1024x683.jpg 1024w, https:\/\/l21.mx\/wp-content\/uploads\/2018\/01\/Centro-de-convenciones--768x512.jpg 768w, https:\/\/l21.mx\/wp-content\/uploads\/2018\/01\/Centro-de-convenciones--1170x780.jpg 1170w, https:\/\/l21.mx\/wp-content\/uploads\/2018\/01\/Centro-de-convenciones--585x390.jpg 585w, https:\/\/l21.mx\/wp-content\/uploads\/2018\/01\/Centro-de-convenciones--263x175.jpg 263w\" sizes=\"(max-width: 1200px) 100vw, 1200px\" \/><\/p>\n<p>El hotel Paradisus Playa del Carmen La Perla y La Esmeralda inaugur\u00f3 su nuevo espacio para convenciones, con el que ampl\u00eda sus recintos destinados a la celebraci\u00f3n de eventos y congresos. Cuenta con un \u00e1rea de 436 m2, con capacidad para 400 asistentes en un montaje de auditorio con un equipo audiovisual de alta tecnolog\u00eda compuesto por tres proyectores para video blending y ocho pantallas vers\u00e1tiles. Calle Quinta Avenida, Col. Luis Donaldo Colosio, Playa del Carmen. Tel\u00e9fono: (984) 877-39-00. Correo electr\u00f3nico:paradisus.playadelcarmen@melia.com Facebook: Paradisus Playa del Carmen<\/p>\n","protected":false},"excerpt":{"rendered":"<p>El hotel Paradisus Playa del Carmen La Perla y La Esmeralda inaugur\u00f3 su nuevo espacio para&hellip;<\/p>\n","protected":false},"author":69,"featured_media":30518,"comment_status":"open","ping_status":"open","sticky":false,"template":"","format":"standard","meta":{"_acf_changed":false,"_lmt_disableupdate":"","_lmt_disable":"","_mbp_gutenberg_autopost":false,"footnotes":""},"categories":[10],"tags":[],"class_list":["post-30517","post","type-post","status-publish","format-standard","has-post-thumbnail","hentry","category-sube-y-baja"],"acf":[],"_links":{"self":[{"href":"https:\/\/l21.mx\/index.php?rest_route=\/wp\/v2\/posts\/30517","targetHints":{"allow":["GET"]}}],"collection":[{"href":"https:\/\/l21.mx\/index.php?rest_route=\/wp\/v2\/posts"}],"about":[{"href":"https:\/\/l21.mx\/index.php?rest_route=\/wp\/v2\/types\/post"}],"author":[{"embeddable":true,"href":"https:\/\/l21.mx\/index.php?rest_route=\/wp\/v2\/users\/69"}],"replies":[{"embeddable":true,"href":"https:\/\/l21.mx\/index.php?rest_route=%2Fwp%2Fv2%2Fcomments&post=30517"}],"version-history":[{"count":0,"href":"https:\/\/l21.mx\/index.php?rest_route=\/wp\/v2\/posts\/30517\/revisions"}],"wp:featuredmedia":[{"embeddable":true,"href":"https:\/\/l21.mx\/index.php?rest_route=\/wp\/v2\/media\/30518"}],"wp:attachment":[{"href":"https:\/\/l21.mx\/index.php?rest_route=%2Fwp%2Fv2%2Fmedia&parent=30517"}],"wp:term":[{"taxonomy":"category","embeddable":true,"href":"https:\/\/l21.mx\/index.php?rest_route=%2Fwp%2Fv2%2Fcategories&post=30517"},{"taxonomy":"post_tag","embeddable":true,"href":"https:\/\/l21.mx\/index.php?rest_route=%2Fwp%2Fv2%2Ftags&post=30517"}],"curies":[{"name":"wp","href":"https:\/\/api.w.org\/{rel}","templated":true}]}}