{"id":3052,"date":"2013-06-05T14:02:55","date_gmt":"2013-06-05T19:02:55","guid":{"rendered":"http:\/\/innovatori.space\/lat21\/?p=3052"},"modified":"2013-06-06T13:18:43","modified_gmt":"2013-06-06T18:18:43","slug":"nombramientos-abril-2013","status":"publish","type":"post","link":"https:\/\/l21.mx\/?p=3052","title":{"rendered":"Nombramientos Abril 2013"},"content":{"rendered":"<p><strong><span style=\"color: #993300;\">LINEAS AEREAS<\/span><\/strong><\/p>\n<p><strong><a href=\"http:\/\/l21.mx\/wp-content\/uploads\/2013\/06\/Eduardo-Tricio-Haro.jpg\" data-rel=\"penci-gallery-image-content\" ><img decoding=\"async\" class=\"alignleft size-thumbnail wp-image-3053\" title=\"Eduardo Tricio Haro\" src=\"http:\/\/l21.mx\/wp-content\/uploads\/2013\/06\/Eduardo-Tricio-Haro-150x150.jpg\" alt=\"\" width=\"150\" height=\"150\" \/><\/a>Eduardo\u00a0Tricio Haro\u00a0<\/strong>fue nombrado presidente del Consejo de Administraci\u00f3n de Aerom\u00e9xico en sustituci\u00f3n de Jos\u00e9 Luis Barraza.<\/p>\n<p><strong><span style=\"color: #993300;\">Lugar de origen:\u00a0<\/span><\/strong>Torre\u00f3n, Coahuila.<\/p>\n<p><strong><span style=\"color: #993300;\">Estudios:<\/span><\/strong>\u00a0Ingeniero Agr\u00f3nomo, Tecnol\u00f3gico de Monterrey.<\/p>\n<p><strong><span style=\"color: #993300;\">Desarrollo profesional:\u00a0<\/span><\/strong>Grupo Lala, Grupo Prolac del Sureste.<\/p>\n<p>&nbsp;<\/p>\n<p><strong><span style=\"color: #993300;\">HOTELES<\/span><\/strong><\/p>\n<p><strong><a href=\"http:\/\/l21.mx\/wp-content\/uploads\/2013\/06\/Carlos-Abaunza.jpg\" data-rel=\"penci-gallery-image-content\" ><img decoding=\"async\" class=\"alignleft size-thumbnail wp-image-3054\" title=\"Carlos Abaunza\" src=\"http:\/\/l21.mx\/wp-content\/uploads\/2013\/06\/Carlos-Abaunza-150x150.jpg\" alt=\"\" width=\"150\" height=\"150\" \/><\/a>Carlos Abaunza\u00a0<\/strong>asume la direcci\u00f3n general de Banyan Tree M\u00e9xico en lugar de Maximilian Lennkh.<\/p>\n<p><strong><span style=\"color: #993300;\">Lugar de origen:\u00a0<\/span><\/strong>Nicaragua.<\/p>\n<p><strong><span style=\"color: #993300;\">Estudios:\u00a0<\/span><\/strong>Programa de Gerentes\u00a0Generales, Administraci\u00f3n Hotelera y Programa Ejecutivo en Alimentos y Bebidas. Escuela Hotelera Bergen County\u00a0Community College, New Jersey, y Universidad de Cornell.<\/p>\n<p><strong><span style=\"color: #993300;\">Desarrollo profesional:\u00a0<\/span><\/strong>Hilton Internacional, Hilton\u00a0Canc\u00fan, Embassy Suites\u00a0Seacaucus, New Jersey, The Ritz Carlton Canc\u00fan<\/p>\n<p>&nbsp;<\/p>\n<p><strong><span style=\"color: #993300;\">GOBIERNO<\/span><\/strong><\/p>\n<p><strong><a href=\"http:\/\/l21.mx\/wp-content\/uploads\/2013\/06\/NESTOR-COMUNICACION.jpg\" data-rel=\"penci-gallery-image-content\" ><img decoding=\"async\" class=\"alignleft size-thumbnail wp-image-3055\" title=\"NESTOR COMUNICACION\" src=\"http:\/\/l21.mx\/wp-content\/uploads\/2013\/06\/NESTOR-COMUNICACION-150x150.jpg\" alt=\"\" width=\"150\" height=\"150\" \/><\/a>N\u00e9stor\u00a0Mart\u00ednez\u00a0<\/strong>ocupa el cargo de director\u00a0general de Comunicaci\u00f3n Social de la\u00a0 Secretar\u00eda de\u00a0Turismo, sustituyendo a Servando Gonz\u00e1lez Mu\u00f1oz.<\/p>\n<p><strong><span style=\"color: #993300;\">Lugar de origen:\u00a0<\/span><\/strong>Ciudad de M\u00e9xico.<\/p>\n<p><strong><span style=\"color: #993300;\">Estudios:\u00a0<\/span><\/strong>Periodismo, Escuela Carlos Septi\u00e9n.<\/p>\n<p><strong><span style=\"color: #993300;\">Desarrollo profesional:\u00a0<\/span><\/strong>Senado de la Rep\u00fablica; Poder Judicial Federal; Universidad Nacional Aut\u00f3noma de M\u00e9xico (UNAM); Instituto Federal Electoral (IFE).<\/p>\n<p>&nbsp;<\/p>\n<p><span style=\"color: #993300;\"><strong>HOTELES<\/strong><\/span><\/p>\n<p><strong><a href=\"http:\/\/l21.mx\/wp-content\/uploads\/2013\/06\/Michel-Albahari.jpg\" data-rel=\"penci-gallery-image-content\" ><img loading=\"lazy\" decoding=\"async\" class=\"alignleft size-thumbnail wp-image-3056\" title=\"Michel Albahari\" src=\"http:\/\/l21.mx\/wp-content\/uploads\/2013\/06\/Michel-Albahari-150x150.jpg\" alt=\"\" width=\"150\" height=\"150\" \/><\/a>Michel Albahari Nielsen\u00a0<\/strong>es el nuevo director corporativo de Ventas y Marketing de Grupo Omni en relevo de Scott Balesteri.<\/p>\n<p><strong><span style=\"color: #993300;\">Lugar de origen:\u00a0<\/span><\/strong>Caracas, Venezuela.<\/p>\n<p><strong><span style=\"color: #993300;\">Arribo a Canc\u00fan:\u00a0<\/span><\/strong>2001<\/p>\n<p><strong><span style=\"color: #993300;\">Estudios:\u00a0<\/span><\/strong>Graduado de Hoteler\u00eda, Universidad R\u00f3mulo Gallegos, Venezuela;\u00a0Management, Cornell University, NY.<\/p>\n<p><strong><span style=\"color: #993300;\">Desarrollo profesional:\u00a0<\/span><\/strong>InterContinental Hotels; Radisson\u00a0Hotels, Ecuador; hoteles Meli\u00e1,\u00a0Punta Cana y Canc\u00fan; hoteles\u00a0Paradisus Resorts, SuperClubs.<\/p>\n<p>&nbsp;<\/p>\n<p><strong><span style=\"color: #993300;\">EMPRESAS<\/span><\/strong><\/p>\n<p><strong><a href=\"http:\/\/l21.mx\/wp-content\/uploads\/2013\/06\/JOSE-RAUL-MORA-CARDENAS.jpg\" data-rel=\"penci-gallery-image-content\" ><img loading=\"lazy\" decoding=\"async\" class=\"alignleft size-thumbnail wp-image-3057\" title=\"JOSE RAUL MORA CARDENAS\" src=\"http:\/\/l21.mx\/wp-content\/uploads\/2013\/06\/JOSE-RAUL-MORA-CARDENAS-150x150.jpg\" alt=\"\" width=\"150\" height=\"150\" \/><\/a>Jos\u00e9 Ra\u00fal\u00a0Mora\u00a0<\/strong>fue designado director\u00a0de Ventas de Puerto Canc\u00fan. (Puesto de nueva creaci\u00f3n)<\/p>\n<p><strong><span style=\"color: #993300;\">Lugar de origen:\u00a0<\/span><\/strong>M\u00e9xico, DF.<\/p>\n<p><strong><span style=\"color: #993300;\">Arribo a Canc\u00fan:\u00a0<\/span><\/strong>1988<\/p>\n<p><strong><span style=\"color: #993300;\">Estudios:\u00a0<\/span><\/strong>Licenciatura en Turismo. Universidad La Salle Canc\u00fan.<\/p>\n<p><strong><span style=\"color: #993300;\">Desarrollo profesional:\u00a0<\/span><\/strong>Hotel Meli\u00e1 Canc\u00fan, Olympus Tours, Alltournative, Excell Tours, Novo Canc\u00fan.<\/p>\n<p>&nbsp;<\/p>\n<p><strong><span style=\"color: #993300;\">AGENCIAS\u00a0AUTOMOTRICES<\/span><\/strong><\/p>\n<p><strong><a href=\"http:\/\/l21.mx\/wp-content\/uploads\/2013\/06\/ALFONSO-ZU\u00d1IGA.jpg\" data-rel=\"penci-gallery-image-content\" ><img loading=\"lazy\" decoding=\"async\" class=\"alignleft size-thumbnail wp-image-3058\" title=\"ALFONSO ZU\u00d1IGA\" src=\"http:\/\/l21.mx\/wp-content\/uploads\/2013\/06\/ALFONSO-ZU\u00d1IGA-150x150.jpg\" alt=\"\" width=\"150\" height=\"150\" \/><\/a>Alfonso Z\u00fa\u00f1iga\u00a0<\/strong>fue seleccionado gerente de Mercadotecnia de Mazda Canc\u00fan en sustituci\u00f3n de\u00a0 Ana Carrera.<\/p>\n<p><strong><span style=\"color: #993300;\">Lugar de origen:<\/span><\/strong>\u00a0Chetumal, Quintana Roo.<\/p>\n<p><strong><span style=\"color: #993300;\">Arribo a Canc\u00fan:<\/span><\/strong>\u00a02005<\/p>\n<p><strong><span style=\"color: #993300;\">Estudios:\u00a0<\/span><\/strong>Mercadotecnia y Maestr\u00eda en Administraci\u00f3n, Universidad La Salle.<\/p>\n<p><strong><span style=\"color: #993300;\">Desarrollo profesional:\u00a0<\/span><\/strong>ADO, Transportadora Tur\u00edstica Guacamaya.<\/p>\n<p>&nbsp;<\/p>\n<p><strong><span style=\"color: #993300;\">EMPRESAS<\/span><\/strong><\/p>\n<p><strong><a href=\"http:\/\/l21.mx\/wp-content\/uploads\/2013\/06\/Alejandro-Rosel-Ramirez.jpg\" data-rel=\"penci-gallery-image-content\" ><img loading=\"lazy\" decoding=\"async\" class=\"alignleft size-thumbnail wp-image-3059\" title=\"Alejandro Rosel Ramirez\" src=\"http:\/\/l21.mx\/wp-content\/uploads\/2013\/06\/Alejandro-Rosel-Ramirez-150x150.jpg\" alt=\"\" width=\"150\" height=\"150\" \/><\/a>Alejandro Rosel\u00a0<\/strong>fue nombrado gerente de Relaciones\u00a0Institucionales del Aeropuerto de\u00a0Canc\u00fan. (Puesto de nueva creaci\u00f3n).<\/p>\n<p><strong><span style=\"color: #993300;\">Lugar de origen:\u00a0<\/span><\/strong>M\u00e9rida, Yucat\u00e1n.<\/p>\n<p><strong><span style=\"color: #993300;\">Arribo a Canc\u00fan:\u00a0<\/span><\/strong>2013<\/p>\n<p><strong><span style=\"color: #993300;\">Estudios:\u00a0<\/span><\/strong>Licenciado en Ciencias de la Comunicaci\u00f3n, Universidad An\u00e1huac Mayab.<\/p>\n<p><strong><span style=\"color: #993300;\">Desarrollo profesional:<\/span><\/strong>\u00a0Grupo Sipse, Asur M\u00e9rida, Universidad An\u00e1huac Mayab, Grupo Rivas.<\/p>\n<p>&nbsp;<\/p>\n<p><strong><span style=\"color: #993300;\">GOBIERNO<\/span><\/strong><\/p>\n<p><strong><a href=\"http:\/\/l21.mx\/wp-content\/uploads\/2013\/06\/Francisco_Elizondo_Garrido.jpg\" data-rel=\"penci-gallery-image-content\" ><img loading=\"lazy\" decoding=\"async\" class=\"alignleft size-thumbnail wp-image-3060\" title=\"Francisco_Elizondo_Garrido\" src=\"http:\/\/l21.mx\/wp-content\/uploads\/2013\/06\/Francisco_Elizondo_Garrido-150x150.jpg\" alt=\"\" width=\"150\" height=\"150\" \/><\/a>Francisco Elizondo\u00a0<\/strong>fue seleccionado director del Centro SCT en Quintana Roo en sustituci\u00f3n de Miguel Angel N\u00fa\u00f1ez.<\/p>\n<p><strong><span style=\"color: #993300;\">Lugar de origen:\u00a0<\/span><\/strong>Veracruz, Ver.<\/p>\n<p><strong><span style=\"color: #993300;\">Arribo a Chetumal:\u00a0<\/span><\/strong>2010<\/p>\n<p><strong><span style=\"color: #993300;\">Estudios:<\/span><\/strong>\u00a0Derecho, Universidad\u00a0An\u00e1huac del Norte.<\/p>\n<p>Desarrollo profesional:\u00a0Congreso de Veracruz, Congreso\u00a0de Quintana Roo, C\u00e1mara\u00a0de Diputados, Gobierno de Quintana Roo, despachos Barrag\u00e1n, Medina y Asociados, y Noriega y Escobedo.<\/p>\n<p>&nbsp;<\/p>\n<p><strong><span style=\"color: #993300;\">ASOCIACIONES<\/span><\/strong><\/p>\n<p><strong><a href=\"http:\/\/l21.mx\/wp-content\/uploads\/2013\/06\/LAURA-ZAPATA-CASTILLO.jpg\" data-rel=\"penci-gallery-image-content\" ><img loading=\"lazy\" decoding=\"async\" class=\"alignleft size-thumbnail wp-image-3061\" title=\"LAURA ZAPATA  CASTILLO\" src=\"http:\/\/l21.mx\/wp-content\/uploads\/2013\/06\/LAURA-ZAPATA-CASTILLO-150x150.jpg\" alt=\"\" width=\"150\" height=\"150\" \/><\/a>Laura Zapata\u00a0<\/strong>fue elegida presidenta de la Asociaci\u00f3n Mexicana de Profesionales Inmobiliarios (AMPI) cap\u00edtulo Playa del Carmen. (Puesto de nueva creaci\u00f3n).<\/p>\n<p><strong><span style=\"color: #993300;\">Lugar de origen:<\/span><\/strong>\u00a0Corpus Christi, Texas.<\/p>\n<p><strong><span style=\"color: #993300;\">Arribo a Playa del Carmen:\u00a0<\/span><\/strong>1996<\/p>\n<p><strong><span style=\"color: #993300;\">Estudios:<\/span><\/strong>\u00a0Marketing y Textiles,\u00a0Universidad de Austin, Texas.<\/p>\n<p><strong><span style=\"color: #993300;\">Desarrollo profesional:\u00a0<\/span><\/strong>Seaview Properties.<\/p>\n<p>&nbsp;<\/p>\n<p><strong><span style=\"color: #993300;\">CAMARAS<\/span><\/strong><\/p>\n<p><strong><a href=\"http:\/\/l21.mx\/wp-content\/uploads\/2013\/06\/MARIO-GAHUTHIER.jpg\" data-rel=\"penci-gallery-image-content\" ><img loading=\"lazy\" decoding=\"async\" class=\"alignleft size-thumbnail wp-image-3062\" title=\"MARIO GAHUTHIER\" src=\"http:\/\/l21.mx\/wp-content\/uploads\/2013\/06\/MARIO-GAHUTHIER-150x150.jpg\" alt=\"\" width=\"150\" height=\"150\" \/><\/a>Mario Gauthier<\/strong>asume la presidencia\u00a0de la C\u00e1mara Empresarial\u00a0de Qu\u00e9bec en la Riviera Maya. (Puesto de nueva creaci\u00f3n).<\/p>\n<p><strong><span style=\"color: #993300;\">Lugar de origen:<\/span><\/strong>\u00a0Laval, Qu\u00e9bec, Canad\u00e1.<\/p>\n<p><strong><span style=\"color: #993300;\">Arribo a Playa del Carmen:\u00a0<\/span><\/strong>2010<\/p>\n<p><strong><span style=\"color: #993300;\">Estudios:<\/span><\/strong>\u00a0Administraci\u00f3n p\u00fablica,\u00a0Coll\u00e8ge Ahuntsic.<\/p>\n<p><strong><span style=\"color: #993300;\">Desarrollo profesional:\u00a0<\/span><\/strong>Mayaventure,\u00a0Ville de Montr\u00e9al.<\/p>\n<p>&nbsp;<\/p>\n<p><strong><span style=\"color: #993300;\">RESTAURANTES<\/span><\/strong><\/p>\n<p><strong><a href=\"http:\/\/l21.mx\/wp-content\/uploads\/2013\/06\/PAOLA-MOGUEL.jpg\" data-rel=\"penci-gallery-image-content\" ><img loading=\"lazy\" decoding=\"async\" class=\"alignleft size-thumbnail wp-image-3063\" title=\"PAOLA MOGUEL\" src=\"http:\/\/l21.mx\/wp-content\/uploads\/2013\/06\/PAOLA-MOGUEL-150x150.jpg\" alt=\"\" width=\"150\" height=\"150\" \/><\/a>Paola Moguel\u00a0<\/strong>ocupa el puesto de gerente de Ventas de La Destiler\u00eda en lugar de Deniss Jalil.<\/p>\n<p><strong><span style=\"color: #993300;\">Lugar de origen:<\/span><\/strong>\u00a0M\u00e9rida, Yucat\u00e1n.<\/p>\n<p><strong><span style=\"color: #993300;\">Arribo a Canc\u00fan:\u00a0<\/span><\/strong>2013<\/p>\n<p><strong><span style=\"color: #993300;\">Estudios:\u00a0<\/span><\/strong>Administraci\u00f3n de empresas, Universidad del Nuevo Mundo; Psicolog\u00eda, Universidad del Valle de M\u00e9xico.<\/p>\n<p><strong><span style=\"color: #993300;\">Desarrollo profesional:\u00a0<\/span><\/strong>Jules Learning.<\/p>\n<p>&nbsp;<\/p>\n<p><strong><span style=\"color: #993300;\">MEDIOS DE\u00a0COMUNICACION<\/span><\/strong><\/p>\n<p><strong><a href=\"http:\/\/l21.mx\/wp-content\/uploads\/2013\/06\/MILTON-LOPEZ-1.jpg\" data-rel=\"penci-gallery-image-content\" ><img loading=\"lazy\" decoding=\"async\" class=\"alignleft size-thumbnail wp-image-3064\" title=\"MILTON LOPEZ (1)\" src=\"http:\/\/l21.mx\/wp-content\/uploads\/2013\/06\/MILTON-LOPEZ-1-150x150.jpg\" alt=\"\" width=\"150\" height=\"150\" \/><\/a>Milton L\u00f3pez<\/strong>\u00a0fue nombrado gerente administrativo de Grupo Editorial Latitud21 en sustituci\u00f3n de Clara San Rom\u00e1n.<\/p>\n<p><strong><span style=\"color: #993300;\">Lugar de origen:\u00a0<\/span><\/strong>Acapulco, Guerrero.<\/p>\n<p><strong><span style=\"color: #993300;\">Arribo a Canc\u00fan:<\/span><\/strong>\u00a01998<\/p>\n<p><strong><span style=\"color: #993300;\">Estudios:\u00a0<\/span><\/strong>Contadur\u00eda P\u00fablica,\u00a0Universidad Americana\u00a0de Acapulco.<\/p>\n<p><strong><span style=\"color: #993300;\">Desarrollo profesional:\u00a0<\/span><\/strong>Transportes Lipu, Dolphin\u00a0Discovery, Construrama Dial.<\/p>\n<p>&nbsp;<\/p>\n<p>[editor]nombramientos[\/editor]<\/p>\n<div><\/div>\n<p>&nbsp;<\/p>\n","protected":false},"excerpt":{"rendered":"<p>LINEAS AEREAS Eduardo\u00a0Tricio Haro\u00a0fue nombrado presidente del Consejo de Administraci\u00f3n de Aerom\u00e9xico en sustituci\u00f3n de Jos\u00e9&hellip;<\/p>\n","protected":false},"author":2,"featured_media":3064,"comment_status":"open","ping_status":"open","sticky":false,"template":"","format":"standard","meta":{"_acf_changed":false,"_lmt_disableupdate":"","_lmt_disable":"","_mbp_gutenberg_autopost":false,"footnotes":""},"categories":[9],"tags":[63,65,62,48,64,61],"class_list":["post-3052","post","type-post","status-publish","format-standard","has-post-thumbnail","hentry","category-nombramientos","tag-caribe-mexicano","tag-grupo-editorial-latitud21","tag-revista-latitud21","tag-cancun","tag-latitud-21","tag-latitud21"],"acf":[],"_links":{"self":[{"href":"https:\/\/l21.mx\/index.php?rest_route=\/wp\/v2\/posts\/3052","targetHints":{"allow":["GET"]}}],"collection":[{"href":"https:\/\/l21.mx\/index.php?rest_route=\/wp\/v2\/posts"}],"about":[{"href":"https:\/\/l21.mx\/index.php?rest_route=\/wp\/v2\/types\/post"}],"author":[{"embeddable":true,"href":"https:\/\/l21.mx\/index.php?rest_route=\/wp\/v2\/users\/2"}],"replies":[{"embeddable":true,"href":"https:\/\/l21.mx\/index.php?rest_route=%2Fwp%2Fv2%2Fcomments&post=3052"}],"version-history":[{"count":0,"href":"https:\/\/l21.mx\/index.php?rest_route=\/wp\/v2\/posts\/3052\/revisions"}],"wp:featuredmedia":[{"embeddable":true,"href":"https:\/\/l21.mx\/index.php?rest_route=\/wp\/v2\/media\/3064"}],"wp:attachment":[{"href":"https:\/\/l21.mx\/index.php?rest_route=%2Fwp%2Fv2%2Fmedia&parent=3052"}],"wp:term":[{"taxonomy":"category","embeddable":true,"href":"https:\/\/l21.mx\/index.php?rest_route=%2Fwp%2Fv2%2Fcategories&post=3052"},{"taxonomy":"post_tag","embeddable":true,"href":"https:\/\/l21.mx\/index.php?rest_route=%2Fwp%2Fv2%2Ftags&post=3052"}],"curies":[{"name":"wp","href":"https:\/\/api.w.org\/{rel}","templated":true}]}}