{"id":3066,"date":"2013-06-05T17:17:45","date_gmt":"2013-06-05T22:17:45","guid":{"rendered":"http:\/\/innovatori.space\/lat21\/?p=3066"},"modified":"2013-06-06T13:18:43","modified_gmt":"2013-06-06T18:18:43","slug":"nombramientos-mayo-2013","status":"publish","type":"post","link":"https:\/\/l21.mx\/?p=3066","title":{"rendered":"Nombramientos Mayo 2013"},"content":{"rendered":"<p style=\"text-align: center;\"><span style=\"color: #993300;\"><strong>HOTELES<\/strong><\/span><\/p>\n<ul>\n<li><strong><a href=\"http:\/\/l21.mx\/wp-content\/uploads\/2013\/06\/marco_soria.jpg\" data-rel=\"penci-gallery-image-content\" ><img decoding=\"async\" class=\"alignleft size-thumbnail wp-image-3067\" title=\"marco_soria\" src=\"http:\/\/l21.mx\/wp-content\/uploads\/2013\/06\/marco_soria-150x150.jpg\" alt=\"\" width=\"150\" height=\"150\" \/><\/a>Marco Soria\u00a0<\/strong>fue designado gerente general\u00a0del Sunscape Sabor Cozumel\u00a0y Secrets Aura Cozumel.\u00a0(Puesto de nueva creaci\u00f3n).<\/li>\n<li><strong><span style=\"color: #993300;\">Lugar de origen:\u00a0<\/span><\/strong>N\u00e1poles, Italia.<\/li>\n<li><strong><span style=\"color: #993300;\">Arribo a Canc\u00fan:\u00a0<\/span><\/strong>2012<\/li>\n<li><strong><span style=\"color: #993300;\">Estudios:\u00a0<\/span><\/strong>Mercados Financieros, Instituto Universitario Naval.<\/li>\n<li><strong><span style=\"color: #993300;\">Desarrollo profesional:<\/span><\/strong>\u00a0Hoteles Royal Hideway, Secrets Royal Beach, Sunscape Curacao, Dreams Punta Cana, Papagayo Curacao.<\/li>\n<\/ul>\n<p style=\"text-align: center;\"><strong><span style=\"color: #993300;\">HOTELES<\/span><\/strong><\/p>\n<ul>\n<li><strong><a href=\"http:\/\/l21.mx\/wp-content\/uploads\/2013\/06\/Hugo-Lecanda.jpg\" data-rel=\"penci-gallery-image-content\" ><img decoding=\"async\" class=\"alignleft size-thumbnail wp-image-3068\" title=\"Hugo Lecanda\" src=\"http:\/\/l21.mx\/wp-content\/uploads\/2013\/06\/Hugo-Lecanda-150x150.jpg\" alt=\"\" width=\"150\" height=\"150\" \/><\/a>Hugo Lecanda\u00a0<\/strong>es el nuevo director\u00a0general del hotel\u00a0The Ritz-Carlton Canc\u00fan\u00a0en sustituci\u00f3n de\u00a0Carlos Abaunza.<\/li>\n<li><strong><span style=\"color: #993300;\">Lugar de origen:\u00a0<\/span><\/strong>Canc\u00fan, Quintana Roo.<\/li>\n<li><strong><span style=\"color: #993300;\">Estudios:\u00a0<\/span><\/strong>Maestr\u00eda en Administraci\u00f3n\u00a0de Negocios, Universidad\u00a0de Londres.<\/li>\n<li><strong><span style=\"color: #993300;\">Desarrollo profesional:<\/span><\/strong>\u00a0JW Marriott Canc\u00fan,\u00a0JW Marriott Quito, Grupo Posadas.<\/li>\n<\/ul>\n<p style=\"text-align: center;\"><strong><span style=\"color: #993300;\">HOTELES<\/span><\/strong><\/p>\n<ul>\n<li><strong><a href=\"http:\/\/l21.mx\/wp-content\/uploads\/2013\/06\/MARISOL-LLANOS.jpg\" data-rel=\"penci-gallery-image-content\" ><img decoding=\"async\" class=\"alignleft size-thumbnail wp-image-3070\" title=\"MARISOL LLANOS\" src=\"http:\/\/l21.mx\/wp-content\/uploads\/2013\/06\/MARISOL-LLANOS-150x150.jpg\" alt=\"\" width=\"150\" height=\"150\" \/><\/a>Marisol Llanos\u00a0<\/strong>asume la direcci\u00f3n de Relaciones P\u00fablicas del hotel Nizuc Resorts &amp; Spa.<\/li>\n<li><strong><span style=\"color: #993300;\">Lugar de origen:\u00a0<\/span><\/strong>Ciudad de M\u00e9xico.<\/li>\n<li><strong><span style=\"color: #993300;\">Arribo a Canc\u00fan:\u00a0<\/span><\/strong>1991<\/li>\n<li><strong><span style=\"color: #993300;\">Estudios:\u00a0<\/span><\/strong>Turismo Internacional,\u00a0Universidad An\u00e1huac.<\/li>\n<li><strong><span style=\"color: #993300;\">Desarrollo profesional:<\/span><\/strong>\u00a0Grupo Palace, Pineda Coval\u00edn, Prosugosa.<\/li>\n<\/ul>\n<p>&nbsp;<\/p>\n<p style=\"text-align: center;\"><span style=\"color: #993300;\"><strong>RESTAURANTES<\/strong><\/span><\/p>\n<ul>\n<li><strong><a href=\"http:\/\/l21.mx\/wp-content\/uploads\/2013\/06\/FRANCISCO-RAMIREZ.jpg\" data-rel=\"penci-gallery-image-content\" ><img loading=\"lazy\" decoding=\"async\" class=\"alignleft size-thumbnail wp-image-3071\" title=\"FRANCISCO RAMIREZ\" src=\"http:\/\/l21.mx\/wp-content\/uploads\/2013\/06\/FRANCISCO-RAMIREZ-150x150.jpg\" alt=\"\" width=\"150\" height=\"150\" \/><\/a>Francisco Ram\u00edrez\u00a0<\/strong>fue nombrado gerente\u00a0de operaciones de\u00a0Pasteleter\u00eda Restaurante\u00a0(Puesto de nueva creaci\u00f3n).<\/li>\n<li><strong><span style=\"color: #993300;\">Lugar de origen:\u00a0<\/span><\/strong>Ciudad de M\u00e9xico.<\/li>\n<li><strong><span style=\"color: #993300;\">Arribo a Canc\u00fan:\u00a0<\/span><\/strong>2008<\/li>\n<li><strong><span style=\"color: #993300;\">Estudios:<\/span><\/strong>\u00a0Gastronom\u00eda,\u00a0UNAM.<\/li>\n<li><strong><span style=\"color: #993300;\">Desarrollo profesional:\u00a0<\/span><\/strong>La Pasteleter\u00eda,\u00a0Italianni\u00b4s.<\/li>\n<\/ul>\n<p>&nbsp;<\/p>\n<p style=\"text-align: center;\"><strong><span style=\"color: #993300;\">HOTELES<\/span><\/strong><\/p>\n<ul>\n<li><strong><a href=\"http:\/\/l21.mx\/wp-content\/uploads\/2013\/06\/MARTIN-SILVA.jpg\" data-rel=\"penci-gallery-image-content\" ><img loading=\"lazy\" decoding=\"async\" class=\"alignleft size-thumbnail wp-image-3072\" title=\"MARTIN SILVA\" src=\"http:\/\/l21.mx\/wp-content\/uploads\/2013\/06\/MARTIN-SILVA-150x150.jpg\" alt=\"\" width=\"150\" height=\"150\" \/><\/a>Mart\u00edn Silva\u00a0<\/strong>fue elegido gerente del hotel Aloft Canc\u00fan.\u00a0(Puesto de nueva creaci\u00f3n).<\/li>\n<li><strong><span style=\"color: #993300;\">Lugar de origen:\u00a0<\/span><\/strong>Uruguay.<\/li>\n<li><strong><span style=\"color: #993300;\">Arribo a Canc\u00fan:\u00a0<\/span><\/strong>2003<\/li>\n<li><span style=\"color: #993300;\"><strong>Estudios:\u00a0<\/strong><\/span>Hoteler\u00eda, Escuela de Hoteler\u00eda de Uruguay.<\/li>\n<li><strong><span style=\"color: #993300;\">Desarrollo profesional:\u00a0<\/span><\/strong>Sheraton Canc\u00fan,\u00a0Westin Canc\u00fan,\u00a0Westin Puerto Vallarta.<\/li>\n<\/ul>\n<p>&nbsp;<\/p>\n<p style=\"text-align: center;\"><strong><span style=\"color: #993300;\">HOTELES<\/span><\/strong><\/p>\n<ul>\n<li><strong><a href=\"http:\/\/l21.mx\/wp-content\/uploads\/2013\/06\/MARIO-GARDU\u00d1O.jpg\" data-rel=\"penci-gallery-image-content\" ><img loading=\"lazy\" decoding=\"async\" class=\"alignleft size-thumbnail wp-image-3073\" title=\"MARIO GARDU\u00d1O\" src=\"http:\/\/l21.mx\/wp-content\/uploads\/2013\/06\/MARIO-GARDU\u00d1O-150x150.jpg\" alt=\"\" width=\"150\" height=\"150\" \/><\/a>Mario Gardu\u00f1o\u00a0<\/strong>releva a Magdalena Flores\u00a0en el cargo de gerente de\u00a0Recursos Humanos en el hotel\u00a0Iberostar Playa Para\u00edso.<\/li>\n<li><strong><span style=\"color: #993300;\">Lugar de origen:\u00a0<\/span><\/strong>M\u00e9rida, Yucat\u00e1n.<\/li>\n<li><strong><span style=\"color: #993300;\">Arribo a Canc\u00fan:\u00a0<\/span><\/strong>1986<\/li>\n<li><strong><span style=\"color: #993300;\">Estudios:\u00a0<\/span><\/strong>Tecnol\u00f3gico de Canc\u00fan.<\/li>\n<li><strong><span style=\"color: #993300;\">Desarrollo profesional:<\/span><\/strong>\u00a0JW Marriott,\u00a0Casa Magna.<\/li>\n<\/ul>\n<p>&nbsp;<\/p>\n<p style=\"text-align: center;\"><strong><span style=\"color: #993300;\">HOTELES<\/span><\/strong><\/p>\n<ul>\n<li><strong><a href=\"http:\/\/l21.mx\/wp-content\/uploads\/2013\/06\/Marco-Salinas..jpg\" data-rel=\"penci-gallery-image-content\" ><img loading=\"lazy\" decoding=\"async\" class=\"alignleft size-thumbnail wp-image-3074\" title=\"Marco Salinas.\" src=\"http:\/\/l21.mx\/wp-content\/uploads\/2013\/06\/Marco-Salinas.-150x150.jpg\" alt=\"\" width=\"150\" height=\"150\" \/><\/a>Marco Salinas\u00a0<\/strong>fue designado gerente general\u00a0del Canc\u00fan Bay Resort.\u00a0(Puesto de nueva creaci\u00f3n).<\/li>\n<li><span style=\"color: #993300;\"><strong>Lugar de origen:<\/strong><\/span>\u00a0Aguascalientes, Ags.<\/li>\n<li><strong><span style=\"color: #993300;\">Arribo a Canc\u00fan:\u00a0<\/span><\/strong>2002<\/li>\n<li><strong><span style=\"color: #993300;\">Estudios:\u00a0<\/span><\/strong>Turismo, Universidad\u00a0Aut\u00f3noma de Aguascalientes.<\/li>\n<li><strong><span style=\"color: #993300;\">Desarrollo profesional:<\/span><\/strong>\u00a0Hoteles Omni, Holiday Inn\u00a0Canc\u00fan, Arenas Barcel\u00f3,\u00a0Tucancun Beach Resort.<\/li>\n<\/ul>\n<p>&nbsp;<\/p>\n<p style=\"text-align: center;\"><strong><span style=\"color: #993300;\">HOTELES<\/span><\/strong><\/p>\n<ul>\n<li><strong><a href=\"http:\/\/l21.mx\/wp-content\/uploads\/2013\/06\/rita_morales.jpg\" data-rel=\"penci-gallery-image-content\" ><img loading=\"lazy\" decoding=\"async\" class=\"alignleft size-thumbnail wp-image-3075\" title=\"rita_morales\" src=\"http:\/\/l21.mx\/wp-content\/uploads\/2013\/06\/rita_morales-150x150.jpg\" alt=\"\" width=\"150\" height=\"150\" \/><\/a>Rita Morales\u00a0<\/strong>fue nombrada directora de Ventas de los hoteles Sunscape Sabor Cozumel y Secrets Aura Cozumel. (Puesto de nueva creaci\u00f3n)<\/li>\n<li><strong><span style=\"color: #993300;\">Lugar de origen:<\/span><\/strong>\u00a0Aguascalientes, Ags.<\/li>\n<li><strong><span style=\"color: #993300;\">Arribo a Canc\u00fan:\u00a0<\/span><\/strong>2012<\/li>\n<li><strong><span style=\"color: #993300;\">Estudios:\u00a0<\/span><\/strong>Administraci\u00f3n Hotelera,\u00a0Escuela Panamericana de Hoteler\u00eda.<\/li>\n<li><strong><span style=\"color: #993300;\">Desarrollo profesional:<\/span> <\/strong>Consejo de Promoci\u00f3n Tur\u00edstica de Cozumel, Hotel El Cozumele\u00f1o, Fiesta Americana Cozumel, Fiesta Americana Grand Los Cabos, Fiesta Inn Boca del R\u00edo, Veracruz.<\/li>\n<\/ul>\n<p>&nbsp;<\/p>\n<p style=\"text-align: center;\"><strong><span style=\"color: #993300;\">RESTAURANTES<\/span><\/strong><\/p>\n<ul>\n<li><strong><a href=\"http:\/\/l21.mx\/wp-content\/uploads\/2013\/06\/PATRICIA-YEDRO.jpg\" data-rel=\"penci-gallery-image-content\" ><img loading=\"lazy\" decoding=\"async\" class=\"alignleft size-thumbnail wp-image-3076\" title=\"PATRICIA YEDRO\" src=\"http:\/\/l21.mx\/wp-content\/uploads\/2013\/06\/PATRICIA-YEDRO-150x150.jpg\" alt=\"\" width=\"150\" height=\"150\" \/><\/a>Patricia Yedro\u00a0<\/strong>asume la gerencia de Ventas y \u00a0Relaciones P\u00fablicas de Grupo Gaucho House (Puesto de nueva creaci\u00f3n).<\/li>\n<li><strong><span style=\"color: #993300;\">\u00a0Lugar de origen:\u00a0<\/span><\/strong>Concordia, Entre R\u00edos, Argentina.<\/li>\n<li><strong><span style=\"color: #993300;\">Arribo a Canc\u00fan:<\/span><\/strong>\u00a02011<\/li>\n<li><strong><span style=\"color: #993300;\">Estudios:\u00a0<\/span><\/strong>Administraci\u00f3n de Hoteler\u00eda y Turismo.Universidad de Quilmes Buenos Aires,\u00a0 Especializaci\u00f3n en Eventos.<\/li>\n<li><strong><span style=\"color: #993300;\">Desarrollo profesional:\u00a0<\/span><\/strong>Restaurante Cenacolo Canc\u00fan,\u00a0Ocean World Rep\u00fablica Dominicana,\u00a0El Mercado, Hotel Faena Buenos Aires.<\/li>\n<\/ul>\n<p>&nbsp;<\/p>\n<p style=\"text-align: center;\"><strong><span style=\"color: #993300;\">EMPRESAS<\/span><\/strong><\/p>\n<ul>\n<li><strong><a href=\"http:\/\/l21.mx\/wp-content\/uploads\/2013\/06\/JOSE-ROBERTO-MEDINA.jpg\" data-rel=\"penci-gallery-image-content\" ><img loading=\"lazy\" decoding=\"async\" class=\"alignleft size-thumbnail wp-image-3077\" title=\"JOSE ROBERTO MEDINA\" src=\"http:\/\/l21.mx\/wp-content\/uploads\/2013\/06\/JOSE-ROBERTO-MEDINA-150x150.jpg\" alt=\"\" width=\"150\" height=\"150\" \/><\/a>Jos\u00e9 Roberto Medina\u00a0<\/strong>fue nombrado gerente de S\u00faper\u00a0Papeler\u00edas Tony Canc\u00fan en\u00a0sustituci\u00f3n de Adriana Garc\u00eda.<\/li>\n<li><strong><span style=\"color: #993300;\">Lugar de origen:\u00a0<\/span><\/strong>Ciudad de M\u00e9xico.<\/li>\n<li><strong><span style=\"color: #993300;\">Arribo a Canc\u00fan:\u00a0<\/span><\/strong>2000<\/li>\n<li><strong><span style=\"color: #993300;\">Estudios:\u00a0<\/span><\/strong>Mercadotecnia, especialidad y postgrado en log\u00edstica estrat\u00e9gica y publicidad, UNITEC.<\/li>\n<li><strong><span style=\"color: #993300;\">Desarrollo profesional:<\/span><\/strong>\u00a0Niplito, Grupo Wall-Mart.<\/li>\n<\/ul>\n<p>&nbsp;<\/p>\n<p style=\"text-align: center;\"><strong><span style=\"color: #993300;\">RESTAURANTES<\/span><\/strong><\/p>\n<ul>\n<li><strong><a href=\"http:\/\/l21.mx\/wp-content\/uploads\/2013\/06\/FERNANDO-LAMP.jpg\" data-rel=\"penci-gallery-image-content\" ><img loading=\"lazy\" decoding=\"async\" class=\"alignleft size-thumbnail wp-image-3078\" title=\"FERNANDO LAMP\" src=\"http:\/\/l21.mx\/wp-content\/uploads\/2013\/06\/FERNANDO-LAMP-150x150.jpg\" alt=\"\" width=\"150\" height=\"150\" \/><\/a>Fernando Lamp\u00a0<\/strong>fue nombrado director\u00a0de Grupo Gaucho House.\u00a0(Puesto de nueva creaci\u00f3n).<\/li>\n<li><strong><span style=\"color: #993300;\">Lugar de origen:<\/span><\/strong>\u00a0Avellaneda,\u00a0 Argentina.<\/li>\n<li><strong><span style=\"color: #993300;\">Arribo a Canc\u00fan:<\/span><\/strong>\u00a02009<\/li>\n<li><strong><span style=\"color: #993300;\">Estudios:\u00a0<\/span><\/strong>Administraci\u00f3n, Universidad\u00a0de California, Los Angeles, Calif.<\/li>\n<li><strong><span style=\"color: #993300;\">Desarrollo profesional:\u00a0<\/span><\/strong>Grupo Empresarial\u00a0Hollywood Rock.<\/li>\n<\/ul>\n<p>&nbsp;<\/p>\n<p style=\"text-align: center;\"><strong><span style=\"color: #993300;\">EMPRESAS<\/span><\/strong><\/p>\n<ul>\n<li><strong><a href=\"http:\/\/l21.mx\/wp-content\/uploads\/2013\/06\/ROBERTO-MALDONADO.jpg\" data-rel=\"penci-gallery-image-content\" ><img loading=\"lazy\" decoding=\"async\" class=\"alignleft size-thumbnail wp-image-3079\" title=\"ROBERTO MALDONADO\" src=\"http:\/\/l21.mx\/wp-content\/uploads\/2013\/06\/ROBERTO-MALDONADO-150x150.jpg\" alt=\"\" width=\"150\" height=\"150\" \/><\/a>Roberto Maldonado\u00a0<\/strong>ocupa el cargo de director\u00a0de Desarrollos del Lak\u00e1m Center. (Puesto de nueva creaci\u00f3n).<\/li>\n<li><span style=\"color: #993300;\"><strong>Lugar de origen:<\/strong><\/span>\u00a0Monterrey,\u00a0Nuevo Le\u00f3n.<\/li>\n<li><strong><span style=\"color: #993300;\">Arribo a Canc\u00fan:<\/span><\/strong>\u00a02003<\/li>\n<li><strong><span style=\"color: #993300;\">Estudios:\u00a0<\/span><\/strong>Arquitectura, Universidad\u00a0Aut\u00f3noma de Nuevo Le\u00f3n.<\/li>\n<li><strong><span style=\"color: #993300;\">Desarrollo profesional:\u00a0<\/span><\/strong>Escala Gerencia de Proyectos, Optima Energ\u00eda, Hoteles Solaris de M\u00e9xico, U-Calli, BP-RIO Riviera Maya.<\/li>\n<\/ul>\n<p>[editor]nombramientos[\/editor]<\/p>\n<div><\/div>\n","protected":false},"excerpt":{"rendered":"<p>HOTELES Marco Soria\u00a0fue designado gerente general\u00a0del Sunscape Sabor Cozumel\u00a0y Secrets Aura Cozumel.\u00a0(Puesto de nueva creaci\u00f3n). Lugar&hellip;<\/p>\n","protected":false},"author":2,"featured_media":3079,"comment_status":"open","ping_status":"open","sticky":false,"template":"","format":"standard","meta":{"_acf_changed":false,"_lmt_disableupdate":"","_lmt_disable":"","_mbp_gutenberg_autopost":false,"footnotes":""},"categories":[9],"tags":[63,65,62,48,64,61],"class_list":["post-3066","post","type-post","status-publish","format-standard","has-post-thumbnail","hentry","category-nombramientos","tag-caribe-mexicano","tag-grupo-editorial-latitud21","tag-revista-latitud21","tag-cancun","tag-latitud-21","tag-latitud21"],"acf":[],"_links":{"self":[{"href":"https:\/\/l21.mx\/index.php?rest_route=\/wp\/v2\/posts\/3066","targetHints":{"allow":["GET"]}}],"collection":[{"href":"https:\/\/l21.mx\/index.php?rest_route=\/wp\/v2\/posts"}],"about":[{"href":"https:\/\/l21.mx\/index.php?rest_route=\/wp\/v2\/types\/post"}],"author":[{"embeddable":true,"href":"https:\/\/l21.mx\/index.php?rest_route=\/wp\/v2\/users\/2"}],"replies":[{"embeddable":true,"href":"https:\/\/l21.mx\/index.php?rest_route=%2Fwp%2Fv2%2Fcomments&post=3066"}],"version-history":[{"count":0,"href":"https:\/\/l21.mx\/index.php?rest_route=\/wp\/v2\/posts\/3066\/revisions"}],"wp:featuredmedia":[{"embeddable":true,"href":"https:\/\/l21.mx\/index.php?rest_route=\/wp\/v2\/media\/3079"}],"wp:attachment":[{"href":"https:\/\/l21.mx\/index.php?rest_route=%2Fwp%2Fv2%2Fmedia&parent=3066"}],"wp:term":[{"taxonomy":"category","embeddable":true,"href":"https:\/\/l21.mx\/index.php?rest_route=%2Fwp%2Fv2%2Fcategories&post=3066"},{"taxonomy":"post_tag","embeddable":true,"href":"https:\/\/l21.mx\/index.php?rest_route=%2Fwp%2Fv2%2Ftags&post=3066"}],"curies":[{"name":"wp","href":"https:\/\/api.w.org\/{rel}","templated":true}]}}