{"id":30741,"date":"2018-01-30T11:06:13","date_gmt":"2018-01-30T16:06:13","guid":{"rendered":"http:\/\/innovatori.space\/lat21\/?p=30741"},"modified":"2018-01-30T11:07:09","modified_gmt":"2018-01-30T16:07:09","slug":"una-cama-inteligente-que-aprende-como-duermes","status":"publish","type":"post","link":"https:\/\/l21.mx\/?p=30741","title":{"rendered":"Una cama inteligente que aprende c\u00f3mo duermes"},"content":{"rendered":"<h1><img fetchpriority=\"high\" decoding=\"async\" class=\"aligncenter size-full wp-image-30744\" src=\"http:\/\/l21.mx\/wp-content\/uploads\/2018\/01\/ibed-flex.jpg\" alt=\"\" width=\"830\" height=\"400\" srcset=\"https:\/\/l21.mx\/wp-content\/uploads\/2018\/01\/ibed-flex.jpg 830w, https:\/\/l21.mx\/wp-content\/uploads\/2018\/01\/ibed-flex-300x145.jpg 300w, https:\/\/l21.mx\/wp-content\/uploads\/2018\/01\/ibed-flex-768x370.jpg 768w, https:\/\/l21.mx\/wp-content\/uploads\/2018\/01\/ibed-flex-585x282.jpg 585w\" sizes=\"(max-width: 830px) 100vw, 830px\" \/><\/h1>\n<div class=\"content\">\n<div class=\"field-subtitulo\">\n<ul>\n<li><strong>iBedFlex incorpora un sistema que monitoriza el sue\u00f1o de forma continuada<\/strong><\/li>\n<li><strong>La informaci\u00f3n generada ofrece tanto datos cuantitativos como cualitativos<\/strong><\/li>\n<\/ul>\n<\/div>\n<div class=\"time-author\"><\/div>\n<div class=\"image_notice\">\n<div class=\"field-video-noticia\">\n<div class=\"embedded-video\">\n<div class=\"player\"><iframe src=\"https:\/\/www.youtube.com\/embed\/pdSkBvismCU?width=620px&amp;height=330px&amp;theme=dark&amp;autoplay=0&amp;vq=large&amp;rel=0&amp;showinfo=1&amp;modestbranding=0&amp;iv_load_policy=1&amp;autohide=2&amp;start=0&amp;wmode=opaque\" width=\"620px\" height=\"330px\" frameborder=\"0\" allowfullscreen=\"allowfullscreen\" data-mce-fragment=\"1\"><\/iframe><\/div>\n<\/div>\n<\/div>\n<div>\n<div class=\"field-body\">\n<div class=\"field-items\">\n<div class=\"field-item even\">\n<p>Llega al mercado un nuevo concepto de cama de la mano de Flex. <strong>iBedFlex<\/strong> es el primer colch\u00f3n realmente inteligente que se adapta a las necesidades concretas de cada persona en funci\u00f3n de su anatom\u00eda y de las costumbres posturales que se adoptan al <strong>dormir<\/strong>.<\/p>\n<p>Con este lanzamiento <strong>Flex<\/strong> da un paso m\u00e1s en su b\u00fasqueda por lograr el descanso perfecto, reparador y de calidad.<\/p>\n<p><strong>La revoluci\u00f3n tecnol\u00f3gica detr\u00e1s de iBedFlex<\/strong><\/p>\n<p>El sistema iBedFlex es un punto de inflexi\u00f3n en la <strong>forma de dormir<\/strong>. Si hasta ahora se eleg\u00eda el colch\u00f3n principalmente por su firmeza, ahora es la cama la que se adapta a la persona seg\u00fan sus caracter\u00edsticas f\u00edsicas.<\/p>\n<div class=\"summary-new\">A trav\u00e9s de la aplicaci\u00f3n el usuario puede personalizar su cama regulando zonas y niveles de firmeza<\/div>\n<p><strong>iBedFlex<\/strong> incorpora un sistema conectado a una aplicaci\u00f3n m\u00f3vil que monitoriza el sue\u00f1o de manera continuada durante las horas de descanso, obteniendo as\u00ed informaci\u00f3n detallada sobre <strong>c\u00f3mo duerme cada persona<\/strong>. Esos datos ayudan a corregir posibles problemas de cervicales, espalda o circulaci\u00f3n. E incluso dolor en las articulaciones, as\u00ed como una mejora de los h\u00e1bitos que influyen en la calidad del sue\u00f1o.<\/p>\n<p>A trav\u00e9s de la aplicaci\u00f3n el usuario puede <strong>personalizar su cama<\/strong>, regulando ocho zonas configurables y elegir hasta seis niveles de firmeza diferentes.<\/p>\n<p>Con la informaci\u00f3n generada en el dispositivo conocemos datos cuantitativos (como el n\u00famero de horas dormidas) y otros de car\u00e1cter cualitativo (\u00edndice de calidad del sue\u00f1o). Adem\u00e1s la app permite transferir los par\u00e1metros personales a otro <strong>iBedFlex<\/strong> que el usuario disponga en una vivienda distinta.<\/p>\n<p>Tom\u00e1s Romero, Director de Innovaci\u00f3n y Desarrollo del Grupo <strong>Flex <\/strong>ha explicado que<em> \u201ces una revoluci\u00f3n total a lo que estamos acostumbrados hasta ahora, el resultado del trabajo desarrollado por el equipo de I+D de Flex, que ha conseguido lanzar la primera cama inteligente del mercado que permite ofrecer un descanso personalizado y adaptable d\u00eda a d\u00eda\u201d<\/em>.<\/p>\n<\/div>\n<\/div>\n<\/div>\n<\/div>\n<\/div>\n<\/div>\n","protected":false},"excerpt":{"rendered":"<p>iBedFlex incorpora un sistema que monitoriza el sue\u00f1o de forma continuada La informaci\u00f3n generada ofrece tanto&hellip;<\/p>\n","protected":false},"author":2,"featured_media":30744,"comment_status":"open","ping_status":"open","sticky":false,"template":"","format":"standard","meta":{"_acf_changed":false,"_lmt_disableupdate":"","_lmt_disable":"","_mbp_gutenberg_autopost":false,"footnotes":""},"categories":[4,23],"tags":[],"class_list":["post-30741","post","type-post","status-publish","format-standard","has-post-thumbnail","hentry","category-empresas-y-negocios","category-noticias"],"acf":[],"_links":{"self":[{"href":"https:\/\/l21.mx\/index.php?rest_route=\/wp\/v2\/posts\/30741","targetHints":{"allow":["GET"]}}],"collection":[{"href":"https:\/\/l21.mx\/index.php?rest_route=\/wp\/v2\/posts"}],"about":[{"href":"https:\/\/l21.mx\/index.php?rest_route=\/wp\/v2\/types\/post"}],"author":[{"embeddable":true,"href":"https:\/\/l21.mx\/index.php?rest_route=\/wp\/v2\/users\/2"}],"replies":[{"embeddable":true,"href":"https:\/\/l21.mx\/index.php?rest_route=%2Fwp%2Fv2%2Fcomments&post=30741"}],"version-history":[{"count":0,"href":"https:\/\/l21.mx\/index.php?rest_route=\/wp\/v2\/posts\/30741\/revisions"}],"wp:featuredmedia":[{"embeddable":true,"href":"https:\/\/l21.mx\/index.php?rest_route=\/wp\/v2\/media\/30744"}],"wp:attachment":[{"href":"https:\/\/l21.mx\/index.php?rest_route=%2Fwp%2Fv2%2Fmedia&parent=30741"}],"wp:term":[{"taxonomy":"category","embeddable":true,"href":"https:\/\/l21.mx\/index.php?rest_route=%2Fwp%2Fv2%2Fcategories&post=30741"},{"taxonomy":"post_tag","embeddable":true,"href":"https:\/\/l21.mx\/index.php?rest_route=%2Fwp%2Fv2%2Ftags&post=30741"}],"curies":[{"name":"wp","href":"https:\/\/api.w.org\/{rel}","templated":true}]}}