{"id":3103,"date":"2013-06-06T12:07:05","date_gmt":"2013-06-06T17:07:05","guid":{"rendered":"http:\/\/innovatori.space\/lat21\/?p=3103"},"modified":"2013-06-06T13:18:42","modified_gmt":"2013-06-06T18:18:42","slug":"reunion-de-embajadores-europeos","status":"publish","type":"post","link":"https:\/\/l21.mx\/?p=3103","title":{"rendered":"Reuni\u00f3n de embajadores europeos"},"content":{"rendered":"<p><a href=\"http:\/\/l21.mx\/wp-content\/uploads\/2013\/06\/SHOWCASE-2.jpg\" data-rel=\"penci-gallery-image-content\" ><img fetchpriority=\"high\" decoding=\"async\" class=\"aligncenter size-large wp-image-3104\" title=\"SHOWCASE (2)\" src=\"http:\/\/l21.mx\/wp-content\/uploads\/2013\/06\/SHOWCASE-2-1024x679.jpg\" alt=\"\" width=\"1024\" height=\"679\" srcset=\"https:\/\/l21.mx\/wp-content\/uploads\/2013\/06\/SHOWCASE-2-1024x679.jpg 1024w, https:\/\/l21.mx\/wp-content\/uploads\/2013\/06\/SHOWCASE-2-300x199.jpg 300w, https:\/\/l21.mx\/wp-content\/uploads\/2013\/06\/SHOWCASE-2-128x85.jpg 128w, https:\/\/l21.mx\/wp-content\/uploads\/2013\/06\/SHOWCASE-2-600x398.jpg 600w, https:\/\/l21.mx\/wp-content\/uploads\/2013\/06\/SHOWCASE-2-167x110.jpg 167w, https:\/\/l21.mx\/wp-content\/uploads\/2013\/06\/SHOWCASE-2-80x53.jpg 80w, https:\/\/l21.mx\/wp-content\/uploads\/2013\/06\/SHOWCASE-2.jpg 1500w\" sizes=\"(max-width: 1024px) 100vw, 1024px\" \/><\/a><\/p>\n<p><strong><span style=\"color: #993300;\">Qu\u00e9:\u00a0<\/span>Reuni\u00f3n de embajadores europeos<\/strong><\/p>\n<p><strong><span style=\"color: #993300;\">D\u00f3nde:<\/span>\u00a0Playa del Carmen<\/strong><\/p>\n<p><strong><span style=\"color: #993300;\">Cu\u00e1ndo:<\/span>\u00a0Mayo 2013<\/strong><\/p>\n<p>El gobernador del estado, Roberto Borge, inaugur\u00f3 en este polo tur\u00edstico la segunda Reuni\u00f3n de Embajadores de la Uni\u00f3n Europea y la delegaci\u00f3n europea en la Riviera Maya. Entre los temas que se abordaron en este encuentro, que reuni\u00f3 a 12 representantes de la diplomacia europea, estuvieron el reforzamiento de la promoci\u00f3n tur\u00edstica de M\u00e9xico en el Viejo Continente y la generaci\u00f3n de mayores conexiones entre los pa\u00edses de la UE con los destinos de Quintana Roo. Marie Anne Coninsx, embajadora extraordinaria y plenipotenciaria de la delegaci\u00f3n europea, Edmund Duckwitz, embajador de la Rep\u00fablica Federal de Alemania, fueron algunas de las personalidades que participaron en este evento privado. Asimismo estuvieron presentes Rodolfo L\u00f3pez Negrete, director general del CPTM; el ministro Fernando Espinoza Olivera, director general adjunto para la UE de la Secretar\u00eda de Relaciones Exteriores; Jos\u00e9 Salvador S\u00e1nchez, subsecretario de Planeaci\u00f3n Tur\u00edstica de la Sectur, en representaci\u00f3n de la secretaria de Turismo, Claudia Ruiz Massieu, as\u00ed como c\u00f3nsules honorarios y representantes del sector tur\u00edstico de los tres \u00f3rdenes de gobierno.<\/p>\n<p>[editor]bitacora[\/editor]<\/p>\n<div><\/div>\n<div><\/div>\n","protected":false},"excerpt":{"rendered":"<p>Qu\u00e9:\u00a0Reuni\u00f3n de embajadores europeos D\u00f3nde:\u00a0Playa del Carmen Cu\u00e1ndo:\u00a0Mayo 2013 El gobernador del estado, Roberto Borge, inaugur\u00f3&hellip;<\/p>\n","protected":false},"author":2,"featured_media":3105,"comment_status":"open","ping_status":"open","sticky":false,"template":"","format":"standard","meta":{"_acf_changed":false,"_lmt_disableupdate":"","_lmt_disable":"","_mbp_gutenberg_autopost":false,"footnotes":""},"categories":[1],"tags":[63,65,62,48,64,61],"class_list":["post-3103","post","type-post","status-publish","format-standard","has-post-thumbnail","hentry","category-sin-categoria","tag-caribe-mexicano","tag-grupo-editorial-latitud21","tag-revista-latitud21","tag-cancun","tag-latitud-21","tag-latitud21"],"acf":[],"_links":{"self":[{"href":"https:\/\/l21.mx\/index.php?rest_route=\/wp\/v2\/posts\/3103","targetHints":{"allow":["GET"]}}],"collection":[{"href":"https:\/\/l21.mx\/index.php?rest_route=\/wp\/v2\/posts"}],"about":[{"href":"https:\/\/l21.mx\/index.php?rest_route=\/wp\/v2\/types\/post"}],"author":[{"embeddable":true,"href":"https:\/\/l21.mx\/index.php?rest_route=\/wp\/v2\/users\/2"}],"replies":[{"embeddable":true,"href":"https:\/\/l21.mx\/index.php?rest_route=%2Fwp%2Fv2%2Fcomments&post=3103"}],"version-history":[{"count":0,"href":"https:\/\/l21.mx\/index.php?rest_route=\/wp\/v2\/posts\/3103\/revisions"}],"wp:featuredmedia":[{"embeddable":true,"href":"https:\/\/l21.mx\/index.php?rest_route=\/wp\/v2\/media\/3105"}],"wp:attachment":[{"href":"https:\/\/l21.mx\/index.php?rest_route=%2Fwp%2Fv2%2Fmedia&parent=3103"}],"wp:term":[{"taxonomy":"category","embeddable":true,"href":"https:\/\/l21.mx\/index.php?rest_route=%2Fwp%2Fv2%2Fcategories&post=3103"},{"taxonomy":"post_tag","embeddable":true,"href":"https:\/\/l21.mx\/index.php?rest_route=%2Fwp%2Fv2%2Ftags&post=3103"}],"curies":[{"name":"wp","href":"https:\/\/api.w.org\/{rel}","templated":true}]}}