{"id":31033,"date":"2018-02-12T18:46:26","date_gmt":"2018-02-12T23:46:26","guid":{"rendered":"http:\/\/innovatori.space\/lat21\/?p=31033"},"modified":"2018-02-12T18:46:49","modified_gmt":"2018-02-12T23:46:49","slug":"nuevo-director-del-hotel-can-cuch-de-barcelona","status":"publish","type":"post","link":"https:\/\/l21.mx\/?p=31033","title":{"rendered":"Nuevo director del Hotel Can Cuch de Barcelona"},"content":{"rendered":"<header><img fetchpriority=\"high\" decoding=\"async\" class=\"aligncenter size-full wp-image-31034\" src=\"http:\/\/l21.mx\/wp-content\/uploads\/2018\/02\/Stefan-Janer-hotel-can-cuch.jpg\" alt=\"\" width=\"400\" height=\"475\" srcset=\"https:\/\/l21.mx\/wp-content\/uploads\/2018\/02\/Stefan-Janer-hotel-can-cuch.jpg 400w, https:\/\/l21.mx\/wp-content\/uploads\/2018\/02\/Stefan-Janer-hotel-can-cuch-253x300.jpg 253w\" sizes=\"(max-width: 400px) 100vw, 400px\" \/> <strong>Stefan Janer<\/strong> fue nombrado a principios de mes director anfitri\u00f3n del <strong>Hotel Can Cuch<\/strong>, un establecimiento de 4 estrellas dentro del Parque Natural del Montseny, muy cercano a <strong>Barcelona.<\/strong>Diplomado en servicios de restauraci\u00f3n por la Escuela Superior de Hosteler\u00eda de Sevilla, Janer trabaj\u00f3 durante varios a\u00f1o en la cadena<strong> Ritz-Carlton (Hotel Arts y Rit-Carlton Powerscourt Dubl\u00edn)<\/strong> y en restaurantes de renombre como Mugaritz, con dos estrellas Michel\u00edn.<\/p>\n<p>Inici\u00f3 su trayectoria como director de hotel en <strong>BlueBay<\/strong>, participando en la apertura del BlueBay City Barcelona Sant Cugat). Posteriormente se traslad\u00f3 a Catalu\u00f1a para dirigir el Reding Croma Barcelona.<strong> (Hosteltur)<\/strong><\/p>\n<\/header>\n","protected":false},"excerpt":{"rendered":"<p>Stefan Janer fue nombrado a principios de mes director anfitri\u00f3n del Hotel Can Cuch, un establecimiento&hellip;<\/p>\n","protected":false},"author":2,"featured_media":31034,"comment_status":"open","ping_status":"open","sticky":false,"template":"","format":"standard","meta":{"_acf_changed":false,"_lmt_disableupdate":"","_lmt_disable":"","_mbp_gutenberg_autopost":false,"footnotes":""},"categories":[4,23],"tags":[],"class_list":["post-31033","post","type-post","status-publish","format-standard","has-post-thumbnail","hentry","category-empresas-y-negocios","category-noticias"],"acf":[],"_links":{"self":[{"href":"https:\/\/l21.mx\/index.php?rest_route=\/wp\/v2\/posts\/31033","targetHints":{"allow":["GET"]}}],"collection":[{"href":"https:\/\/l21.mx\/index.php?rest_route=\/wp\/v2\/posts"}],"about":[{"href":"https:\/\/l21.mx\/index.php?rest_route=\/wp\/v2\/types\/post"}],"author":[{"embeddable":true,"href":"https:\/\/l21.mx\/index.php?rest_route=\/wp\/v2\/users\/2"}],"replies":[{"embeddable":true,"href":"https:\/\/l21.mx\/index.php?rest_route=%2Fwp%2Fv2%2Fcomments&post=31033"}],"version-history":[{"count":0,"href":"https:\/\/l21.mx\/index.php?rest_route=\/wp\/v2\/posts\/31033\/revisions"}],"wp:featuredmedia":[{"embeddable":true,"href":"https:\/\/l21.mx\/index.php?rest_route=\/wp\/v2\/media\/31034"}],"wp:attachment":[{"href":"https:\/\/l21.mx\/index.php?rest_route=%2Fwp%2Fv2%2Fmedia&parent=31033"}],"wp:term":[{"taxonomy":"category","embeddable":true,"href":"https:\/\/l21.mx\/index.php?rest_route=%2Fwp%2Fv2%2Fcategories&post=31033"},{"taxonomy":"post_tag","embeddable":true,"href":"https:\/\/l21.mx\/index.php?rest_route=%2Fwp%2Fv2%2Ftags&post=31033"}],"curies":[{"name":"wp","href":"https:\/\/api.w.org\/{rel}","templated":true}]}}