{"id":31066,"date":"2018-02-14T11:22:14","date_gmt":"2018-02-14T16:22:14","guid":{"rendered":"http:\/\/innovatori.space\/lat21\/?p=31066"},"modified":"2018-02-14T11:22:51","modified_gmt":"2018-02-14T16:22:51","slug":"grupo-posadas-operara-dos-hoteles-en-cuba-en-2018","status":"publish","type":"post","link":"https:\/\/l21.mx\/?p=31066","title":{"rendered":"Grupo Posadas operar\u00e1 dos hoteles en Cuba en 2018"},"content":{"rendered":"<section class=\"precontent\"><\/section>\n<section class=\"content\">\n<article>\n<div class=\"entradilla\">\n<p><img fetchpriority=\"high\" decoding=\"async\" class=\"aligncenter size-full wp-image-8781\" src=\"http:\/\/l21.mx\/wp-content\/uploads\/2015\/01\/cuba.jpg\" alt=\"\" width=\"1276\" height=\"964\" srcset=\"https:\/\/l21.mx\/wp-content\/uploads\/2015\/01\/cuba.jpg 1276w, https:\/\/l21.mx\/wp-content\/uploads\/2015\/01\/cuba-300x227.jpg 300w, https:\/\/l21.mx\/wp-content\/uploads\/2015\/01\/cuba-1024x774.jpg 1024w, https:\/\/l21.mx\/wp-content\/uploads\/2015\/01\/cuba-768x580.jpg 768w, https:\/\/l21.mx\/wp-content\/uploads\/2015\/01\/cuba-1170x884.jpg 1170w, https:\/\/l21.mx\/wp-content\/uploads\/2015\/01\/cuba-585x442.jpg 585w\" sizes=\"(max-width: 1276px) 100vw, 1276px\" \/><\/p>\n<p>La compa\u00f1\u00eda hotelera mexicana\u00a0<strong>Grupo Posadas<\/strong>\u00a0ha anunciado que ha firmado contratos para la operaci\u00f3n de dos hoteles\u00a0<strong>Fiesta Americana All Inclusive<\/strong>\u00a0en\u00a0<strong>Cuba<\/strong>.<\/p>\n<\/div>\n<div class=\"entrada\">\n<p>En un anuncio a la\u00a0<strong>Bolsa Mexicana de Valores<\/strong>\u00a0el Grupo dijo que ambos establecimientos,\u00a0<strong>Fiesta Americana All Inclusive Punta Varadero<\/strong>\u00a0y\u00a0<strong>Fiesta Americana All Inclusive Holgu\u00edn Costa Verde<\/strong>, son de inversi\u00f3n local y que estima que estar\u00e1n en funcionamiento este a\u00f1o.<\/p>\n<\/div>\n<\/article>\n<\/section>\n","protected":false},"excerpt":{"rendered":"<p>La compa\u00f1\u00eda hotelera mexicana\u00a0Grupo Posadas\u00a0ha anunciado que ha firmado contratos para la operaci\u00f3n de dos hoteles\u00a0Fiesta&hellip;<\/p>\n","protected":false},"author":2,"featured_media":0,"comment_status":"open","ping_status":"open","sticky":false,"template":"","format":"standard","meta":{"_acf_changed":false,"_lmt_disableupdate":"","_lmt_disable":"","_mbp_gutenberg_autopost":false,"footnotes":""},"categories":[4,23],"tags":[],"class_list":["post-31066","post","type-post","status-publish","format-standard","hentry","category-empresas-y-negocios","category-noticias"],"acf":[],"_links":{"self":[{"href":"https:\/\/l21.mx\/index.php?rest_route=\/wp\/v2\/posts\/31066","targetHints":{"allow":["GET"]}}],"collection":[{"href":"https:\/\/l21.mx\/index.php?rest_route=\/wp\/v2\/posts"}],"about":[{"href":"https:\/\/l21.mx\/index.php?rest_route=\/wp\/v2\/types\/post"}],"author":[{"embeddable":true,"href":"https:\/\/l21.mx\/index.php?rest_route=\/wp\/v2\/users\/2"}],"replies":[{"embeddable":true,"href":"https:\/\/l21.mx\/index.php?rest_route=%2Fwp%2Fv2%2Fcomments&post=31066"}],"version-history":[{"count":0,"href":"https:\/\/l21.mx\/index.php?rest_route=\/wp\/v2\/posts\/31066\/revisions"}],"wp:attachment":[{"href":"https:\/\/l21.mx\/index.php?rest_route=%2Fwp%2Fv2%2Fmedia&parent=31066"}],"wp:term":[{"taxonomy":"category","embeddable":true,"href":"https:\/\/l21.mx\/index.php?rest_route=%2Fwp%2Fv2%2Fcategories&post=31066"},{"taxonomy":"post_tag","embeddable":true,"href":"https:\/\/l21.mx\/index.php?rest_route=%2Fwp%2Fv2%2Ftags&post=31066"}],"curies":[{"name":"wp","href":"https:\/\/api.w.org\/{rel}","templated":true}]}}