{"id":3107,"date":"2013-06-06T12:09:30","date_gmt":"2013-06-06T17:09:30","guid":{"rendered":"http:\/\/innovatori.space\/lat21\/?p=3107"},"modified":"2013-06-06T13:18:42","modified_gmt":"2013-06-06T18:18:42","slug":"congreso-gente-nueva","status":"publish","type":"post","link":"https:\/\/l21.mx\/?p=3107","title":{"rendered":"Congreso Gente Nueva"},"content":{"rendered":"<p><a href=\"http:\/\/l21.mx\/wp-content\/uploads\/2013\/06\/GENTE-NUEVA-1.jpg\" data-rel=\"penci-gallery-image-content\" ><img fetchpriority=\"high\" decoding=\"async\" class=\"aligncenter size-large wp-image-3108\" title=\"GENTE NUEVA (1)\" src=\"http:\/\/l21.mx\/wp-content\/uploads\/2013\/06\/GENTE-NUEVA-1-1024x679.jpg\" alt=\"\" width=\"1024\" height=\"679\" srcset=\"https:\/\/l21.mx\/wp-content\/uploads\/2013\/06\/GENTE-NUEVA-1-1024x679.jpg 1024w, https:\/\/l21.mx\/wp-content\/uploads\/2013\/06\/GENTE-NUEVA-1-300x199.jpg 300w, https:\/\/l21.mx\/wp-content\/uploads\/2013\/06\/GENTE-NUEVA-1-128x85.jpg 128w, https:\/\/l21.mx\/wp-content\/uploads\/2013\/06\/GENTE-NUEVA-1-600x398.jpg 600w, https:\/\/l21.mx\/wp-content\/uploads\/2013\/06\/GENTE-NUEVA-1-167x110.jpg 167w, https:\/\/l21.mx\/wp-content\/uploads\/2013\/06\/GENTE-NUEVA-1-80x53.jpg 80w, https:\/\/l21.mx\/wp-content\/uploads\/2013\/06\/GENTE-NUEVA-1.jpg 1500w\" sizes=\"(max-width: 1024px) 100vw, 1024px\" \/><\/a><\/p>\n<p><strong><span style=\"color: #993300;\">Qu\u00e9:\u00a0<\/span>Congreso Gente\u00a0Nueva\u00a0<\/strong><\/p>\n<p><strong><span style=\"color: #993300;\">D\u00f3nde:\u00a0<\/span>Canc\u00fan Center<\/strong><\/p>\n<p><strong><span style=\"color: #993300;\">Cu\u00e1ndo:<\/span>\u00a0Abril 2013<\/strong><\/p>\n<p>Durante dos d\u00edas, alumnos de la Universidad An\u00e1huac se reunieron con sus similares de varias universidades de la ciudad en el\u00a0 encuentro anual Gente Nueva. En estas jornadas los asistentes escucharon conferencias sobre temas como participaci\u00f3n, esp\u00edritu emprendedor, liderazgo, en la voz de personalidades de la talla de Rigoberta Mench\u00fa, premio Nobel de la Paz (1992), quien invit\u00f3 a los j\u00f3venes a ser m\u00e1s participativos en todos los sectores en donde tienen injerencia. Asimismo, el presidente de Yakult, Carlos Kasuga, narr\u00f3 ante los presentes su experiencia de \u00e9xito empresarial basada en los valores humanos.<\/p>\n<div>\n<p>[editor]bitacora[\/editor]<\/p>\n<div><\/div>\n<\/div>\n","protected":false},"excerpt":{"rendered":"<p>Qu\u00e9:\u00a0Congreso Gente\u00a0Nueva\u00a0 D\u00f3nde:\u00a0Canc\u00fan Center Cu\u00e1ndo:\u00a0Abril 2013 Durante dos d\u00edas, alumnos de la Universidad An\u00e1huac se reunieron&hellip;<\/p>\n","protected":false},"author":2,"featured_media":3109,"comment_status":"open","ping_status":"open","sticky":false,"template":"","format":"standard","meta":{"_acf_changed":false,"_lmt_disableupdate":"","_lmt_disable":"","_mbp_gutenberg_autopost":false,"footnotes":""},"categories":[1],"tags":[63,65,62,48,64,61],"class_list":["post-3107","post","type-post","status-publish","format-standard","has-post-thumbnail","hentry","category-sin-categoria","tag-caribe-mexicano","tag-grupo-editorial-latitud21","tag-revista-latitud21","tag-cancun","tag-latitud-21","tag-latitud21"],"acf":[],"_links":{"self":[{"href":"https:\/\/l21.mx\/index.php?rest_route=\/wp\/v2\/posts\/3107","targetHints":{"allow":["GET"]}}],"collection":[{"href":"https:\/\/l21.mx\/index.php?rest_route=\/wp\/v2\/posts"}],"about":[{"href":"https:\/\/l21.mx\/index.php?rest_route=\/wp\/v2\/types\/post"}],"author":[{"embeddable":true,"href":"https:\/\/l21.mx\/index.php?rest_route=\/wp\/v2\/users\/2"}],"replies":[{"embeddable":true,"href":"https:\/\/l21.mx\/index.php?rest_route=%2Fwp%2Fv2%2Fcomments&post=3107"}],"version-history":[{"count":0,"href":"https:\/\/l21.mx\/index.php?rest_route=\/wp\/v2\/posts\/3107\/revisions"}],"wp:featuredmedia":[{"embeddable":true,"href":"https:\/\/l21.mx\/index.php?rest_route=\/wp\/v2\/media\/3109"}],"wp:attachment":[{"href":"https:\/\/l21.mx\/index.php?rest_route=%2Fwp%2Fv2%2Fmedia&parent=3107"}],"wp:term":[{"taxonomy":"category","embeddable":true,"href":"https:\/\/l21.mx\/index.php?rest_route=%2Fwp%2Fv2%2Fcategories&post=3107"},{"taxonomy":"post_tag","embeddable":true,"href":"https:\/\/l21.mx\/index.php?rest_route=%2Fwp%2Fv2%2Ftags&post=3107"}],"curies":[{"name":"wp","href":"https:\/\/api.w.org\/{rel}","templated":true}]}}