{"id":31108,"date":"2018-02-19T11:55:08","date_gmt":"2018-02-19T16:55:08","guid":{"rendered":"http:\/\/innovatori.space\/lat21\/?p=31108"},"modified":"2018-02-19T11:56:03","modified_gmt":"2018-02-19T16:56:03","slug":"bahia-principe-como-testigo-de-la-primera-sesion-ordinaria-del-consejo-estatal-de-ordenamiento-territorial-y-desarrollo-urbano","status":"publish","type":"post","link":"https:\/\/l21.mx\/?p=31108","title":{"rendered":"Bahia Principe como testigo de la primera sesi\u00f3n ordinaria del Consejo Estatal de Ordenamiento Territorial y Desarrollo Urbano"},"content":{"rendered":"<p><img fetchpriority=\"high\" decoding=\"async\" class=\"aligncenter size-full wp-image-31109\" src=\"http:\/\/l21.mx\/wp-content\/uploads\/2018\/02\/Bahia-Principe-Consejo-Estatal-de-Ordenamiento-Territorial-y-Desarrollo-Urbano_.jpg\" alt=\"\" width=\"700\" height=\"521\" srcset=\"https:\/\/l21.mx\/wp-content\/uploads\/2018\/02\/Bahia-Principe-Consejo-Estatal-de-Ordenamiento-Territorial-y-Desarrollo-Urbano_.jpg 700w, https:\/\/l21.mx\/wp-content\/uploads\/2018\/02\/Bahia-Principe-Consejo-Estatal-de-Ordenamiento-Territorial-y-Desarrollo-Urbano_-300x223.jpg 300w, https:\/\/l21.mx\/wp-content\/uploads\/2018\/02\/Bahia-Principe-Consejo-Estatal-de-Ordenamiento-Territorial-y-Desarrollo-Urbano_-585x435.jpg 585w\" sizes=\"(max-width: 700px) 100vw, 700px\" \/> <img decoding=\"async\" class=\"aligncenter size-full wp-image-31110\" src=\"http:\/\/l21.mx\/wp-content\/uploads\/2018\/02\/Bahia-Principe-Consejo-Estatal-de-Ordenamiento-Territorial-y-Desarrollo-Urbano.jpg\" alt=\"\" width=\"700\" height=\"523\" srcset=\"https:\/\/l21.mx\/wp-content\/uploads\/2018\/02\/Bahia-Principe-Consejo-Estatal-de-Ordenamiento-Territorial-y-Desarrollo-Urbano.jpg 700w, https:\/\/l21.mx\/wp-content\/uploads\/2018\/02\/Bahia-Principe-Consejo-Estatal-de-Ordenamiento-Territorial-y-Desarrollo-Urbano-300x224.jpg 300w, https:\/\/l21.mx\/wp-content\/uploads\/2018\/02\/Bahia-Principe-Consejo-Estatal-de-Ordenamiento-Territorial-y-Desarrollo-Urbano-585x437.jpg 585w\" sizes=\"(max-width: 700px) 100vw, 700px\" \/><\/p>\n<p><strong>Enrique De la Madrid, Secretario de Turismo Federal se\u00f1al\u00f3 que la\u00a0prioridad es tener una econom\u00eda local con crecimiento y equidad acorde al\u00a0desarrollo que se vive en el estado de Quintana Roo.<\/strong><\/p>\n<p>En la Casa Club del <strong>hotel Luxury Bahia Principe Sian Ka\u00b4an<\/strong> se realiz\u00f3 la primera sesi\u00f3n ordinaria del Consejo Estatal de Ordenamiento Territorial y Desarrollo Urbano donde se comenzaron a definir las estrategias para proteger las zonas de desarrollo tur\u00edstico sustentable. Congruentes con los trabajos de responsabilidad social y sostenibilidad <strong>Bahia Principe Riviera Maya Resort<\/strong> particip\u00f3 en esta sesi\u00f3n con la presencia del <strong>Sr. Ignacio Sub\u00edas<\/strong>, Director General del Complejo.<\/p>\n<p><strong>Enrique De la Madrid<\/strong>, <strong>Secretario de Turismo Federal<\/strong> se\u00f1al\u00f3 que la prioridad es tener una econom\u00eda local con crecimiento y equidad acorde al desarrollo que se vive en el estado de<strong> Quintana Roo<\/strong>.<\/p>\n<p>Por su parte, la Maestra Teresa Sol\u00eds Trejo, Subsecretaria de Planeaci\u00f3n y Pol\u00edtica Tur\u00edstica, consider\u00f3 que al tener un desarrollo ordenado generar\u00e1 beneficios a las comunidades en el \u00e1mbito social y ambiental.<\/p>\n<p>Las reuniones seguir\u00e1n a trav\u00e9s de las Presidencias Municipales de Tulum, Solidaridad y Puerto Morelos quienes, junto con los empresarios de la regi\u00f3n, trabajar\u00e1n para beneficiar a las comunidades y a los trabajadores para un desarrollo m\u00e1s ordenado.<\/p>\n<p>En la mesa de trabajo estuvieron la Secretaria de Turismo del Estado <strong>Marisol Vanegas<\/strong>, <strong>Romi Dzul<\/strong> Presidenta Municipal del Ayuntamiento de Tulum, <strong>Cristina Torres<\/strong>, Presidenta Municipal de Solidaridad y<strong> Laura Fern\u00e1ndez<\/strong> Presidenta Municipal de Puerto Morelos.<\/p>\n","protected":false},"excerpt":{"rendered":"<p>Enrique De la Madrid, Secretario de Turismo Federal se\u00f1al\u00f3 que la\u00a0prioridad es tener una econom\u00eda local&hellip;<\/p>\n","protected":false},"author":2,"featured_media":31110,"comment_status":"open","ping_status":"open","sticky":false,"template":"","format":"standard","meta":{"_acf_changed":false,"_lmt_disableupdate":"","_lmt_disable":"","_mbp_gutenberg_autopost":false,"footnotes":""},"categories":[23,35],"tags":[],"class_list":["post-31108","post","type-post","status-publish","format-standard","has-post-thumbnail","hentry","category-noticias","category-responsabilidad-social"],"acf":[],"_links":{"self":[{"href":"https:\/\/l21.mx\/index.php?rest_route=\/wp\/v2\/posts\/31108","targetHints":{"allow":["GET"]}}],"collection":[{"href":"https:\/\/l21.mx\/index.php?rest_route=\/wp\/v2\/posts"}],"about":[{"href":"https:\/\/l21.mx\/index.php?rest_route=\/wp\/v2\/types\/post"}],"author":[{"embeddable":true,"href":"https:\/\/l21.mx\/index.php?rest_route=\/wp\/v2\/users\/2"}],"replies":[{"embeddable":true,"href":"https:\/\/l21.mx\/index.php?rest_route=%2Fwp%2Fv2%2Fcomments&post=31108"}],"version-history":[{"count":0,"href":"https:\/\/l21.mx\/index.php?rest_route=\/wp\/v2\/posts\/31108\/revisions"}],"wp:featuredmedia":[{"embeddable":true,"href":"https:\/\/l21.mx\/index.php?rest_route=\/wp\/v2\/media\/31110"}],"wp:attachment":[{"href":"https:\/\/l21.mx\/index.php?rest_route=%2Fwp%2Fv2%2Fmedia&parent=31108"}],"wp:term":[{"taxonomy":"category","embeddable":true,"href":"https:\/\/l21.mx\/index.php?rest_route=%2Fwp%2Fv2%2Fcategories&post=31108"},{"taxonomy":"post_tag","embeddable":true,"href":"https:\/\/l21.mx\/index.php?rest_route=%2Fwp%2Fv2%2Ftags&post=31108"}],"curies":[{"name":"wp","href":"https:\/\/api.w.org\/{rel}","templated":true}]}}