{"id":31161,"date":"2018-02-27T18:02:25","date_gmt":"2018-02-27T23:02:25","guid":{"rendered":"http:\/\/innovatori.space\/lat21\/?p=31161"},"modified":"2018-02-27T18:02:25","modified_gmt":"2018-02-27T23:02:25","slug":"parque-xcaret-escenario-para-la-quinta-edicion-de-los-premios-platino","status":"publish","type":"post","link":"https:\/\/l21.mx\/?p=31161","title":{"rendered":"Parque Xcaret, escenario para la quinta edici\u00f3n de los Premios Platino"},"content":{"rendered":"<p><img fetchpriority=\"high\" decoding=\"async\" class=\"aligncenter size-full wp-image-22175\" src=\"http:\/\/l21.mx\/wp-content\/uploads\/2016\/11\/largexcaret1.jpg\" alt=\"\" width=\"960\" height=\"480\" srcset=\"https:\/\/l21.mx\/wp-content\/uploads\/2016\/11\/largexcaret1.jpg 960w, https:\/\/l21.mx\/wp-content\/uploads\/2016\/11\/largexcaret1-300x150.jpg 300w, https:\/\/l21.mx\/wp-content\/uploads\/2016\/11\/largexcaret1-768x384.jpg 768w, https:\/\/l21.mx\/wp-content\/uploads\/2016\/11\/largexcaret1-585x293.jpg 585w\" sizes=\"(max-width: 960px) 100vw, 960px\" \/><strong>El parque Xcaret de Canc\u00fan y la Riviera Maya<\/strong>, recientemente reconocido por tercer a\u00f1o consecutivo como \u201c<strong>Mejor Parque Acu\u00e1tico del Mundo<\/strong>\u201d y \u201c<strong>Mejor Parque Tem\u00e1tico Internacional<\/strong>\u201d, acoger\u00e1 el pr\u00f3ximo 29 de abril la quinta edici\u00f3n de los <strong>Premios Platino<\/strong>, evento de talla internacional que re\u00fane lo mejor del <strong>cine Iberoamericano.<\/strong><\/p>\n<p>Durante el anuncio oficial, el Consejero Delegado de Experiencias Xcaret, <strong>Marcos Constandse Redko<\/strong>, asegur\u00f3 que los <strong>Premios Platino<\/strong> son una celebraci\u00f3n a la creatividad y el talento del cine Iberoamericano que congregar\u00e1 m\u00e1s de 500 celebridades y 300 medios de comunicaci\u00f3n de distintas partes del mundo, quienes se dar\u00e1n cita en el <strong>Teatro Gran Tlachco de parque Xcaret.\u00a0<\/strong><\/p>\n<p>En el evento que tuvo lugar en la <strong>Cineteca Nacional, en la Ciudad de M\u00e9xico<\/strong>, y fue conducido por <strong>Eugenio Derbez<\/strong>, <strong>Marcos Constandse<\/strong> afirm\u00f3 que <strong>Xcaret<\/strong> es una ventana de<strong> M\u00e9xico<\/strong> que todos los d\u00edas presenta lo mejor de su historia, gastronom\u00eda, m\u00fasica, naturaleza y expresiones culturales; pero sobre todo, el car\u00e1cter hospitalario y de magn\u00edfico anfitri\u00f3n que es el pueblo mexicano. \u201cEl arte trasciende fronteras y une a las personas; seguramente los profesionales de la industria cinematogr\u00e1fica generar\u00e1n un sentimiento de respeto y fraternidad entre todas las naciones representadas\u201d, puntualiz\u00f3 el empresario.<\/p>\n<p>La presentaci\u00f3n de los Premios Platino abri\u00f3 con la actuaci\u00f3n del Grupo Xipetotec, de Xcaret, que present\u00f3 un breve ritual prehisp\u00e1nico de la ceremonia \u201cAbrir el Cosmos\u201d, con la cual solicita permiso a la tierra y a los elementos para \u201cabrir el camino\u201d y tiene como finalidad pedir por la preservaci\u00f3n de la cultura.<\/p>\n","protected":false},"excerpt":{"rendered":"<p>El parque Xcaret de Canc\u00fan y la Riviera Maya, recientemente reconocido por tercer a\u00f1o consecutivo como&hellip;<\/p>\n","protected":false},"author":2,"featured_media":0,"comment_status":"open","ping_status":"open","sticky":false,"template":"","format":"standard","meta":{"_acf_changed":false,"_lmt_disableupdate":"","_lmt_disable":"","_mbp_gutenberg_autopost":false,"footnotes":""},"categories":[23,8],"tags":[],"class_list":["post-31161","post","type-post","status-publish","format-standard","hentry","category-noticias","category-turismo"],"acf":[],"_links":{"self":[{"href":"https:\/\/l21.mx\/index.php?rest_route=\/wp\/v2\/posts\/31161","targetHints":{"allow":["GET"]}}],"collection":[{"href":"https:\/\/l21.mx\/index.php?rest_route=\/wp\/v2\/posts"}],"about":[{"href":"https:\/\/l21.mx\/index.php?rest_route=\/wp\/v2\/types\/post"}],"author":[{"embeddable":true,"href":"https:\/\/l21.mx\/index.php?rest_route=\/wp\/v2\/users\/2"}],"replies":[{"embeddable":true,"href":"https:\/\/l21.mx\/index.php?rest_route=%2Fwp%2Fv2%2Fcomments&post=31161"}],"version-history":[{"count":0,"href":"https:\/\/l21.mx\/index.php?rest_route=\/wp\/v2\/posts\/31161\/revisions"}],"wp:attachment":[{"href":"https:\/\/l21.mx\/index.php?rest_route=%2Fwp%2Fv2%2Fmedia&parent=31161"}],"wp:term":[{"taxonomy":"category","embeddable":true,"href":"https:\/\/l21.mx\/index.php?rest_route=%2Fwp%2Fv2%2Fcategories&post=31161"},{"taxonomy":"post_tag","embeddable":true,"href":"https:\/\/l21.mx\/index.php?rest_route=%2Fwp%2Fv2%2Ftags&post=31161"}],"curies":[{"name":"wp","href":"https:\/\/api.w.org\/{rel}","templated":true}]}}