{"id":31253,"date":"2018-03-05T11:04:20","date_gmt":"2018-03-05T16:04:20","guid":{"rendered":"http:\/\/innovatori.space\/lat21\/?p=31253"},"modified":"2018-11-09T12:41:26","modified_gmt":"2018-11-09T17:41:26","slug":"wine-tapas-bar-experiencia-la-europea","status":"publish","type":"post","link":"https:\/\/l21.mx\/?p=31253","title":{"rendered":"\u2b06\u2b06  Wine &#038; Tapas\u00a0Bar Experiencia La Europea"},"content":{"rendered":"<p><img fetchpriority=\"high\" decoding=\"async\" class=\"alignleft size-full wp-image-31254\" src=\"http:\/\/l21.mx\/wp-content\/uploads\/2018\/03\/Wine-Tapas-Bar-Experiencia-La-Europea.jpg\" alt=\"\" width=\"1200\" height=\"800\" srcset=\"https:\/\/l21.mx\/wp-content\/uploads\/2018\/03\/Wine-Tapas-Bar-Experiencia-La-Europea.jpg 1200w, https:\/\/l21.mx\/wp-content\/uploads\/2018\/03\/Wine-Tapas-Bar-Experiencia-La-Europea-300x200.jpg 300w, https:\/\/l21.mx\/wp-content\/uploads\/2018\/03\/Wine-Tapas-Bar-Experiencia-La-Europea-1024x683.jpg 1024w, https:\/\/l21.mx\/wp-content\/uploads\/2018\/03\/Wine-Tapas-Bar-Experiencia-La-Europea-768x512.jpg 768w, https:\/\/l21.mx\/wp-content\/uploads\/2018\/03\/Wine-Tapas-Bar-Experiencia-La-Europea-1170x780.jpg 1170w, https:\/\/l21.mx\/wp-content\/uploads\/2018\/03\/Wine-Tapas-Bar-Experiencia-La-Europea-585x390.jpg 585w, https:\/\/l21.mx\/wp-content\/uploads\/2018\/03\/Wine-Tapas-Bar-Experiencia-La-Europea-263x175.jpg 263w\" sizes=\"(max-width: 1200px) 100vw, 1200px\" \/><\/p>\n<p>Con capacidad para 110 personas inicia operaciones en Canc\u00fan el\u00a0 primer restaurante exclusivo Wine &amp; Tapas Bar Experiencia La Europea, con una variedad de platillos y vinos que tienen como punto principal el maridaje, es decir la fusi\u00f3n del sabor del vino con platillos gourmet. Cuenta con terraza, \u00e1rea para fumar y <i>Vip Room <\/i>con pantalla para proyecci\u00f3n. Superficie, 310 m2. Genera 16 empleos directos y 10 indirectos. Blvd. Kukulc\u00e1n Sur km 12.5, Mza. 52, Lte. 13, zona hotelera. Tel\u00e9fono: (998)176-80-59\u00a0 www.laeuropea.com.mx<\/p>\n","protected":false},"excerpt":{"rendered":"<p>Con capacidad para 110 personas inicia operaciones en Canc\u00fan el\u00a0 primer restaurante exclusivo Wine &amp; Tapas&hellip;<\/p>\n","protected":false},"author":69,"featured_media":31254,"comment_status":"open","ping_status":"open","sticky":false,"template":"","format":"standard","meta":{"_acf_changed":false,"_lmt_disableupdate":"","_lmt_disable":"","_mbp_gutenberg_autopost":false,"footnotes":""},"categories":[10],"tags":[],"class_list":["post-31253","post","type-post","status-publish","format-standard","has-post-thumbnail","hentry","category-sube-y-baja"],"acf":[],"_links":{"self":[{"href":"https:\/\/l21.mx\/index.php?rest_route=\/wp\/v2\/posts\/31253","targetHints":{"allow":["GET"]}}],"collection":[{"href":"https:\/\/l21.mx\/index.php?rest_route=\/wp\/v2\/posts"}],"about":[{"href":"https:\/\/l21.mx\/index.php?rest_route=\/wp\/v2\/types\/post"}],"author":[{"embeddable":true,"href":"https:\/\/l21.mx\/index.php?rest_route=\/wp\/v2\/users\/69"}],"replies":[{"embeddable":true,"href":"https:\/\/l21.mx\/index.php?rest_route=%2Fwp%2Fv2%2Fcomments&post=31253"}],"version-history":[{"count":0,"href":"https:\/\/l21.mx\/index.php?rest_route=\/wp\/v2\/posts\/31253\/revisions"}],"wp:featuredmedia":[{"embeddable":true,"href":"https:\/\/l21.mx\/index.php?rest_route=\/wp\/v2\/media\/31254"}],"wp:attachment":[{"href":"https:\/\/l21.mx\/index.php?rest_route=%2Fwp%2Fv2%2Fmedia&parent=31253"}],"wp:term":[{"taxonomy":"category","embeddable":true,"href":"https:\/\/l21.mx\/index.php?rest_route=%2Fwp%2Fv2%2Fcategories&post=31253"},{"taxonomy":"post_tag","embeddable":true,"href":"https:\/\/l21.mx\/index.php?rest_route=%2Fwp%2Fv2%2Ftags&post=31253"}],"curies":[{"name":"wp","href":"https:\/\/api.w.org\/{rel}","templated":true}]}}