{"id":31260,"date":"2018-03-05T11:13:54","date_gmt":"2018-03-05T16:13:54","guid":{"rendered":"http:\/\/innovatori.space\/lat21\/?p=31260"},"modified":"2018-11-09T12:41:15","modified_gmt":"2018-11-09T17:41:15","slug":"restaurante-rosa-negra","status":"publish","type":"post","link":"https:\/\/l21.mx\/?p=31260","title":{"rendered":"\u2b06\u2b06  Restaurante Rosa Negra"},"content":{"rendered":"<p><img fetchpriority=\"high\" decoding=\"async\" class=\"alignleft size-full wp-image-31261\" src=\"http:\/\/l21.mx\/wp-content\/uploads\/2018\/03\/sube-roda-negra.jpg\" alt=\"\" width=\"1200\" height=\"623\" srcset=\"https:\/\/l21.mx\/wp-content\/uploads\/2018\/03\/sube-roda-negra.jpg 1200w, https:\/\/l21.mx\/wp-content\/uploads\/2018\/03\/sube-roda-negra-300x156.jpg 300w, https:\/\/l21.mx\/wp-content\/uploads\/2018\/03\/sube-roda-negra-1024x532.jpg 1024w, https:\/\/l21.mx\/wp-content\/uploads\/2018\/03\/sube-roda-negra-768x399.jpg 768w, https:\/\/l21.mx\/wp-content\/uploads\/2018\/03\/sube-roda-negra-1170x607.jpg 1170w, https:\/\/l21.mx\/wp-content\/uploads\/2018\/03\/sube-roda-negra-585x304.jpg 585w\" sizes=\"(max-width: 1200px) 100vw, 1200px\" \/><\/p>\n<p>Especializado en cocina latinoamericana, Rosa Negra abre en Canc\u00fan su tercer restaurante en el pa\u00eds, en una superficie de m\u00e1s de mil 600 m2 con vista a la laguna Nichupt\u00e9. Con capacidad para 250 comensales, ofrece platillos de pa\u00edses como Per\u00fa, Argentina, Colombia, Brasil y M\u00e9xico. Genera 175 empleos directos e indirectos. Blvd. Kukulc\u00e1n km 15, zona hotelera. Tel\u00e9fonos: (998)313-41-32 \/ (998)313-41-33 Correo electr\u00f3nico: contacto@rosanegra.com.mx www.rosanegra.com.mx<\/p>\n","protected":false},"excerpt":{"rendered":"<p>Especializado en cocina latinoamericana, Rosa Negra abre en Canc\u00fan su tercer restaurante en el pa\u00eds, en&hellip;<\/p>\n","protected":false},"author":69,"featured_media":31261,"comment_status":"open","ping_status":"open","sticky":false,"template":"","format":"standard","meta":{"_acf_changed":false,"_lmt_disableupdate":"","_lmt_disable":"","_mbp_gutenberg_autopost":false,"footnotes":""},"categories":[10],"tags":[],"class_list":["post-31260","post","type-post","status-publish","format-standard","has-post-thumbnail","hentry","category-sube-y-baja"],"acf":[],"_links":{"self":[{"href":"https:\/\/l21.mx\/index.php?rest_route=\/wp\/v2\/posts\/31260","targetHints":{"allow":["GET"]}}],"collection":[{"href":"https:\/\/l21.mx\/index.php?rest_route=\/wp\/v2\/posts"}],"about":[{"href":"https:\/\/l21.mx\/index.php?rest_route=\/wp\/v2\/types\/post"}],"author":[{"embeddable":true,"href":"https:\/\/l21.mx\/index.php?rest_route=\/wp\/v2\/users\/69"}],"replies":[{"embeddable":true,"href":"https:\/\/l21.mx\/index.php?rest_route=%2Fwp%2Fv2%2Fcomments&post=31260"}],"version-history":[{"count":0,"href":"https:\/\/l21.mx\/index.php?rest_route=\/wp\/v2\/posts\/31260\/revisions"}],"wp:featuredmedia":[{"embeddable":true,"href":"https:\/\/l21.mx\/index.php?rest_route=\/wp\/v2\/media\/31261"}],"wp:attachment":[{"href":"https:\/\/l21.mx\/index.php?rest_route=%2Fwp%2Fv2%2Fmedia&parent=31260"}],"wp:term":[{"taxonomy":"category","embeddable":true,"href":"https:\/\/l21.mx\/index.php?rest_route=%2Fwp%2Fv2%2Fcategories&post=31260"},{"taxonomy":"post_tag","embeddable":true,"href":"https:\/\/l21.mx\/index.php?rest_route=%2Fwp%2Fv2%2Ftags&post=31260"}],"curies":[{"name":"wp","href":"https:\/\/api.w.org\/{rel}","templated":true}]}}