{"id":31272,"date":"2018-03-05T11:17:11","date_gmt":"2018-03-05T16:17:11","guid":{"rendered":"http:\/\/innovatori.space\/lat21\/?p=31272"},"modified":"2018-11-09T12:40:52","modified_gmt":"2018-11-09T17:40:52","slug":"ford-caribe","status":"publish","type":"post","link":"https:\/\/l21.mx\/?p=31272","title":{"rendered":"\u2b06\u2b06  Ford Caribe"},"content":{"rendered":"<p><img fetchpriority=\"high\" decoding=\"async\" class=\"alignleft size-full wp-image-31274\" src=\"http:\/\/l21.mx\/wp-content\/uploads\/2018\/03\/ford-cancun.jpg\" alt=\"\" width=\"1200\" height=\"783\" srcset=\"https:\/\/l21.mx\/wp-content\/uploads\/2018\/03\/ford-cancun.jpg 1200w, https:\/\/l21.mx\/wp-content\/uploads\/2018\/03\/ford-cancun-300x196.jpg 300w, https:\/\/l21.mx\/wp-content\/uploads\/2018\/03\/ford-cancun-1024x668.jpg 1024w, https:\/\/l21.mx\/wp-content\/uploads\/2018\/03\/ford-cancun-768x501.jpg 768w, https:\/\/l21.mx\/wp-content\/uploads\/2018\/03\/ford-cancun-1170x763.jpg 1170w, https:\/\/l21.mx\/wp-content\/uploads\/2018\/03\/ford-cancun-585x382.jpg 585w\" sizes=\"(max-width: 1200px) 100vw, 1200px\" \/><\/p>\n<p>Con una inversi\u00f3n de 40 mdp, Grupo CDA, l\u00edder en el ramo automotriz en la Pen\u00ednsula de Yucat\u00e1n, abre su cuarta agencia Ford en el estado de Quintana Roo, la cual est\u00e1 enfocada a la venta de autos con la m\u00e1s alta tecnolog\u00eda y seguridad, adem\u00e1s de ofrecer sus servicios de postventa y contar con un taller de servicio y refacciones. Superficie, cinco mil 500 m2. Genera 40 empleos directos y 30 indirectos. Av. Bonampak, Mza.2, Lte, 5-01, SM 8. Tel\u00e9fono: (998)881-98-60.\u00a0 www.fordquintanaroo.mx<\/p>\n","protected":false},"excerpt":{"rendered":"<p>Con una inversi\u00f3n de 40 mdp, Grupo CDA, l\u00edder en el ramo automotriz en la Pen\u00ednsula&hellip;<\/p>\n","protected":false},"author":69,"featured_media":31274,"comment_status":"open","ping_status":"open","sticky":false,"template":"","format":"standard","meta":{"_acf_changed":false,"_lmt_disableupdate":"","_lmt_disable":"","_mbp_gutenberg_autopost":false,"footnotes":""},"categories":[10],"tags":[],"class_list":["post-31272","post","type-post","status-publish","format-standard","has-post-thumbnail","hentry","category-sube-y-baja"],"acf":[],"_links":{"self":[{"href":"https:\/\/l21.mx\/index.php?rest_route=\/wp\/v2\/posts\/31272","targetHints":{"allow":["GET"]}}],"collection":[{"href":"https:\/\/l21.mx\/index.php?rest_route=\/wp\/v2\/posts"}],"about":[{"href":"https:\/\/l21.mx\/index.php?rest_route=\/wp\/v2\/types\/post"}],"author":[{"embeddable":true,"href":"https:\/\/l21.mx\/index.php?rest_route=\/wp\/v2\/users\/69"}],"replies":[{"embeddable":true,"href":"https:\/\/l21.mx\/index.php?rest_route=%2Fwp%2Fv2%2Fcomments&post=31272"}],"version-history":[{"count":0,"href":"https:\/\/l21.mx\/index.php?rest_route=\/wp\/v2\/posts\/31272\/revisions"}],"wp:featuredmedia":[{"embeddable":true,"href":"https:\/\/l21.mx\/index.php?rest_route=\/wp\/v2\/media\/31274"}],"wp:attachment":[{"href":"https:\/\/l21.mx\/index.php?rest_route=%2Fwp%2Fv2%2Fmedia&parent=31272"}],"wp:term":[{"taxonomy":"category","embeddable":true,"href":"https:\/\/l21.mx\/index.php?rest_route=%2Fwp%2Fv2%2Fcategories&post=31272"},{"taxonomy":"post_tag","embeddable":true,"href":"https:\/\/l21.mx\/index.php?rest_route=%2Fwp%2Fv2%2Ftags&post=31272"}],"curies":[{"name":"wp","href":"https:\/\/api.w.org\/{rel}","templated":true}]}}