{"id":31355,"date":"2018-03-08T18:31:43","date_gmt":"2018-03-08T23:31:43","guid":{"rendered":"http:\/\/innovatori.space\/lat21\/?p=31355"},"modified":"2018-03-08T18:31:43","modified_gmt":"2018-03-08T23:31:43","slug":"impulsan-circuitos-turisticos-entre-cancun-y-chiapas","status":"publish","type":"post","link":"https:\/\/l21.mx\/?p=31355","title":{"rendered":"Impulsan circuitos tur\u00edsticos entre Canc\u00fan y Chiapas"},"content":{"rendered":"<div data-sliderid=\"34144\" id=\"penci-post-gallery__34144\" class=\"penci-post-gallery-container justified column-2\" data-height=\"150\" data-margin=\"3\"><a class=\"penci-gallery-ite item-gallery-justified\" href=\"https:\/\/l21.mx\/wp-content\/uploads\/2018\/03\/chiapas_.jpg\" data-rel=\"penci-gallery-image-content\" ><img decoding=\"async\" src=\"https:\/\/l21.mx\/wp-content\/uploads\/2018\/03\/chiapas_-585x325.jpg\" alt=\"\" title=\"chiapas\"><\/a><a class=\"penci-gallery-ite item-gallery-justified\" href=\"https:\/\/l21.mx\/wp-content\/uploads\/2018\/03\/palenque.jpeg\" data-rel=\"penci-gallery-image-content\" ><img decoding=\"async\" src=\"https:\/\/l21.mx\/wp-content\/uploads\/2018\/03\/palenque.jpeg\" alt=\"\" title=\"palenque\"><\/a><a class=\"penci-gallery-ite item-gallery-justified\" href=\"https:\/\/l21.mx\/wp-content\/uploads\/2018\/03\/ca\u00f1on-del-sumidero.jpg\" data-rel=\"penci-gallery-image-content\" ><img decoding=\"async\" src=\"https:\/\/l21.mx\/wp-content\/uploads\/2018\/03\/ca\u00f1on-del-sumidero-585x307.jpg\" alt=\"\" title=\"ca\u00f1on del sumidero\"><\/a><a class=\"penci-gallery-ite item-gallery-justified\" href=\"https:\/\/l21.mx\/wp-content\/uploads\/2018\/03\/cascadas-chiapas.jpg\" data-rel=\"penci-gallery-image-content\" ><img decoding=\"async\" src=\"https:\/\/l21.mx\/wp-content\/uploads\/2018\/03\/cascadas-chiapas-585x395.jpg\" alt=\"\" title=\"cascadas chiapas\"><\/a><\/div>\n<p>&nbsp;<\/p>\n<p>CANC\u00daN.- Agencias de viajes de <strong>Canc\u00fan y Chiapas<\/strong> sostuvieron un encuentro para lograr una mayor interrelaci\u00f3n entre ambos destinos, a fin de enriquecer el cat\u00e1logo de productos y la oferta tur\u00edstica de la<strong> ruta Mundo Maya y del sureste del pa\u00eds.<\/strong><\/p>\n<p><strong>Sergio Gonz\u00e1lez<\/strong>, presidente ejecutivo de la Asociaci\u00f3n Mexicana de Agencias de Viajes (AMAV), en Quintana Roo, explic\u00f3 que esta interrelaci\u00f3n con el estado chiapaneco y el resto de las entidades del sureste permitir\u00e1 alargar las estancias promedio de los visitantes a la regi\u00f3n y consolidar la zona como un multidestino.<\/p>\n<p>\u201cLas personas que viajan a <strong>Europ<\/strong>a se quedan m\u00ednimo 15 d\u00edas, pero las estancias son de 21 a 30 d\u00edas. Aqu\u00ed la intenci\u00f3n es lograr que el turismo se quede hasta un mes en M\u00e9xico que no solo se limite a sol y playa, sino tambi\u00e9n a conocer los atractivos del sureste del pa\u00eds\u201d, mencion\u00f3.<\/p>\n<p>El empresario mencion\u00f3 que <strong>Chiapas<\/strong> es un gran aliado para lograrlo, porque tiene un producto natural, cultural, gastron\u00f3mico e hist\u00f3rico. \u201cNos podemos beneficiar mutuamente, ellos del flujo de pasajeros que llegan a trav\u00e9s del Aeropuerto internacional de Canc\u00fan y nosotros enriquecer el cat\u00e1logo de productos de Palenque y San Crist\u00f3bal de las Casas para los turistas europeos\u201d.<\/p>\n<p>Gonz\u00e1lez dijo que casi 15% de del turismo global que llega al Caribe mexicano realiza un circuito tur\u00edstico por Chiapas. \u201cHay muchos europeos que utilizan al aeropuerto de Canc\u00fan como puerta de entrada para visitar Yucat\u00e1n y Chiapas y los dem\u00e1s atractivos que componen el Mundo Maya y del sureste del pa\u00eds\u201d. (Marlene Hern\u00e1ndez)<\/p>\n<p>&nbsp;<\/p>\n","protected":false},"excerpt":{"rendered":"<p>&nbsp; CANC\u00daN.- Agencias de viajes de Canc\u00fan y Chiapas sostuvieron un encuentro para lograr una mayor&hellip;<\/p>\n","protected":false},"author":2,"featured_media":31359,"comment_status":"open","ping_status":"open","sticky":false,"template":"","format":"standard","meta":{"_acf_changed":false,"_lmt_disableupdate":"","_lmt_disable":"","_mbp_gutenberg_autopost":false,"footnotes":""},"categories":[23,35],"tags":[],"class_list":["post-31355","post","type-post","status-publish","format-standard","has-post-thumbnail","hentry","category-noticias","category-responsabilidad-social"],"acf":[],"_links":{"self":[{"href":"https:\/\/l21.mx\/index.php?rest_route=\/wp\/v2\/posts\/31355","targetHints":{"allow":["GET"]}}],"collection":[{"href":"https:\/\/l21.mx\/index.php?rest_route=\/wp\/v2\/posts"}],"about":[{"href":"https:\/\/l21.mx\/index.php?rest_route=\/wp\/v2\/types\/post"}],"author":[{"embeddable":true,"href":"https:\/\/l21.mx\/index.php?rest_route=\/wp\/v2\/users\/2"}],"replies":[{"embeddable":true,"href":"https:\/\/l21.mx\/index.php?rest_route=%2Fwp%2Fv2%2Fcomments&post=31355"}],"version-history":[{"count":0,"href":"https:\/\/l21.mx\/index.php?rest_route=\/wp\/v2\/posts\/31355\/revisions"}],"wp:featuredmedia":[{"embeddable":true,"href":"https:\/\/l21.mx\/index.php?rest_route=\/wp\/v2\/media\/31359"}],"wp:attachment":[{"href":"https:\/\/l21.mx\/index.php?rest_route=%2Fwp%2Fv2%2Fmedia&parent=31355"}],"wp:term":[{"taxonomy":"category","embeddable":true,"href":"https:\/\/l21.mx\/index.php?rest_route=%2Fwp%2Fv2%2Fcategories&post=31355"},{"taxonomy":"post_tag","embeddable":true,"href":"https:\/\/l21.mx\/index.php?rest_route=%2Fwp%2Fv2%2Ftags&post=31355"}],"curies":[{"name":"wp","href":"https:\/\/api.w.org\/{rel}","templated":true}]}}