{"id":31397,"date":"2018-03-10T15:27:19","date_gmt":"2018-03-10T20:27:19","guid":{"rendered":"http:\/\/innovatori.space\/lat21\/?p=31397"},"modified":"2018-03-10T15:27:19","modified_gmt":"2018-03-10T20:27:19","slug":"peritos-determinan-que-se-uso-un-artefacto-de-fabricacion-casera","status":"publish","type":"post","link":"https:\/\/l21.mx\/?p=31397","title":{"rendered":"PERITOS DETERMINAN QUE SE US\u00d3 UN ARTEFACTO DE FABRICACI\u00d3N CASERA"},"content":{"rendered":"<p><img fetchpriority=\"high\" decoding=\"async\" class=\"aligncenter size-full wp-image-31398\" src=\"http:\/\/l21.mx\/wp-content\/uploads\/2018\/03\/inauguracion-naviera-barcos-caribe.jpg\" alt=\"\" width=\"719\" height=\"410\" srcset=\"https:\/\/l21.mx\/wp-content\/uploads\/2018\/03\/inauguracion-naviera-barcos-caribe.jpg 719w, https:\/\/l21.mx\/wp-content\/uploads\/2018\/03\/inauguracion-naviera-barcos-caribe-300x171.jpg 300w, https:\/\/l21.mx\/wp-content\/uploads\/2018\/03\/inauguracion-naviera-barcos-caribe-585x334.jpg 585w\" sizes=\"(max-width: 719px) 100vw, 719px\" \/><br \/>\n<strong>Un artefacto de fabricaci\u00f3n casera detonado intencionalmente provoc\u00f3 la explosi\u00f3n en el ferry de la empresa Barcos Caribe el pasado 21 de febrero en Playa del Carmen, seg\u00fan la investigaci\u00f3n que realiza la Procuradur\u00eda General de la Rep\u00fablica, a la que tuvo acceso El Universal.<\/strong><br \/>\nSe detalla que entre los indicios hab\u00eda pedazos de cart\u00f3n con forma cil\u00edndrica, fragmentos de alambre de cobre con recubrimiento aislante, hecho presumiblemente por quien tiene conocimientos en el manejo de material en la industria minera.<\/p>\n<p>En la carpeta de investigaci\u00f3n se resalta que el pasado 1 de marzo en el barco Caribe III, de la misma empresa, elementos de la Marina-Armada de M\u00e9xico localizaron otro artefacto en la parte inferior de la embarcaci\u00f3n con caracter\u00edsticas similares al que ocasion\u00f3 el siniestro el mes pasado y que dej\u00f3 26 lesionados.<\/p>\n<p>El explosivo<br \/>\nEl informe de la PGR indica que el artefacto era de fabricaci\u00f3n casera y conten\u00eda 5 cargas explosivas.<\/p>\n<p>Estaba hecho con cartones de forma cil\u00edndrica, como el de un rollo de papel, que fueron usados como carga del explosivo.<\/p>\n<p>\u00c9stos conten\u00edan un sistema de iniciaci\u00f3n alimentado con una carga el\u00e9ctrica para accionarlo v\u00eda remota.<\/p>\n","protected":false},"excerpt":{"rendered":"<p>Un artefacto de fabricaci\u00f3n casera detonado intencionalmente provoc\u00f3 la explosi\u00f3n en el ferry de la empresa&hellip;<\/p>\n","protected":false},"author":2,"featured_media":31398,"comment_status":"open","ping_status":"open","sticky":false,"template":"","format":"standard","meta":{"_acf_changed":false,"_lmt_disableupdate":"","_lmt_disable":"","_mbp_gutenberg_autopost":false,"footnotes":""},"categories":[23],"tags":[],"class_list":["post-31397","post","type-post","status-publish","format-standard","has-post-thumbnail","hentry","category-noticias"],"acf":[],"yoast_head":"<!-- This site is optimized with the Yoast SEO plugin v27.3 - https:\/\/yoast.com\/product\/yoast-seo-wordpress\/ -->\n<title>PERITOS DETERMINAN QUE SE US\u00d3 UN ARTEFACTO DE FABRICACI\u00d3N CASERA | Revista Latitud 21<\/title>\n<meta name=\"description\" content=\"L21, Emprendedores y Negocios en el Caribe Mexicano, es la revista l\u00edder entre el Sector Empresarial y Tur\u00edstico del Caribe Mexicano.\" \/>\n<meta name=\"robots\" content=\"index, follow, max-snippet:-1, max-image-preview:large, max-video-preview:-1\" \/>\n<link rel=\"canonical\" href=\"https:\/\/l21.mx\/?p=31397\" \/>\n<meta name=\"twitter:card\" content=\"summary_large_image\" \/>\n<meta name=\"twitter:title\" content=\"PERITOS DETERMINAN QUE SE US\u00d3 UN ARTEFACTO DE FABRICACI\u00d3N CASERA | Revista Latitud 21\" \/>\n<meta name=\"twitter:description\" content=\"L21, Emprendedores y Negocios en el Caribe Mexicano, es la revista l\u00edder entre el Sector Empresarial y Tur\u00edstico del Caribe Mexicano.\" \/>\n<meta name=\"twitter:image\" content=\"https:\/\/l21.mx\/wp-content\/uploads\/2018\/03\/inauguracion-naviera-barcos-caribe.jpg\" \/>\n<meta name=\"twitter:creator\" content=\"@Latitud21mx\" \/>\n<meta name=\"twitter:site\" content=\"@Latitud21mx\" \/>\n<meta name=\"twitter:label1\" content=\"Escrito por\" \/>\n\t<meta name=\"twitter:data1\" content=\"Latitud21 Redacci\u00f3n\" \/>\n\t<meta name=\"twitter:label2\" content=\"Tiempo de lectura\" \/>\n\t<meta name=\"twitter:data2\" content=\"1 minuto\" \/>\n<script type=\"application\/ld+json\" class=\"yoast-schema-graph\">{\"@context\":\"https:\\\/\\\/schema.org\",\"@graph\":[{\"@type\":\"Article\",\"@id\":\"https:\\\/\\\/l21.mx\\\/?p=31397#article\",\"isPartOf\":{\"@id\":\"https:\\\/\\\/l21.mx\\\/?p=31397\"},\"author\":{\"name\":\"Latitud21 Redacci\u00f3n\",\"@id\":\"https:\\\/\\\/l21.mx\\\/#\\\/schema\\\/person\\\/4b571cc212089f95579f3b66253728f1\"},\"headline\":\"PERITOS DETERMINAN QUE SE US\u00d3 UN ARTEFACTO DE FABRICACI\u00d3N CASERA\",\"datePublished\":\"2018-03-10T20:27:19+00:00\",\"mainEntityOfPage\":{\"@id\":\"https:\\\/\\\/l21.mx\\\/?p=31397\"},\"wordCount\":218,\"commentCount\":0,\"publisher\":{\"@id\":\"https:\\\/\\\/l21.mx\\\/#organization\"},\"image\":{\"@id\":\"https:\\\/\\\/l21.mx\\\/?p=31397#primaryimage\"},\"thumbnailUrl\":\"https:\\\/\\\/l21.mx\\\/wp-content\\\/uploads\\\/2018\\\/03\\\/inauguracion-naviera-barcos-caribe.jpg\",\"articleSection\":[\"Noticias\"],\"inLanguage\":\"es\",\"potentialAction\":[{\"@type\":\"CommentAction\",\"name\":\"Comment\",\"target\":[\"https:\\\/\\\/l21.mx\\\/?p=31397#respond\"]}]},{\"@type\":\"WebPage\",\"@id\":\"https:\\\/\\\/l21.mx\\\/?p=31397\",\"url\":\"https:\\\/\\\/l21.mx\\\/?p=31397\",\"name\":\"PERITOS DETERMINAN QUE SE US\u00d3 UN ARTEFACTO DE FABRICACI\u00d3N CASERA | Revista Latitud 21\",\"isPartOf\":{\"@id\":\"https:\\\/\\\/l21.mx\\\/#website\"},\"primaryImageOfPage\":{\"@id\":\"https:\\\/\\\/l21.mx\\\/?p=31397#primaryimage\"},\"image\":{\"@id\":\"https:\\\/\\\/l21.mx\\\/?p=31397#primaryimage\"},\"thumbnailUrl\":\"https:\\\/\\\/l21.mx\\\/wp-content\\\/uploads\\\/2018\\\/03\\\/inauguracion-naviera-barcos-caribe.jpg\",\"datePublished\":\"2018-03-10T20:27:19+00:00\",\"description\":\"L21, Emprendedores y Negocios en el Caribe Mexicano, es la revista l\u00edder entre el Sector Empresarial y Tur\u00edstico del Caribe Mexicano.\",\"breadcrumb\":{\"@id\":\"https:\\\/\\\/l21.mx\\\/?p=31397#breadcrumb\"},\"inLanguage\":\"es\",\"potentialAction\":[{\"@type\":\"ReadAction\",\"target\":[\"https:\\\/\\\/l21.mx\\\/?p=31397\"]}]},{\"@type\":\"ImageObject\",\"inLanguage\":\"es\",\"@id\":\"https:\\\/\\\/l21.mx\\\/?p=31397#primaryimage\",\"url\":\"https:\\\/\\\/l21.mx\\\/wp-content\\\/uploads\\\/2018\\\/03\\\/inauguracion-naviera-barcos-caribe.jpg\",\"contentUrl\":\"https:\\\/\\\/l21.mx\\\/wp-content\\\/uploads\\\/2018\\\/03\\\/inauguracion-naviera-barcos-caribe.jpg\",\"width\":719,\"height\":410},{\"@type\":\"BreadcrumbList\",\"@id\":\"https:\\\/\\\/l21.mx\\\/?p=31397#breadcrumb\",\"itemListElement\":[{\"@type\":\"ListItem\",\"position\":1,\"name\":\"Portada\",\"item\":\"https:\\\/\\\/l21.mx\\\/\"},{\"@type\":\"ListItem\",\"position\":2,\"name\":\"PERITOS DETERMINAN QUE SE US\u00d3 UN ARTEFACTO DE FABRICACI\u00d3N CASERA\"}]},{\"@type\":\"WebSite\",\"@id\":\"https:\\\/\\\/l21.mx\\\/#website\",\"url\":\"https:\\\/\\\/l21.mx\\\/\",\"name\":\"Revista Latitud 21\",\"description\":\"Emprendedores  y negocios en el Caribe Mexicano\",\"publisher\":{\"@id\":\"https:\\\/\\\/l21.mx\\\/#organization\"},\"potentialAction\":[{\"@type\":\"SearchAction\",\"target\":{\"@type\":\"EntryPoint\",\"urlTemplate\":\"https:\\\/\\\/l21.mx\\\/?s={search_term_string}\"},\"query-input\":{\"@type\":\"PropertyValueSpecification\",\"valueRequired\":true,\"valueName\":\"search_term_string\"}}],\"inLanguage\":\"es\"},{\"@type\":\"Organization\",\"@id\":\"https:\\\/\\\/l21.mx\\\/#organization\",\"name\":\"Grupo Editorial Latitud 21 SA de CV\",\"url\":\"https:\\\/\\\/l21.mx\\\/\",\"logo\":{\"@type\":\"ImageObject\",\"inLanguage\":\"es\",\"@id\":\"https:\\\/\\\/l21.mx\\\/#\\\/schema\\\/logo\\\/image\\\/\",\"url\":\"https:\\\/\\\/l21.mx\\\/wp-content\\\/uploads\\\/2020\\\/10\\\/logo-l21-baja.jpg\",\"contentUrl\":\"https:\\\/\\\/l21.mx\\\/wp-content\\\/uploads\\\/2020\\\/10\\\/logo-l21-baja.jpg\",\"width\":250,\"height\":250,\"caption\":\"Grupo Editorial Latitud 21 SA de CV\"},\"image\":{\"@id\":\"https:\\\/\\\/l21.mx\\\/#\\\/schema\\\/logo\\\/image\\\/\"},\"sameAs\":[\"https:\\\/\\\/www.facebook.com\\\/RevistaLatitud21\\\/\",\"https:\\\/\\\/x.com\\\/Latitud21mx\"]},{\"@type\":\"Person\",\"@id\":\"https:\\\/\\\/l21.mx\\\/#\\\/schema\\\/person\\\/4b571cc212089f95579f3b66253728f1\",\"name\":\"Latitud21 Redacci\u00f3n\",\"url\":\"https:\\\/\\\/l21.mx\\\/?author=2\"}]}<\/script>\n<!-- \/ Yoast SEO plugin. -->","yoast_head_json":{"title":"PERITOS DETERMINAN QUE SE US\u00d3 UN ARTEFACTO DE FABRICACI\u00d3N CASERA | Revista Latitud 21","description":"L21, Emprendedores y Negocios en el Caribe Mexicano, es la revista l\u00edder entre el Sector Empresarial y Tur\u00edstico del Caribe Mexicano.","robots":{"index":"index","follow":"follow","max-snippet":"max-snippet:-1","max-image-preview":"max-image-preview:large","max-video-preview":"max-video-preview:-1"},"canonical":"https:\/\/l21.mx\/?p=31397","twitter_card":"summary_large_image","twitter_title":"PERITOS DETERMINAN QUE SE US\u00d3 UN ARTEFACTO DE FABRICACI\u00d3N CASERA | Revista Latitud 21","twitter_description":"L21, Emprendedores y Negocios en el Caribe Mexicano, es la revista l\u00edder entre el Sector Empresarial y Tur\u00edstico del Caribe Mexicano.","twitter_image":"https:\/\/l21.mx\/wp-content\/uploads\/2018\/03\/inauguracion-naviera-barcos-caribe.jpg","twitter_creator":"@Latitud21mx","twitter_site":"@Latitud21mx","twitter_misc":{"Escrito por":"Latitud21 Redacci\u00f3n","Tiempo de lectura":"1 minuto"},"schema":{"@context":"https:\/\/schema.org","@graph":[{"@type":"Article","@id":"https:\/\/l21.mx\/?p=31397#article","isPartOf":{"@id":"https:\/\/l21.mx\/?p=31397"},"author":{"name":"Latitud21 Redacci\u00f3n","@id":"https:\/\/l21.mx\/#\/schema\/person\/4b571cc212089f95579f3b66253728f1"},"headline":"PERITOS DETERMINAN QUE SE US\u00d3 UN ARTEFACTO DE FABRICACI\u00d3N CASERA","datePublished":"2018-03-10T20:27:19+00:00","mainEntityOfPage":{"@id":"https:\/\/l21.mx\/?p=31397"},"wordCount":218,"commentCount":0,"publisher":{"@id":"https:\/\/l21.mx\/#organization"},"image":{"@id":"https:\/\/l21.mx\/?p=31397#primaryimage"},"thumbnailUrl":"https:\/\/l21.mx\/wp-content\/uploads\/2018\/03\/inauguracion-naviera-barcos-caribe.jpg","articleSection":["Noticias"],"inLanguage":"es","potentialAction":[{"@type":"CommentAction","name":"Comment","target":["https:\/\/l21.mx\/?p=31397#respond"]}]},{"@type":"WebPage","@id":"https:\/\/l21.mx\/?p=31397","url":"https:\/\/l21.mx\/?p=31397","name":"PERITOS DETERMINAN QUE SE US\u00d3 UN ARTEFACTO DE FABRICACI\u00d3N CASERA | Revista Latitud 21","isPartOf":{"@id":"https:\/\/l21.mx\/#website"},"primaryImageOfPage":{"@id":"https:\/\/l21.mx\/?p=31397#primaryimage"},"image":{"@id":"https:\/\/l21.mx\/?p=31397#primaryimage"},"thumbnailUrl":"https:\/\/l21.mx\/wp-content\/uploads\/2018\/03\/inauguracion-naviera-barcos-caribe.jpg","datePublished":"2018-03-10T20:27:19+00:00","description":"L21, Emprendedores y Negocios en el Caribe Mexicano, es la revista l\u00edder entre el Sector Empresarial y Tur\u00edstico del Caribe Mexicano.","breadcrumb":{"@id":"https:\/\/l21.mx\/?p=31397#breadcrumb"},"inLanguage":"es","potentialAction":[{"@type":"ReadAction","target":["https:\/\/l21.mx\/?p=31397"]}]},{"@type":"ImageObject","inLanguage":"es","@id":"https:\/\/l21.mx\/?p=31397#primaryimage","url":"https:\/\/l21.mx\/wp-content\/uploads\/2018\/03\/inauguracion-naviera-barcos-caribe.jpg","contentUrl":"https:\/\/l21.mx\/wp-content\/uploads\/2018\/03\/inauguracion-naviera-barcos-caribe.jpg","width":719,"height":410},{"@type":"BreadcrumbList","@id":"https:\/\/l21.mx\/?p=31397#breadcrumb","itemListElement":[{"@type":"ListItem","position":1,"name":"Portada","item":"https:\/\/l21.mx\/"},{"@type":"ListItem","position":2,"name":"PERITOS DETERMINAN QUE SE US\u00d3 UN ARTEFACTO DE FABRICACI\u00d3N CASERA"}]},{"@type":"WebSite","@id":"https:\/\/l21.mx\/#website","url":"https:\/\/l21.mx\/","name":"Revista Latitud 21","description":"Emprendedores  y negocios en el Caribe Mexicano","publisher":{"@id":"https:\/\/l21.mx\/#organization"},"potentialAction":[{"@type":"SearchAction","target":{"@type":"EntryPoint","urlTemplate":"https:\/\/l21.mx\/?s={search_term_string}"},"query-input":{"@type":"PropertyValueSpecification","valueRequired":true,"valueName":"search_term_string"}}],"inLanguage":"es"},{"@type":"Organization","@id":"https:\/\/l21.mx\/#organization","name":"Grupo Editorial Latitud 21 SA de CV","url":"https:\/\/l21.mx\/","logo":{"@type":"ImageObject","inLanguage":"es","@id":"https:\/\/l21.mx\/#\/schema\/logo\/image\/","url":"https:\/\/l21.mx\/wp-content\/uploads\/2020\/10\/logo-l21-baja.jpg","contentUrl":"https:\/\/l21.mx\/wp-content\/uploads\/2020\/10\/logo-l21-baja.jpg","width":250,"height":250,"caption":"Grupo Editorial Latitud 21 SA de CV"},"image":{"@id":"https:\/\/l21.mx\/#\/schema\/logo\/image\/"},"sameAs":["https:\/\/www.facebook.com\/RevistaLatitud21\/","https:\/\/x.com\/Latitud21mx"]},{"@type":"Person","@id":"https:\/\/l21.mx\/#\/schema\/person\/4b571cc212089f95579f3b66253728f1","name":"Latitud21 Redacci\u00f3n","url":"https:\/\/l21.mx\/?author=2"}]}},"amp_enabled":true,"_links":{"self":[{"href":"https:\/\/l21.mx\/index.php?rest_route=\/wp\/v2\/posts\/31397","targetHints":{"allow":["GET"]}}],"collection":[{"href":"https:\/\/l21.mx\/index.php?rest_route=\/wp\/v2\/posts"}],"about":[{"href":"https:\/\/l21.mx\/index.php?rest_route=\/wp\/v2\/types\/post"}],"author":[{"embeddable":true,"href":"https:\/\/l21.mx\/index.php?rest_route=\/wp\/v2\/users\/2"}],"replies":[{"embeddable":true,"href":"https:\/\/l21.mx\/index.php?rest_route=%2Fwp%2Fv2%2Fcomments&post=31397"}],"version-history":[{"count":0,"href":"https:\/\/l21.mx\/index.php?rest_route=\/wp\/v2\/posts\/31397\/revisions"}],"wp:featuredmedia":[{"embeddable":true,"href":"https:\/\/l21.mx\/index.php?rest_route=\/wp\/v2\/media\/31398"}],"wp:attachment":[{"href":"https:\/\/l21.mx\/index.php?rest_route=%2Fwp%2Fv2%2Fmedia&parent=31397"}],"wp:term":[{"taxonomy":"category","embeddable":true,"href":"https:\/\/l21.mx\/index.php?rest_route=%2Fwp%2Fv2%2Fcategories&post=31397"},{"taxonomy":"post_tag","embeddable":true,"href":"https:\/\/l21.mx\/index.php?rest_route=%2Fwp%2Fv2%2Ftags&post=31397"}],"curies":[{"name":"wp","href":"https:\/\/api.w.org\/{rel}","templated":true}]}}