{"id":31430,"date":"2018-03-13T17:56:36","date_gmt":"2018-03-13T22:56:36","guid":{"rendered":"http:\/\/innovatori.space\/lat21\/?p=31430"},"modified":"2018-03-13T17:56:36","modified_gmt":"2018-03-13T22:56:36","slug":"avanza-en-senado-reforma-para-regular-turismo-todo-incluido","status":"publish","type":"post","link":"https:\/\/l21.mx\/?p=31430","title":{"rendered":"Avanza en Senado reforma para regular turismo todo incluido"},"content":{"rendered":"<p><img fetchpriority=\"high\" decoding=\"async\" class=\"aligncenter size-full wp-image-31431\" src=\"http:\/\/l21.mx\/wp-content\/uploads\/2018\/03\/all-inclusive-cancun.jpg\" alt=\"\" width=\"720\" height=\"457\" srcset=\"https:\/\/l21.mx\/wp-content\/uploads\/2018\/03\/all-inclusive-cancun.jpg 720w, https:\/\/l21.mx\/wp-content\/uploads\/2018\/03\/all-inclusive-cancun-300x190.jpg 300w, https:\/\/l21.mx\/wp-content\/uploads\/2018\/03\/all-inclusive-cancun-585x371.jpg 585w\" sizes=\"(max-width: 720px) 100vw, 720px\" \/><\/p>\n<p>La <strong>Comisi\u00f3n de Turismo<\/strong> del<strong> Senado de la Rep\u00fablica<\/strong> aprob\u00f3 la iniciativa que propone regular el<strong> turismo todo incluido<\/strong>, con el prop\u00f3sito de<strong> proteger<\/strong> a las<strong> micro<\/strong>, <strong>peque\u00f1as<\/strong> y<strong> medianas empresas<\/strong>.<\/p>\n<p>La reforma propone facultar a la<strong> Secretar\u00eda de Turismo<\/strong> (Sectur) para fortalecer y promover las micro, peque\u00f1as y medianas empresas <strong>tur\u00edsticas<\/strong>, garantizando que las condiciones de oferta fomenten una competencia sana e incluyente para que no sean desplazadas.<\/p>\n<p>La senadora <strong>Luz Mar\u00eda Beristain<\/strong>, del<strong> Partido del Trabajo<\/strong> (PT), impulsora de la reforma, dijo que se establece una disposici\u00f3n que <strong>proh\u00edbe<\/strong> la<strong> concentraci\u00f3n<\/strong> estricta de<strong> servicios tur\u00edsticos<\/strong> en un <strong>prestador<\/strong> o <strong>establecimiento<\/strong>, sin que ello implique prohibir los paquetes \u201ctodo incluido\u201d.<\/p>\n<p>Al fundamentar su iniciativa para modificar la <strong>Ley General de Turismo<\/strong>, la legisladora expuso que el objetivo es alcanzar un desarrollo tur\u00edstico incluyente y equitativo entre los sectores social y privado, garantizando que el desarrollo tur\u00edstico integre a los diversos sectores sociales en condiciones de equidad, as\u00ed como prohibir la concentraci\u00f3n estricta de servicios tur\u00edsticos en un solo prestador.<\/p>\n<p><strong>Luz Mar\u00eda Beristian<\/strong> coment\u00f3 que con esta iniciativa, el turista tendr\u00e1 el derecho a solicitar en cualquier momento la cancelaci\u00f3n de los servicios contratados, en cuyo caso no se podr\u00e1 establecer una penalizaci\u00f3n desproporcionada.<\/p>\n<p>La secretaria de la <strong>Comisi\u00f3n de Turismo<\/strong> destac\u00f3 que el rumbo que tom\u00f3 el turismo en los \u00faltimos 15 a\u00f1os aunque ha sido exitoso, tambi\u00e9n ha generado contrastes y desigualdades en el mismo sector.<\/p>\n","protected":false},"excerpt":{"rendered":"<p>La Comisi\u00f3n de Turismo del Senado de la Rep\u00fablica aprob\u00f3 la iniciativa que propone regular el&hellip;<\/p>\n","protected":false},"author":2,"featured_media":31431,"comment_status":"open","ping_status":"open","sticky":false,"template":"","format":"standard","meta":{"_acf_changed":false,"_lmt_disableupdate":"","_lmt_disable":"","_mbp_gutenberg_autopost":false,"footnotes":""},"categories":[23,8],"tags":[],"class_list":["post-31430","post","type-post","status-publish","format-standard","has-post-thumbnail","hentry","category-noticias","category-turismo"],"acf":[],"_links":{"self":[{"href":"https:\/\/l21.mx\/index.php?rest_route=\/wp\/v2\/posts\/31430","targetHints":{"allow":["GET"]}}],"collection":[{"href":"https:\/\/l21.mx\/index.php?rest_route=\/wp\/v2\/posts"}],"about":[{"href":"https:\/\/l21.mx\/index.php?rest_route=\/wp\/v2\/types\/post"}],"author":[{"embeddable":true,"href":"https:\/\/l21.mx\/index.php?rest_route=\/wp\/v2\/users\/2"}],"replies":[{"embeddable":true,"href":"https:\/\/l21.mx\/index.php?rest_route=%2Fwp%2Fv2%2Fcomments&post=31430"}],"version-history":[{"count":0,"href":"https:\/\/l21.mx\/index.php?rest_route=\/wp\/v2\/posts\/31430\/revisions"}],"wp:featuredmedia":[{"embeddable":true,"href":"https:\/\/l21.mx\/index.php?rest_route=\/wp\/v2\/media\/31431"}],"wp:attachment":[{"href":"https:\/\/l21.mx\/index.php?rest_route=%2Fwp%2Fv2%2Fmedia&parent=31430"}],"wp:term":[{"taxonomy":"category","embeddable":true,"href":"https:\/\/l21.mx\/index.php?rest_route=%2Fwp%2Fv2%2Fcategories&post=31430"},{"taxonomy":"post_tag","embeddable":true,"href":"https:\/\/l21.mx\/index.php?rest_route=%2Fwp%2Fv2%2Ftags&post=31430"}],"curies":[{"name":"wp","href":"https:\/\/api.w.org\/{rel}","templated":true}]}}