{"id":3149,"date":"2013-06-06T13:16:01","date_gmt":"2013-06-06T18:16:01","guid":{"rendered":"http:\/\/innovatori.space\/lat21\/?p=3149"},"modified":"2013-06-06T13:18:42","modified_gmt":"2013-06-06T18:18:42","slug":"pasteleteria-restaurante-%e2%86%91%e2%86%91","status":"publish","type":"post","link":"https:\/\/l21.mx\/?p=3149","title":{"rendered":"Pasteleter\u00eda Restaurante  \u2191\u2191"},"content":{"rendered":"<p><a href=\"http:\/\/l21.mx\/wp-content\/uploads\/2013\/06\/PASTELETERIA-1.jpg\" data-rel=\"penci-gallery-image-content\" ><img fetchpriority=\"high\" decoding=\"async\" class=\"aligncenter size-large wp-image-3150\" title=\"PASTELETERIA (1)\" src=\"http:\/\/l21.mx\/wp-content\/uploads\/2013\/06\/PASTELETERIA-1-1024x679.jpg\" alt=\"\" width=\"1024\" height=\"679\" srcset=\"https:\/\/l21.mx\/wp-content\/uploads\/2013\/06\/PASTELETERIA-1-1024x679.jpg 1024w, https:\/\/l21.mx\/wp-content\/uploads\/2013\/06\/PASTELETERIA-1-300x199.jpg 300w, https:\/\/l21.mx\/wp-content\/uploads\/2013\/06\/PASTELETERIA-1-128x85.jpg 128w, https:\/\/l21.mx\/wp-content\/uploads\/2013\/06\/PASTELETERIA-1-600x398.jpg 600w, https:\/\/l21.mx\/wp-content\/uploads\/2013\/06\/PASTELETERIA-1-167x110.jpg 167w, https:\/\/l21.mx\/wp-content\/uploads\/2013\/06\/PASTELETERIA-1-80x53.jpg 80w, https:\/\/l21.mx\/wp-content\/uploads\/2013\/06\/PASTELETERIA-1.jpg 1500w\" sizes=\"(max-width: 1024px) 100vw, 1024px\" \/><\/a><\/p>\n<p>Marysol y Maribel Gallegos abren la tercera sucursal de su propuesta deli gourmet, ahora con un nuevo concepto gastron\u00f3mico basado en una tradici\u00f3n culinaria familiar con 17 a\u00f1os de experiencia en la zona. El chef Sandro Bastida Ram\u00edrez hizo una selecci\u00f3n a partir de los platillos m\u00e1s representativos de diferentes regiones del pa\u00eds, preparados con ingredientes de cada entidad y productos org\u00e1nicos. Caf\u00e9 gourmet, cava\u00a0 \u00fanicamente de vinos mexicanos, adem\u00e1s de 40 tipos de pasteles, complementa el men\u00fa. Capacidad para 145 pax. Superficie: 120 m2. Empleos directos, 142; indirectos, 500. Av. Bonampak, Plaza Malec\u00f3n Am\u00e9ricas, SM 6, Mza. 1. Tel. 884-59-26.<\/p>\n<p>[editor]sube-y-baja[\/editor]<\/p>\n<div><\/div>\n","protected":false},"excerpt":{"rendered":"<p>Marysol y Maribel Gallegos abren la tercera sucursal de su propuesta deli gourmet, ahora con un&hellip;<\/p>\n","protected":false},"author":2,"featured_media":3151,"comment_status":"open","ping_status":"open","sticky":false,"template":"","format":"standard","meta":{"_acf_changed":false,"_lmt_disableupdate":"","_lmt_disable":"","_mbp_gutenberg_autopost":false,"footnotes":""},"categories":[10],"tags":[63,65,62,48,64,61],"class_list":["post-3149","post","type-post","status-publish","format-standard","has-post-thumbnail","hentry","category-sube-y-baja","tag-caribe-mexicano","tag-grupo-editorial-latitud21","tag-revista-latitud21","tag-cancun","tag-latitud-21","tag-latitud21"],"acf":[],"_links":{"self":[{"href":"https:\/\/l21.mx\/index.php?rest_route=\/wp\/v2\/posts\/3149","targetHints":{"allow":["GET"]}}],"collection":[{"href":"https:\/\/l21.mx\/index.php?rest_route=\/wp\/v2\/posts"}],"about":[{"href":"https:\/\/l21.mx\/index.php?rest_route=\/wp\/v2\/types\/post"}],"author":[{"embeddable":true,"href":"https:\/\/l21.mx\/index.php?rest_route=\/wp\/v2\/users\/2"}],"replies":[{"embeddable":true,"href":"https:\/\/l21.mx\/index.php?rest_route=%2Fwp%2Fv2%2Fcomments&post=3149"}],"version-history":[{"count":0,"href":"https:\/\/l21.mx\/index.php?rest_route=\/wp\/v2\/posts\/3149\/revisions"}],"wp:featuredmedia":[{"embeddable":true,"href":"https:\/\/l21.mx\/index.php?rest_route=\/wp\/v2\/media\/3151"}],"wp:attachment":[{"href":"https:\/\/l21.mx\/index.php?rest_route=%2Fwp%2Fv2%2Fmedia&parent=3149"}],"wp:term":[{"taxonomy":"category","embeddable":true,"href":"https:\/\/l21.mx\/index.php?rest_route=%2Fwp%2Fv2%2Fcategories&post=3149"},{"taxonomy":"post_tag","embeddable":true,"href":"https:\/\/l21.mx\/index.php?rest_route=%2Fwp%2Fv2%2Ftags&post=3149"}],"curies":[{"name":"wp","href":"https:\/\/api.w.org\/{rel}","templated":true}]}}