{"id":31507,"date":"2018-03-26T11:21:59","date_gmt":"2018-03-26T16:21:59","guid":{"rendered":"http:\/\/innovatori.space\/lat21\/?p=31507"},"modified":"2018-03-26T11:21:59","modified_gmt":"2018-03-26T16:21:59","slug":"quintana-roo-tendra-la-primera-planta-de-generacion-de-combustible-para-la-produccion-de-energia-electrica","status":"publish","type":"post","link":"https:\/\/l21.mx\/?p=31507","title":{"rendered":"Quintana Roo tendr\u00e1 la primera planta de generaci\u00f3n de combustible para la producci\u00f3n de \u00a0energ\u00eda el\u00e9ctrica"},"content":{"rendered":"<p><img fetchpriority=\"high\" decoding=\"async\" class=\"aligncenter size-full wp-image-31508\" src=\"http:\/\/l21.mx\/wp-content\/uploads\/2018\/03\/QRoo-tendr\u00e1-la-primera-planta-de-generaci\u00f3n-de-combustible.jpg\" alt=\"\" width=\"800\" height=\"600\" srcset=\"https:\/\/l21.mx\/wp-content\/uploads\/2018\/03\/QRoo-tendr\u00e1-la-primera-planta-de-generaci\u00f3n-de-combustible.jpg 800w, https:\/\/l21.mx\/wp-content\/uploads\/2018\/03\/QRoo-tendr\u00e1-la-primera-planta-de-generaci\u00f3n-de-combustible-300x225.jpg 300w, https:\/\/l21.mx\/wp-content\/uploads\/2018\/03\/QRoo-tendr\u00e1-la-primera-planta-de-generaci\u00f3n-de-combustible-768x576.jpg 768w, https:\/\/l21.mx\/wp-content\/uploads\/2018\/03\/QRoo-tendr\u00e1-la-primera-planta-de-generaci\u00f3n-de-combustible-585x439.jpg 585w\" sizes=\"(max-width: 800px) 100vw, 800px\" \/><\/p>\n<p>Como parte de las acciones para minimizar los efectos del medio ambiente y garantizar la salud de sus habitantes, el gobierno del estado de Quintana Roo firm\u00f3n un convenio que permitir\u00e1 estar a la vanguardia en el manejo adecuado de residuos s\u00f3lidos.<\/p>\n<p>Oscar \u00c1lvarez, subsecretario de Ecolog\u00eda y Medio Ambiente destac\u00f3 que ser\u00e1 la primera planta de generaci\u00f3n de \u00a0combustible para la producci\u00f3n de energ\u00eda el\u00e9ctrica en Quintana Roo y en la mayor parte del pa\u00eds, la cual permitir\u00e1\u00a0abatir los altos costos que representan para la autoridad municipal por el pago de dicho manejo y se atender\u00e1 de manera eficiente los pasivos ambientales de la inadecuada disposici\u00f3n que durante muchos a\u00f1os estuvo esperando en el relleno sanitario.<\/p>\n<p>El liderazgo en el tema se traduce tambi\u00e9n en mostrar que las tecnolog\u00edas est\u00e1n disponibles para avanzar en la modernizaci\u00f3n de Quintana Roo y de M\u00e9xico, este paso trascendental representa un gran avance hacia el desarrollo del sur del estado.<\/p>\n","protected":false},"excerpt":{"rendered":"<p>Como parte de las acciones para minimizar los efectos del medio ambiente y garantizar la salud&hellip;<\/p>\n","protected":false},"author":2,"featured_media":31508,"comment_status":"open","ping_status":"open","sticky":false,"template":"","format":"standard","meta":{"_acf_changed":false,"_lmt_disableupdate":"","_lmt_disable":"","_mbp_gutenberg_autopost":false,"footnotes":""},"categories":[4,23],"tags":[],"class_list":["post-31507","post","type-post","status-publish","format-standard","has-post-thumbnail","hentry","category-empresas-y-negocios","category-noticias"],"acf":[],"_links":{"self":[{"href":"https:\/\/l21.mx\/index.php?rest_route=\/wp\/v2\/posts\/31507","targetHints":{"allow":["GET"]}}],"collection":[{"href":"https:\/\/l21.mx\/index.php?rest_route=\/wp\/v2\/posts"}],"about":[{"href":"https:\/\/l21.mx\/index.php?rest_route=\/wp\/v2\/types\/post"}],"author":[{"embeddable":true,"href":"https:\/\/l21.mx\/index.php?rest_route=\/wp\/v2\/users\/2"}],"replies":[{"embeddable":true,"href":"https:\/\/l21.mx\/index.php?rest_route=%2Fwp%2Fv2%2Fcomments&post=31507"}],"version-history":[{"count":0,"href":"https:\/\/l21.mx\/index.php?rest_route=\/wp\/v2\/posts\/31507\/revisions"}],"wp:featuredmedia":[{"embeddable":true,"href":"https:\/\/l21.mx\/index.php?rest_route=\/wp\/v2\/media\/31508"}],"wp:attachment":[{"href":"https:\/\/l21.mx\/index.php?rest_route=%2Fwp%2Fv2%2Fmedia&parent=31507"}],"wp:term":[{"taxonomy":"category","embeddable":true,"href":"https:\/\/l21.mx\/index.php?rest_route=%2Fwp%2Fv2%2Fcategories&post=31507"},{"taxonomy":"post_tag","embeddable":true,"href":"https:\/\/l21.mx\/index.php?rest_route=%2Fwp%2Fv2%2Ftags&post=31507"}],"curies":[{"name":"wp","href":"https:\/\/api.w.org\/{rel}","templated":true}]}}