{"id":31516,"date":"2018-03-26T12:44:24","date_gmt":"2018-03-26T17:44:24","guid":{"rendered":"http:\/\/innovatori.space\/lat21\/?p=31516"},"modified":"2018-03-26T12:44:41","modified_gmt":"2018-03-26T17:44:41","slug":"caribe-mexicano-preve-ocupacion-hotelera-al-88-en-semana-santa","status":"publish","type":"post","link":"https:\/\/l21.mx\/?p=31516","title":{"rendered":"Caribe Mexicano prev\u00e9 ocupaci\u00f3n hotelera al 88% en Semana Santa"},"content":{"rendered":"<p><img fetchpriority=\"high\" decoding=\"async\" class=\"aligncenter size-full wp-image-31517\" src=\"http:\/\/l21.mx\/wp-content\/uploads\/2018\/03\/semana-santa-cancun-riviera-maya.jpg\" alt=\"\" width=\"1200\" height=\"731\" srcset=\"https:\/\/l21.mx\/wp-content\/uploads\/2018\/03\/semana-santa-cancun-riviera-maya.jpg 1200w, https:\/\/l21.mx\/wp-content\/uploads\/2018\/03\/semana-santa-cancun-riviera-maya-300x183.jpg 300w, https:\/\/l21.mx\/wp-content\/uploads\/2018\/03\/semana-santa-cancun-riviera-maya-1024x624.jpg 1024w, https:\/\/l21.mx\/wp-content\/uploads\/2018\/03\/semana-santa-cancun-riviera-maya-768x468.jpg 768w, https:\/\/l21.mx\/wp-content\/uploads\/2018\/03\/semana-santa-cancun-riviera-maya-1170x713.jpg 1170w, https:\/\/l21.mx\/wp-content\/uploads\/2018\/03\/semana-santa-cancun-riviera-maya-585x356.jpg 585w\" sizes=\"(max-width: 1200px) 100vw, 1200px\" \/><\/p>\n<p>Una ocupaci\u00f3n de 88.80% prev\u00e9 la Secretar\u00eda Estatal de Turismo (Sedetur) para la temporada vacacional de Semana Santa, en el Caribe mexicano; dicho porcentaje representa un incremento de 1.13% con respecto al mismo periodo de 2017 cuando se report\u00f3 una ocupaci\u00f3n de 87.80%.<\/p>\n<p>La titular de la Sedetur, Marisol Vanegas, destac\u00f3 que la afluencia de vacacionistas nacionales e internacionales a destinos tur\u00edsticos como Canc\u00fan, Riviera Maya, Cozumel, Isla Mujeres y Chetumal podr\u00eda llegar a 905 mil 450 visitantes, 1.6%% m\u00e1s que la temporada de Semana Santa de 2017.<\/p>\n<p>En cuanto a la derrama econ\u00f3mica \u2013dijo- la dependencia estima alcanzar 726.72 mdd, 1% m\u00e1s que en el mismo periodo de 2017. A esto se suma que del 26 de marzo al 1 de abril se tiene confirmado el arribo de 42 cruceros a los principales puertos de Quintana Roo.<\/p>\n<p>Asimismo, el coordinador estatal de la Polic\u00eda Federal en Quintana Roo, Juan Manuel Ayala Guarro, inform\u00f3 que, a trav\u00e9s de la Secretar\u00eda de Gobernaci\u00f3n y la Comisi\u00f3n Nacional de Seguridad, del s\u00e1bado 24 de marzo al 8 de abril, se pondr\u00e1 en marcha el Plan Semana Santa 2018, la campa\u00f1a Conductor con Estrella dise\u00f1ada para prevenir la ocurrencia de accidentes vehiculares, a lo que se suma el despliegue de personal de las Fuerzas\u00a0 Federales, Gendarmer\u00eda, Cient\u00edfica, Antidrogas, Investigaci\u00f3n e Inteligencia en las principales zonas de concentraci\u00f3n de turistas nacionales y extranjeros.<\/p>\n<p>Mencion\u00f3 la implementaci\u00f3n de los dispositivos Caballero del Camino para brindar orientaci\u00f3n vial y asistencia mec\u00e1nica, el operativo Carrusel para contener y controlar el avance seguro del aforo vehicular o Radar para detectar a los conductores que exceden la velocidad permitida.<\/p>\n","protected":false},"excerpt":{"rendered":"<p>Una ocupaci\u00f3n de 88.80% prev\u00e9 la Secretar\u00eda Estatal de Turismo (Sedetur) para la temporada vacacional de&hellip;<\/p>\n","protected":false},"author":2,"featured_media":31517,"comment_status":"open","ping_status":"open","sticky":false,"template":"","format":"standard","meta":{"_acf_changed":false,"_lmt_disableupdate":"","_lmt_disable":"","_mbp_gutenberg_autopost":false,"footnotes":""},"categories":[23,8],"tags":[],"class_list":["post-31516","post","type-post","status-publish","format-standard","has-post-thumbnail","hentry","category-noticias","category-turismo"],"acf":[],"_links":{"self":[{"href":"https:\/\/l21.mx\/index.php?rest_route=\/wp\/v2\/posts\/31516","targetHints":{"allow":["GET"]}}],"collection":[{"href":"https:\/\/l21.mx\/index.php?rest_route=\/wp\/v2\/posts"}],"about":[{"href":"https:\/\/l21.mx\/index.php?rest_route=\/wp\/v2\/types\/post"}],"author":[{"embeddable":true,"href":"https:\/\/l21.mx\/index.php?rest_route=\/wp\/v2\/users\/2"}],"replies":[{"embeddable":true,"href":"https:\/\/l21.mx\/index.php?rest_route=%2Fwp%2Fv2%2Fcomments&post=31516"}],"version-history":[{"count":0,"href":"https:\/\/l21.mx\/index.php?rest_route=\/wp\/v2\/posts\/31516\/revisions"}],"wp:featuredmedia":[{"embeddable":true,"href":"https:\/\/l21.mx\/index.php?rest_route=\/wp\/v2\/media\/31517"}],"wp:attachment":[{"href":"https:\/\/l21.mx\/index.php?rest_route=%2Fwp%2Fv2%2Fmedia&parent=31516"}],"wp:term":[{"taxonomy":"category","embeddable":true,"href":"https:\/\/l21.mx\/index.php?rest_route=%2Fwp%2Fv2%2Fcategories&post=31516"},{"taxonomy":"post_tag","embeddable":true,"href":"https:\/\/l21.mx\/index.php?rest_route=%2Fwp%2Fv2%2Ftags&post=31516"}],"curies":[{"name":"wp","href":"https:\/\/api.w.org\/{rel}","templated":true}]}}