{"id":31573,"date":"2018-03-28T12:21:48","date_gmt":"2018-03-28T17:21:48","guid":{"rendered":"http:\/\/innovatori.space\/lat21\/?p=31573"},"modified":"2018-03-28T12:23:09","modified_gmt":"2018-03-28T17:23:09","slug":"danilo-medina-presidente-de-republica-dominicana-se-reune-con-rainieri-fluxa-zozaya-matutes-martinon-y-batle","status":"publish","type":"post","link":"https:\/\/l21.mx\/?p=31573","title":{"rendered":"Danilo Medina presidente de Republica Dominicana se re\u00fane con Rainieri, Flux\u00e1, Zozaya, Matutes, Martinon y Batle"},"content":{"rendered":"<p><img fetchpriority=\"high\" decoding=\"async\" class=\"aligncenter size-full wp-image-31574\" src=\"http:\/\/l21.mx\/wp-content\/uploads\/2018\/03\/Danilo-Medina-presidente-de-Republica-Dominicana-se-re\u00fane-con-Rainieri-Flux\u00e1-Zozaya-Matutes-Martinon-y-Batle.jpg\" alt=\"\" width=\"1024\" height=\"576\" srcset=\"https:\/\/l21.mx\/wp-content\/uploads\/2018\/03\/Danilo-Medina-presidente-de-Republica-Dominicana-se-re\u00fane-con-Rainieri-Flux\u00e1-Zozaya-Matutes-Martinon-y-Batle.jpg 1024w, https:\/\/l21.mx\/wp-content\/uploads\/2018\/03\/Danilo-Medina-presidente-de-Republica-Dominicana-se-re\u00fane-con-Rainieri-Flux\u00e1-Zozaya-Matutes-Martinon-y-Batle-300x169.jpg 300w, https:\/\/l21.mx\/wp-content\/uploads\/2018\/03\/Danilo-Medina-presidente-de-Republica-Dominicana-se-re\u00fane-con-Rainieri-Flux\u00e1-Zozaya-Matutes-Martinon-y-Batle-768x432.jpg 768w, https:\/\/l21.mx\/wp-content\/uploads\/2018\/03\/Danilo-Medina-presidente-de-Republica-Dominicana-se-re\u00fane-con-Rainieri-Flux\u00e1-Zozaya-Matutes-Martinon-y-Batle-585x329.jpg 585w\" sizes=\"(max-width: 1024px) 100vw, 1024px\" \/><\/p>\n<p><strong>El presidente Danilo Medina se reuni\u00f3 este jueves en Punta Cana con empresarios hoteleros, con los que intercambi\u00f3 sobre el crecimiento del turismo, la satisfacci\u00f3n de la oferta de ese enclave y los planes a futuro del sector.<\/strong><\/p>\n<p>En el encuentro participaron <strong>Frank Rainieri, Haydee Kuret de Rainieri, Frank El\u00edas Rainieri, del Grupo Punta Cana<\/strong>, as\u00ed como <strong>Miguel Flux\u00e1, del Grupo Iberostar;<\/strong> <strong>Alex Zozaya, de Apple Leissure Group<\/strong>; <strong>Abel Matutes Juan, de Palladium Hotel Group<\/strong>; <strong>Santiago Batle, del Grupo Batle<\/strong>; <strong>Enrique Martinon y Enrique Martinon hijo, del Grupo Martin\u00f3n.<\/strong><\/p>\n<p>Asimismo, Ernesto Veloz, presidente de la Asociaci\u00f3n de Hoteles de Punta Cana y Joel Santos, presidente de la Asociaci\u00f3n de Hoteles y Turismo (Asonahores).<\/p>\n<p>La reuni\u00f3n se realiz\u00f3 en la residencia de Frank Rainieri, en un ambiente de cordialidad, y el Jefe de Estado escuch\u00f3 los requerimientos de los empresarios para mantener a este destino como uno de los favoritos de la regi\u00f3n del Caribe.<\/p>\n<p>Seg\u00fan destaca un comunicado de la Presidencia, Rep\u00fablica Dominicana se acerca a cumplir la meta de alcanzar los 10 millones de turistas al finalizar el a\u00f1o 2023.<\/p>\n<p>Danilo Medina se re\u00fane con Rainieri, Flux\u00e1, Zozaya, Matutes, Martinon y Batle<\/p>\n<p>S\u00f3lo durante el 2017, fueron inauguradas 12 instalaciones hoteleras, algunos de renombradas cadenas internacionales.<\/p>\n<p>El pa\u00eds caribe\u00f1o increment\u00f3 su oferta habitacional hotelera en unas 8,360 habitaciones, para totalizar las 82 mil; 6.2 millones de turistas y un mill\u00f3n cien mil cruceristas visitaron nuestro pa\u00eds, en total de 7.3 millones de personas.<\/p>\n<p>Tambi\u00e9s est\u00e1n en construcci\u00f3n 13,000 nuevas habitaciones y 3,600 m\u00e1s en proceso de remodelaci\u00f3n.<\/p>\n<p style=\"text-align: center;\"><strong>Generador de divisas y empleos<\/strong><\/p>\n<p>El a\u00f1o pasado, el sector gener\u00f3 divisas por un monto aproximado a los US$7,200 millones.<\/p>\n<p>Adem\u00e1s, el Consejo de Fomento Tur\u00edstico aprob\u00f3 en 2017 la clasificaci\u00f3n de 73 proyectos tur\u00edsticos, que generar\u00e1n a su vez alrededor de 27,000 empleos directos e indirectos.<\/p>\n<p>Seg\u00fan estad\u00edsticas de la Presidencia, el turismo genera actualmente m\u00e1s de 330 mil empleos directos, m\u00e1s de la mitad de ellos ocupados por mujeres. (Con informaci\u00f3n de Hosteltur)<\/p>\n","protected":false},"excerpt":{"rendered":"<p>El presidente Danilo Medina se reuni\u00f3 este jueves en Punta Cana con empresarios hoteleros, con los&hellip;<\/p>\n","protected":false},"author":2,"featured_media":31574,"comment_status":"open","ping_status":"open","sticky":false,"template":"","format":"standard","meta":{"_acf_changed":false,"_lmt_disableupdate":"","_lmt_disable":"","_mbp_gutenberg_autopost":false,"footnotes":""},"categories":[4],"tags":[],"class_list":["post-31573","post","type-post","status-publish","format-standard","has-post-thumbnail","hentry","category-empresas-y-negocios"],"acf":[],"_links":{"self":[{"href":"https:\/\/l21.mx\/index.php?rest_route=\/wp\/v2\/posts\/31573","targetHints":{"allow":["GET"]}}],"collection":[{"href":"https:\/\/l21.mx\/index.php?rest_route=\/wp\/v2\/posts"}],"about":[{"href":"https:\/\/l21.mx\/index.php?rest_route=\/wp\/v2\/types\/post"}],"author":[{"embeddable":true,"href":"https:\/\/l21.mx\/index.php?rest_route=\/wp\/v2\/users\/2"}],"replies":[{"embeddable":true,"href":"https:\/\/l21.mx\/index.php?rest_route=%2Fwp%2Fv2%2Fcomments&post=31573"}],"version-history":[{"count":0,"href":"https:\/\/l21.mx\/index.php?rest_route=\/wp\/v2\/posts\/31573\/revisions"}],"wp:featuredmedia":[{"embeddable":true,"href":"https:\/\/l21.mx\/index.php?rest_route=\/wp\/v2\/media\/31574"}],"wp:attachment":[{"href":"https:\/\/l21.mx\/index.php?rest_route=%2Fwp%2Fv2%2Fmedia&parent=31573"}],"wp:term":[{"taxonomy":"category","embeddable":true,"href":"https:\/\/l21.mx\/index.php?rest_route=%2Fwp%2Fv2%2Fcategories&post=31573"},{"taxonomy":"post_tag","embeddable":true,"href":"https:\/\/l21.mx\/index.php?rest_route=%2Fwp%2Fv2%2Ftags&post=31573"}],"curies":[{"name":"wp","href":"https:\/\/api.w.org\/{rel}","templated":true}]}}