{"id":31725,"date":"2018-04-12T10:59:56","date_gmt":"2018-04-12T15:59:56","guid":{"rendered":"http:\/\/innovatori.space\/lat21\/?p=31725"},"modified":"2018-04-12T10:59:56","modified_gmt":"2018-04-12T15:59:56","slug":"uber-ahora-tambien-rentara-automoviles-y-bicicletas","status":"publish","type":"post","link":"https:\/\/l21.mx\/?p=31725","title":{"rendered":"Uber ahora tambi\u00e9n rentara autom\u00f3viles y bicicletas"},"content":{"rendered":"<p><img fetchpriority=\"high\" decoding=\"async\" class=\"aligncenter size-large wp-image-31726\" src=\"http:\/\/l21.mx\/wp-content\/uploads\/2018\/04\/uberrent-1024x617.jpg\" alt=\"\" width=\"1024\" height=\"617\" srcset=\"https:\/\/l21.mx\/wp-content\/uploads\/2018\/04\/uberrent-1024x617.jpg 1024w, https:\/\/l21.mx\/wp-content\/uploads\/2018\/04\/uberrent-300x181.jpg 300w, https:\/\/l21.mx\/wp-content\/uploads\/2018\/04\/uberrent-768x463.jpg 768w, https:\/\/l21.mx\/wp-content\/uploads\/2018\/04\/uberrent-585x353.jpg 585w, https:\/\/l21.mx\/wp-content\/uploads\/2018\/04\/uberrent.jpg 1078w\" sizes=\"(max-width: 1024px) 100vw, 1024px\" \/><\/p>\n<p><strong>Uber <\/strong>quiere convertirse en una plataforma multi-transporte. Tras anunciar la compra de <strong>Jump Bikes<\/strong> para entrar en el sector de las bicicletas el\u00e9ctricas compartidas, ahora la empresa ha apostado por el <strong>alquiler de coches.<\/strong><\/p>\n<p>Bajo el nombre de <strong>UberRent<\/strong>, la compa\u00f1\u00eda de Dara Khosrowshahi importar\u00e1 este modelo de negocio a su aplicaci\u00f3n, donde los usuarios podr\u00e1n hacer sus reservas. Se lanzar\u00e1 en<strong> San Francisco<\/strong> a finales de este mes de abril y, una vez mejorada la experiencia, se expandir\u00e1 por otras ciudades de Estados Unidos.<\/p>\n<div class=\"summary-new\" style=\"text-align: center;\"><strong>Uber se ha asociado con Getaround para este lanzamiento<\/strong><\/div>\n<p>La llegada de <strong>UberRent<\/strong> viene acompa\u00f1ada de varias asociaciones con empresas como <strong>Getaround<\/strong>, un servicio de reserva de coches que permite a los propietarios alquilar sus veh\u00edculos a los turistas, vecinos o personas de su misma ciudad.<\/p>\n<p style=\"text-align: center;\"><strong>Tambi\u00e9n transporte p\u00fablico<\/strong><\/p>\n<p>El transporte p\u00fablico ser\u00e1 otra \u00e1rea en la que Uber tenga presencia. La empresa <strong>Masabi<\/strong> se encarga de vender tickets y tiene alianzas con m\u00e1s de 30 agencias de transporte en todo el mundo. As\u00ed, Uber permitir\u00e1 que los usuarios compren los <strong>billetes para el transporte p\u00fablico<\/strong> a trav\u00e9s de su aplicaci\u00f3n.<\/p>\n<p><em>\u00abPara muchas personas, moverse por su ciudad ya es un algo multimodal, y esta asociaci\u00f3n permitir\u00e1 a los pasajeros combinar sin problemas el transporte p\u00fablico con otras opciones de transporte como el viaje compartido, sin importar a d\u00f3nde necesiten ir\u00bb<\/em>, ha declarado el CEO de Uber en un comunicado.<\/p>\n","protected":false},"excerpt":{"rendered":"<p>Uber quiere convertirse en una plataforma multi-transporte. Tras anunciar la compra de Jump Bikes para entrar&hellip;<\/p>\n","protected":false},"author":2,"featured_media":31726,"comment_status":"open","ping_status":"open","sticky":false,"template":"","format":"standard","meta":{"_acf_changed":false,"_lmt_disableupdate":"","_lmt_disable":"","_mbp_gutenberg_autopost":false,"footnotes":""},"categories":[23],"tags":[],"class_list":["post-31725","post","type-post","status-publish","format-standard","has-post-thumbnail","hentry","category-noticias"],"acf":[],"_links":{"self":[{"href":"https:\/\/l21.mx\/index.php?rest_route=\/wp\/v2\/posts\/31725","targetHints":{"allow":["GET"]}}],"collection":[{"href":"https:\/\/l21.mx\/index.php?rest_route=\/wp\/v2\/posts"}],"about":[{"href":"https:\/\/l21.mx\/index.php?rest_route=\/wp\/v2\/types\/post"}],"author":[{"embeddable":true,"href":"https:\/\/l21.mx\/index.php?rest_route=\/wp\/v2\/users\/2"}],"replies":[{"embeddable":true,"href":"https:\/\/l21.mx\/index.php?rest_route=%2Fwp%2Fv2%2Fcomments&post=31725"}],"version-history":[{"count":0,"href":"https:\/\/l21.mx\/index.php?rest_route=\/wp\/v2\/posts\/31725\/revisions"}],"wp:featuredmedia":[{"embeddable":true,"href":"https:\/\/l21.mx\/index.php?rest_route=\/wp\/v2\/media\/31726"}],"wp:attachment":[{"href":"https:\/\/l21.mx\/index.php?rest_route=%2Fwp%2Fv2%2Fmedia&parent=31725"}],"wp:term":[{"taxonomy":"category","embeddable":true,"href":"https:\/\/l21.mx\/index.php?rest_route=%2Fwp%2Fv2%2Fcategories&post=31725"},{"taxonomy":"post_tag","embeddable":true,"href":"https:\/\/l21.mx\/index.php?rest_route=%2Fwp%2Fv2%2Ftags&post=31725"}],"curies":[{"name":"wp","href":"https:\/\/api.w.org\/{rel}","templated":true}]}}