{"id":31744,"date":"2018-04-13T18:23:23","date_gmt":"2018-04-13T23:23:23","guid":{"rendered":"http:\/\/innovatori.space\/lat21\/?p=31744"},"modified":"2018-04-13T18:23:23","modified_gmt":"2018-04-13T23:23:23","slug":"primero-foro-del-dia-del-delfin","status":"publish","type":"post","link":"https:\/\/l21.mx\/?p=31744","title":{"rendered":"Primero Foro del D\u00eda del Delf\u00edn"},"content":{"rendered":"<p><img fetchpriority=\"high\" decoding=\"async\" class=\"aligncenter size-large wp-image-31745\" src=\"http:\/\/l21.mx\/wp-content\/uploads\/2018\/04\/dia-del-delfin-1024x683.jpg\" alt=\"\" width=\"1024\" height=\"683\" srcset=\"https:\/\/l21.mx\/wp-content\/uploads\/2018\/04\/dia-del-delfin-1024x683.jpg 1024w, https:\/\/l21.mx\/wp-content\/uploads\/2018\/04\/dia-del-delfin-300x200.jpg 300w, https:\/\/l21.mx\/wp-content\/uploads\/2018\/04\/dia-del-delfin-768x512.jpg 768w, https:\/\/l21.mx\/wp-content\/uploads\/2018\/04\/dia-del-delfin-1170x780.jpg 1170w, https:\/\/l21.mx\/wp-content\/uploads\/2018\/04\/dia-del-delfin-585x390.jpg 585w, https:\/\/l21.mx\/wp-content\/uploads\/2018\/04\/dia-del-delfin-263x175.jpg 263w, https:\/\/l21.mx\/wp-content\/uploads\/2018\/04\/dia-del-delfin.jpg 1200w\" sizes=\"(max-width: 1024px) 100vw, 1024px\" \/><\/p>\n<p>Canc\u00fan.- Expertos en la conservaci\u00f3n y protecci\u00f3n de delfines de <strong>Quintana Roo<\/strong> participaron en el primer foro del<strong> D\u00eda del Delf\u00edn<\/strong>, que se llev\u00f3 a cabo en esta ciudad, para informar a la poblaci\u00f3n sobre las diversas actividades que se realizan en el cuidado de la especie.<\/p>\n<p>En el mercado del evento, <strong>Roberto S\u00e1nchez<\/strong>, director de Medicina Veterinaria de <strong>Dolphin Discovery<\/strong>, mencion\u00f3 que \u201cla intenci\u00f3n de este foro es que los habitantes nos escuchen, que los partidos pol\u00edticos se den cuenta que para legislar una ley como la que promovi\u00f3 el<strong> Verde Ecologista<\/strong> y el <strong>PRI<\/strong> a favor del bienestar de los animales, se requiere de la opini\u00f3n de los expertos\u201d.<\/p>\n<p>Consider\u00f3 que las intenciones de los activistas son buenas, sin embargo, no tienen la preparaci\u00f3n ni son expertos en el tema, ya que son amas de casa, ingenieros y abogados. \u201cLo que hacemos no es con el fin de convencer a las personas, sino que tenga la otra versi\u00f3n de lo que se realiza para la protecci\u00f3n y conservaci\u00f3n de los mam\u00edferos marinos\u201d.<\/p>\n<p>El ejecutivo destac\u00f3 que ayer la Comisi\u00f3n de Recursos\u00a0 Naturales de la <strong>C\u00e1mara de Diputados<\/strong> dio marcha atr\u00e1s a la iniciativa de la <strong>Ley General de Biodiversidad<\/strong>, presentada por el Partido Verde, que pretend\u00eda suprimir la reproducci\u00f3n de los mam\u00edferos marinos bajo el cuidado humano.<\/p>\n<p>\u201cEs una iniciativa que atentaba en contra de las \u00e1reas naturales protegidas, de los derechos de los pueblos ind\u00edgenas, de la <strong>Ley Forestal<\/strong>, de la vida silvestre que abr\u00eda las puertas a la miner\u00eda por medio del \u2018<strong><em>fracking<\/em><\/strong>\u2019\u201d, a\u00f1adi\u00f3.<\/p>\n<p>Confi\u00f3 que el Senado de la Rep\u00fablica tambi\u00e9n d\u00e9 marcha atr\u00e1s en la aprobaci\u00f3n de la ley, ya que cerca de diez mil familias de Quintana Roo se quedar\u00edan sin empleo, adem\u00e1s de que se perder\u00edan al a\u00f1o el pago de impuestos de casi 500 millones de pesos que van a las arcas del Estado y un atractivo tur\u00edstico, y se atentar\u00eda contra la salud y bienestar de los animales.<\/p>\n<p>En el evento participaron m\u00e9dicos veterinarios y especialistas en mam\u00edferos marinos de Dolphin Discovery, de la Universidad de Quintana Roo, del Consejo Nacional de Ciencia y Tecnolog\u00eda (Conacyt) y la Procuradur\u00eda General de la Rep\u00fablica (PGR).<\/p>\n<p>Asimismo, se realiz\u00f3 la premiaci\u00f3n de los ganadores del concurso de dibujo, en el que participaron un total de 59 ni\u00f1os.<\/p>\n<p>\u201cPara Dolphin Discovery es importante concientizar a ni\u00f1os y adultos acerca del cuidado de los mam\u00edferos marinos y del medio ambiente, es por ello que realiza este tipo de eventos, donde la participaci\u00f3n de escuelas, universidades y organismos p\u00fablicos es vital, a fin de alcanzar el objetivo\u201d, coment\u00f3 Adriana Barbosa, coordinadora de Educaci\u00f3n Ambiental de Grupo Dolphin Discovery.<\/p>\n","protected":false},"excerpt":{"rendered":"<p>Canc\u00fan.- Expertos en la conservaci\u00f3n y protecci\u00f3n de delfines de Quintana Roo participaron en el primer&hellip;<\/p>\n","protected":false},"author":2,"featured_media":31746,"comment_status":"open","ping_status":"open","sticky":false,"template":"","format":"standard","meta":{"_acf_changed":false,"_lmt_disableupdate":"","_lmt_disable":"","_mbp_gutenberg_autopost":false,"footnotes":""},"categories":[23,35],"tags":[],"class_list":["post-31744","post","type-post","status-publish","format-standard","has-post-thumbnail","hentry","category-noticias","category-responsabilidad-social"],"acf":[],"yoast_head":"<!-- This site is optimized with the Yoast SEO plugin v27.3 - https:\/\/yoast.com\/product\/yoast-seo-wordpress\/ -->\n<title>Primero Foro del D\u00eda del Delf\u00edn | Revista Latitud 21<\/title>\n<meta name=\"description\" content=\"L21, Emprendedores y Negocios en el Caribe Mexicano, es la revista l\u00edder entre el Sector Empresarial y Tur\u00edstico del Caribe Mexicano.\" \/>\n<meta name=\"robots\" content=\"index, follow, max-snippet:-1, max-image-preview:large, max-video-preview:-1\" \/>\n<link rel=\"canonical\" href=\"https:\/\/l21.mx\/?p=31744\" \/>\n<meta name=\"twitter:card\" content=\"summary_large_image\" \/>\n<meta name=\"twitter:title\" content=\"Primero Foro del D\u00eda del Delf\u00edn | Revista Latitud 21\" \/>\n<meta name=\"twitter:description\" content=\"L21, Emprendedores y Negocios en el Caribe Mexicano, es la revista l\u00edder entre el Sector Empresarial y Tur\u00edstico del Caribe Mexicano.\" \/>\n<meta name=\"twitter:image\" content=\"https:\/\/l21.mx\/wp-content\/uploads\/2018\/04\/dia-del-delfin-2018.jpg\" \/>\n<meta name=\"twitter:creator\" content=\"@Latitud21mx\" \/>\n<meta name=\"twitter:site\" content=\"@Latitud21mx\" \/>\n<meta name=\"twitter:label1\" content=\"Escrito por\" \/>\n\t<meta name=\"twitter:data1\" content=\"Latitud21 Redacci\u00f3n\" \/>\n\t<meta name=\"twitter:label2\" content=\"Tiempo de lectura\" \/>\n\t<meta name=\"twitter:data2\" content=\"2 minutos\" \/>\n<script type=\"application\/ld+json\" class=\"yoast-schema-graph\">{\"@context\":\"https:\\\/\\\/schema.org\",\"@graph\":[{\"@type\":\"Article\",\"@id\":\"https:\\\/\\\/l21.mx\\\/?p=31744#article\",\"isPartOf\":{\"@id\":\"https:\\\/\\\/l21.mx\\\/?p=31744\"},\"author\":{\"name\":\"Latitud21 Redacci\u00f3n\",\"@id\":\"https:\\\/\\\/l21.mx\\\/#\\\/schema\\\/person\\\/4b571cc212089f95579f3b66253728f1\"},\"headline\":\"Primero Foro del D\u00eda del Delf\u00edn\",\"datePublished\":\"2018-04-13T23:23:23+00:00\",\"mainEntityOfPage\":{\"@id\":\"https:\\\/\\\/l21.mx\\\/?p=31744\"},\"wordCount\":497,\"commentCount\":0,\"publisher\":{\"@id\":\"https:\\\/\\\/l21.mx\\\/#organization\"},\"image\":{\"@id\":\"https:\\\/\\\/l21.mx\\\/?p=31744#primaryimage\"},\"thumbnailUrl\":\"https:\\\/\\\/l21.mx\\\/wp-content\\\/uploads\\\/2018\\\/04\\\/dia-del-delfin-2018.jpg\",\"articleSection\":[\"Noticias\",\"Responsabilidad social\"],\"inLanguage\":\"es\",\"potentialAction\":[{\"@type\":\"CommentAction\",\"name\":\"Comment\",\"target\":[\"https:\\\/\\\/l21.mx\\\/?p=31744#respond\"]}]},{\"@type\":\"WebPage\",\"@id\":\"https:\\\/\\\/l21.mx\\\/?p=31744\",\"url\":\"https:\\\/\\\/l21.mx\\\/?p=31744\",\"name\":\"Primero Foro del D\u00eda del Delf\u00edn | Revista Latitud 21\",\"isPartOf\":{\"@id\":\"https:\\\/\\\/l21.mx\\\/#website\"},\"primaryImageOfPage\":{\"@id\":\"https:\\\/\\\/l21.mx\\\/?p=31744#primaryimage\"},\"image\":{\"@id\":\"https:\\\/\\\/l21.mx\\\/?p=31744#primaryimage\"},\"thumbnailUrl\":\"https:\\\/\\\/l21.mx\\\/wp-content\\\/uploads\\\/2018\\\/04\\\/dia-del-delfin-2018.jpg\",\"datePublished\":\"2018-04-13T23:23:23+00:00\",\"description\":\"L21, Emprendedores y Negocios en el Caribe Mexicano, es la revista l\u00edder entre el Sector Empresarial y Tur\u00edstico del Caribe Mexicano.\",\"breadcrumb\":{\"@id\":\"https:\\\/\\\/l21.mx\\\/?p=31744#breadcrumb\"},\"inLanguage\":\"es\",\"potentialAction\":[{\"@type\":\"ReadAction\",\"target\":[\"https:\\\/\\\/l21.mx\\\/?p=31744\"]}]},{\"@type\":\"ImageObject\",\"inLanguage\":\"es\",\"@id\":\"https:\\\/\\\/l21.mx\\\/?p=31744#primaryimage\",\"url\":\"https:\\\/\\\/l21.mx\\\/wp-content\\\/uploads\\\/2018\\\/04\\\/dia-del-delfin-2018.jpg\",\"contentUrl\":\"https:\\\/\\\/l21.mx\\\/wp-content\\\/uploads\\\/2018\\\/04\\\/dia-del-delfin-2018.jpg\",\"width\":720,\"height\":405},{\"@type\":\"BreadcrumbList\",\"@id\":\"https:\\\/\\\/l21.mx\\\/?p=31744#breadcrumb\",\"itemListElement\":[{\"@type\":\"ListItem\",\"position\":1,\"name\":\"Portada\",\"item\":\"https:\\\/\\\/l21.mx\\\/\"},{\"@type\":\"ListItem\",\"position\":2,\"name\":\"Primero Foro del D\u00eda del Delf\u00edn\"}]},{\"@type\":\"WebSite\",\"@id\":\"https:\\\/\\\/l21.mx\\\/#website\",\"url\":\"https:\\\/\\\/l21.mx\\\/\",\"name\":\"Revista Latitud 21\",\"description\":\"Emprendedores  y negocios en el Caribe Mexicano\",\"publisher\":{\"@id\":\"https:\\\/\\\/l21.mx\\\/#organization\"},\"potentialAction\":[{\"@type\":\"SearchAction\",\"target\":{\"@type\":\"EntryPoint\",\"urlTemplate\":\"https:\\\/\\\/l21.mx\\\/?s={search_term_string}\"},\"query-input\":{\"@type\":\"PropertyValueSpecification\",\"valueRequired\":true,\"valueName\":\"search_term_string\"}}],\"inLanguage\":\"es\"},{\"@type\":\"Organization\",\"@id\":\"https:\\\/\\\/l21.mx\\\/#organization\",\"name\":\"Grupo Editorial Latitud 21 SA de CV\",\"url\":\"https:\\\/\\\/l21.mx\\\/\",\"logo\":{\"@type\":\"ImageObject\",\"inLanguage\":\"es\",\"@id\":\"https:\\\/\\\/l21.mx\\\/#\\\/schema\\\/logo\\\/image\\\/\",\"url\":\"https:\\\/\\\/l21.mx\\\/wp-content\\\/uploads\\\/2020\\\/10\\\/logo-l21-baja.jpg\",\"contentUrl\":\"https:\\\/\\\/l21.mx\\\/wp-content\\\/uploads\\\/2020\\\/10\\\/logo-l21-baja.jpg\",\"width\":250,\"height\":250,\"caption\":\"Grupo Editorial Latitud 21 SA de CV\"},\"image\":{\"@id\":\"https:\\\/\\\/l21.mx\\\/#\\\/schema\\\/logo\\\/image\\\/\"},\"sameAs\":[\"https:\\\/\\\/www.facebook.com\\\/RevistaLatitud21\\\/\",\"https:\\\/\\\/x.com\\\/Latitud21mx\"]},{\"@type\":\"Person\",\"@id\":\"https:\\\/\\\/l21.mx\\\/#\\\/schema\\\/person\\\/4b571cc212089f95579f3b66253728f1\",\"name\":\"Latitud21 Redacci\u00f3n\",\"url\":\"https:\\\/\\\/l21.mx\\\/?author=2\"}]}<\/script>\n<!-- \/ Yoast SEO plugin. -->","yoast_head_json":{"title":"Primero Foro del D\u00eda del Delf\u00edn | Revista Latitud 21","description":"L21, Emprendedores y Negocios en el Caribe Mexicano, es la revista l\u00edder entre el Sector Empresarial y Tur\u00edstico del Caribe Mexicano.","robots":{"index":"index","follow":"follow","max-snippet":"max-snippet:-1","max-image-preview":"max-image-preview:large","max-video-preview":"max-video-preview:-1"},"canonical":"https:\/\/l21.mx\/?p=31744","twitter_card":"summary_large_image","twitter_title":"Primero Foro del D\u00eda del Delf\u00edn | Revista Latitud 21","twitter_description":"L21, Emprendedores y Negocios en el Caribe Mexicano, es la revista l\u00edder entre el Sector Empresarial y Tur\u00edstico del Caribe Mexicano.","twitter_image":"https:\/\/l21.mx\/wp-content\/uploads\/2018\/04\/dia-del-delfin-2018.jpg","twitter_creator":"@Latitud21mx","twitter_site":"@Latitud21mx","twitter_misc":{"Escrito por":"Latitud21 Redacci\u00f3n","Tiempo de lectura":"2 minutos"},"schema":{"@context":"https:\/\/schema.org","@graph":[{"@type":"Article","@id":"https:\/\/l21.mx\/?p=31744#article","isPartOf":{"@id":"https:\/\/l21.mx\/?p=31744"},"author":{"name":"Latitud21 Redacci\u00f3n","@id":"https:\/\/l21.mx\/#\/schema\/person\/4b571cc212089f95579f3b66253728f1"},"headline":"Primero Foro del D\u00eda del Delf\u00edn","datePublished":"2018-04-13T23:23:23+00:00","mainEntityOfPage":{"@id":"https:\/\/l21.mx\/?p=31744"},"wordCount":497,"commentCount":0,"publisher":{"@id":"https:\/\/l21.mx\/#organization"},"image":{"@id":"https:\/\/l21.mx\/?p=31744#primaryimage"},"thumbnailUrl":"https:\/\/l21.mx\/wp-content\/uploads\/2018\/04\/dia-del-delfin-2018.jpg","articleSection":["Noticias","Responsabilidad social"],"inLanguage":"es","potentialAction":[{"@type":"CommentAction","name":"Comment","target":["https:\/\/l21.mx\/?p=31744#respond"]}]},{"@type":"WebPage","@id":"https:\/\/l21.mx\/?p=31744","url":"https:\/\/l21.mx\/?p=31744","name":"Primero Foro del D\u00eda del Delf\u00edn | Revista Latitud 21","isPartOf":{"@id":"https:\/\/l21.mx\/#website"},"primaryImageOfPage":{"@id":"https:\/\/l21.mx\/?p=31744#primaryimage"},"image":{"@id":"https:\/\/l21.mx\/?p=31744#primaryimage"},"thumbnailUrl":"https:\/\/l21.mx\/wp-content\/uploads\/2018\/04\/dia-del-delfin-2018.jpg","datePublished":"2018-04-13T23:23:23+00:00","description":"L21, Emprendedores y Negocios en el Caribe Mexicano, es la revista l\u00edder entre el Sector Empresarial y Tur\u00edstico del Caribe Mexicano.","breadcrumb":{"@id":"https:\/\/l21.mx\/?p=31744#breadcrumb"},"inLanguage":"es","potentialAction":[{"@type":"ReadAction","target":["https:\/\/l21.mx\/?p=31744"]}]},{"@type":"ImageObject","inLanguage":"es","@id":"https:\/\/l21.mx\/?p=31744#primaryimage","url":"https:\/\/l21.mx\/wp-content\/uploads\/2018\/04\/dia-del-delfin-2018.jpg","contentUrl":"https:\/\/l21.mx\/wp-content\/uploads\/2018\/04\/dia-del-delfin-2018.jpg","width":720,"height":405},{"@type":"BreadcrumbList","@id":"https:\/\/l21.mx\/?p=31744#breadcrumb","itemListElement":[{"@type":"ListItem","position":1,"name":"Portada","item":"https:\/\/l21.mx\/"},{"@type":"ListItem","position":2,"name":"Primero Foro del D\u00eda del Delf\u00edn"}]},{"@type":"WebSite","@id":"https:\/\/l21.mx\/#website","url":"https:\/\/l21.mx\/","name":"Revista Latitud 21","description":"Emprendedores  y negocios en el Caribe Mexicano","publisher":{"@id":"https:\/\/l21.mx\/#organization"},"potentialAction":[{"@type":"SearchAction","target":{"@type":"EntryPoint","urlTemplate":"https:\/\/l21.mx\/?s={search_term_string}"},"query-input":{"@type":"PropertyValueSpecification","valueRequired":true,"valueName":"search_term_string"}}],"inLanguage":"es"},{"@type":"Organization","@id":"https:\/\/l21.mx\/#organization","name":"Grupo Editorial Latitud 21 SA de CV","url":"https:\/\/l21.mx\/","logo":{"@type":"ImageObject","inLanguage":"es","@id":"https:\/\/l21.mx\/#\/schema\/logo\/image\/","url":"https:\/\/l21.mx\/wp-content\/uploads\/2020\/10\/logo-l21-baja.jpg","contentUrl":"https:\/\/l21.mx\/wp-content\/uploads\/2020\/10\/logo-l21-baja.jpg","width":250,"height":250,"caption":"Grupo Editorial Latitud 21 SA de CV"},"image":{"@id":"https:\/\/l21.mx\/#\/schema\/logo\/image\/"},"sameAs":["https:\/\/www.facebook.com\/RevistaLatitud21\/","https:\/\/x.com\/Latitud21mx"]},{"@type":"Person","@id":"https:\/\/l21.mx\/#\/schema\/person\/4b571cc212089f95579f3b66253728f1","name":"Latitud21 Redacci\u00f3n","url":"https:\/\/l21.mx\/?author=2"}]}},"amp_enabled":true,"_links":{"self":[{"href":"https:\/\/l21.mx\/index.php?rest_route=\/wp\/v2\/posts\/31744","targetHints":{"allow":["GET"]}}],"collection":[{"href":"https:\/\/l21.mx\/index.php?rest_route=\/wp\/v2\/posts"}],"about":[{"href":"https:\/\/l21.mx\/index.php?rest_route=\/wp\/v2\/types\/post"}],"author":[{"embeddable":true,"href":"https:\/\/l21.mx\/index.php?rest_route=\/wp\/v2\/users\/2"}],"replies":[{"embeddable":true,"href":"https:\/\/l21.mx\/index.php?rest_route=%2Fwp%2Fv2%2Fcomments&post=31744"}],"version-history":[{"count":0,"href":"https:\/\/l21.mx\/index.php?rest_route=\/wp\/v2\/posts\/31744\/revisions"}],"wp:featuredmedia":[{"embeddable":true,"href":"https:\/\/l21.mx\/index.php?rest_route=\/wp\/v2\/media\/31746"}],"wp:attachment":[{"href":"https:\/\/l21.mx\/index.php?rest_route=%2Fwp%2Fv2%2Fmedia&parent=31744"}],"wp:term":[{"taxonomy":"category","embeddable":true,"href":"https:\/\/l21.mx\/index.php?rest_route=%2Fwp%2Fv2%2Fcategories&post=31744"},{"taxonomy":"post_tag","embeddable":true,"href":"https:\/\/l21.mx\/index.php?rest_route=%2Fwp%2Fv2%2Ftags&post=31744"}],"curies":[{"name":"wp","href":"https:\/\/api.w.org\/{rel}","templated":true}]}}