{"id":31752,"date":"2018-04-17T09:42:30","date_gmt":"2018-04-17T14:42:30","guid":{"rendered":"http:\/\/innovatori.space\/lat21\/?p=31752"},"modified":"2018-04-17T09:44:31","modified_gmt":"2018-04-17T14:44:31","slug":"mexico-el-sexto-destino-turistico-mas-importante-del-mundo","status":"publish","type":"post","link":"https:\/\/l21.mx\/?p=31752","title":{"rendered":"M\u00e9xico el sexto destino tur\u00edstico m\u00e1s importante del mundo"},"content":{"rendered":"<p><img fetchpriority=\"high\" decoding=\"async\" class=\"aligncenter size-full wp-image-31753\" src=\"http:\/\/l21.mx\/wp-content\/uploads\/2018\/04\/post_tianguis-turistico-mazatlan-blog.jpg\" alt=\"\" width=\"360\" height=\"229\" srcset=\"https:\/\/l21.mx\/wp-content\/uploads\/2018\/04\/post_tianguis-turistico-mazatlan-blog.jpg 360w, https:\/\/l21.mx\/wp-content\/uploads\/2018\/04\/post_tianguis-turistico-mazatlan-blog-300x191.jpg 300w\" sizes=\"(max-width: 360px) 100vw, 360px\" \/><\/p>\n<p><em>Al inaugurar el <\/em><strong>Tianguis Tur\u00edstico 2018<\/strong><em>, <\/em><em>dijo\u00a0<\/em><em>\u00absi hacemos bien las cuentas, es mucho lo que hemos avanzado y hemos logrado como naci\u00f3n, y m\u00e1s en el sector tur\u00edstico. Pasamos de ser el d\u00e9cimo quinto destino tur\u00edstico m\u00e1s importante del mundo, ya de por s\u00ed relevante con 23 millones de turistas, a ser hoy el sexto, y lo quiero anunciar antes de conocer los datos oficiales de la Organizaci\u00f3n Internacional de Turismo\u00bb: EPN<\/em><\/p>\n<p>El <strong>Gobierno es un facilitador <\/strong>que ha trazado una ruta para el desarrollo del pa\u00eds.\u00a0 Al inicio de la Administraci\u00f3n.<\/p>\n<p>\u201cNos trazamos alcanzar poco m\u00e1s de 156 mil millones de d\u00f3lares de Inversi\u00f3n Extranjera Directa, que de por s\u00ed ya era mucho, y superaba en mucho lo que se hab\u00eda logrado tener en el pasado. Ya vamos en m\u00e1s de 175 mil millones de d\u00f3lares de inversi\u00f3n directa invertidos en nuestro pa\u00eds, m\u00e1s casi 200 mil millones de d\u00f3lares que se han comprometido en el sector energ\u00e9tico, a partir de la Reforma que ya est\u00e1 detonando m\u00e1s de 500 mil empleos, y que ello va en consistencia con los millones de empleos que genera el sector tur\u00edstico\u00bb: EPN<\/p>\n<ul>\n<li>De acuerdo a distintas estimaciones, <strong>10 millones de empleos directos e indirectos genera el sector tur\u00edstico<\/strong>, y 60 por ciento de ellos son para mujeres y para j\u00f3venes.<\/li>\n<li>El turismo nacional representa el mayor volumen del turismo que recorre el pa\u00eds, <strong>m\u00e1s de 80 por ciento del turismo es nacional.<\/strong><\/li>\n<li>Se pas\u00f3 de tener poco m\u00e1s de 40 millones de pasajeros en vuelos comerciales, a tener <strong>hoy m\u00e1s de 70 millones de pasajeros<\/strong>, esto es reflejo del dinamismo de la econom\u00eda, de la estabilidad econ\u00f3mica, \u00a0y del anclaje y de los cimientos que se han construido en esta Administraci\u00f3n para que M\u00e9xico siga prosperando y para que M\u00e9xico siga creciendo.<\/li>\n<\/ul>\n<blockquote><p>\u00abDe eso hablan los 3.5 millones de empleos que se han generado, el mismo n\u00famero de empleos generados en los 12 a\u00f1os anteriores. En s\u00f3lo cinco a\u00f1os y meses se ha llegado a esta importante cifra de empleos\u00bb: EPN.<\/p><\/blockquote>\n<ul>\n<li>Hoy se tienen mil destinos nuevos de la aviaci\u00f3n comercial. Ha crecido en mil nuevos destinos, nacionales e internacionales.<\/li>\n<\/ul>\n","protected":false},"excerpt":{"rendered":"<p>Al inaugurar el Tianguis Tur\u00edstico 2018, dijo\u00a0\u00absi hacemos bien las cuentas, es mucho lo que hemos&hellip;<\/p>\n","protected":false},"author":2,"featured_media":31753,"comment_status":"open","ping_status":"open","sticky":false,"template":"","format":"standard","meta":{"_acf_changed":false,"_lmt_disableupdate":"","_lmt_disable":"","_mbp_gutenberg_autopost":false,"footnotes":""},"categories":[23,8],"tags":[],"class_list":["post-31752","post","type-post","status-publish","format-standard","has-post-thumbnail","hentry","category-noticias","category-turismo"],"acf":[],"yoast_head":"<!-- This site is optimized with the Yoast SEO plugin v27.3 - https:\/\/yoast.com\/product\/yoast-seo-wordpress\/ -->\n<title>M\u00e9xico el sexto destino tur\u00edstico m\u00e1s importante del mundo | Revista Latitud 21<\/title>\n<meta name=\"description\" content=\"L21, Emprendedores y Negocios en el Caribe Mexicano, es la revista l\u00edder entre el Sector Empresarial y Tur\u00edstico del Caribe Mexicano.\" \/>\n<meta name=\"robots\" content=\"index, follow, max-snippet:-1, max-image-preview:large, max-video-preview:-1\" \/>\n<link rel=\"canonical\" href=\"https:\/\/l21.mx\/?p=31752\" \/>\n<meta name=\"twitter:card\" content=\"summary_large_image\" \/>\n<meta name=\"twitter:title\" content=\"M\u00e9xico el sexto destino tur\u00edstico m\u00e1s importante del mundo | Revista Latitud 21\" \/>\n<meta name=\"twitter:description\" content=\"L21, Emprendedores y Negocios en el Caribe Mexicano, es la revista l\u00edder entre el Sector Empresarial y Tur\u00edstico del Caribe Mexicano.\" \/>\n<meta name=\"twitter:image\" content=\"https:\/\/l21.mx\/wp-content\/uploads\/2018\/04\/post_tianguis-turistico-mazatlan-blog.jpg\" \/>\n<meta name=\"twitter:creator\" content=\"@Latitud21mx\" \/>\n<meta name=\"twitter:site\" content=\"@Latitud21mx\" \/>\n<meta name=\"twitter:label1\" content=\"Escrito por\" \/>\n\t<meta name=\"twitter:data1\" content=\"Latitud21 Redacci\u00f3n\" \/>\n\t<meta name=\"twitter:label2\" content=\"Tiempo de lectura\" \/>\n\t<meta name=\"twitter:data2\" content=\"2 minutos\" \/>\n<script type=\"application\/ld+json\" class=\"yoast-schema-graph\">{\"@context\":\"https:\\\/\\\/schema.org\",\"@graph\":[{\"@type\":\"Article\",\"@id\":\"https:\\\/\\\/l21.mx\\\/?p=31752#article\",\"isPartOf\":{\"@id\":\"https:\\\/\\\/l21.mx\\\/?p=31752\"},\"author\":{\"name\":\"Latitud21 Redacci\u00f3n\",\"@id\":\"https:\\\/\\\/l21.mx\\\/#\\\/schema\\\/person\\\/4b571cc212089f95579f3b66253728f1\"},\"headline\":\"M\u00e9xico el sexto destino tur\u00edstico m\u00e1s importante del mundo\",\"datePublished\":\"2018-04-17T14:42:30+00:00\",\"dateModified\":\"2018-04-17T14:44:31+00:00\",\"mainEntityOfPage\":{\"@id\":\"https:\\\/\\\/l21.mx\\\/?p=31752\"},\"wordCount\":397,\"commentCount\":0,\"publisher\":{\"@id\":\"https:\\\/\\\/l21.mx\\\/#organization\"},\"image\":{\"@id\":\"https:\\\/\\\/l21.mx\\\/?p=31752#primaryimage\"},\"thumbnailUrl\":\"https:\\\/\\\/l21.mx\\\/wp-content\\\/uploads\\\/2018\\\/04\\\/post_tianguis-turistico-mazatlan-blog.jpg\",\"articleSection\":[\"Noticias\",\"Turismo\"],\"inLanguage\":\"es\",\"potentialAction\":[{\"@type\":\"CommentAction\",\"name\":\"Comment\",\"target\":[\"https:\\\/\\\/l21.mx\\\/?p=31752#respond\"]}]},{\"@type\":\"WebPage\",\"@id\":\"https:\\\/\\\/l21.mx\\\/?p=31752\",\"url\":\"https:\\\/\\\/l21.mx\\\/?p=31752\",\"name\":\"M\u00e9xico el sexto destino tur\u00edstico m\u00e1s importante del mundo | Revista Latitud 21\",\"isPartOf\":{\"@id\":\"https:\\\/\\\/l21.mx\\\/#website\"},\"primaryImageOfPage\":{\"@id\":\"https:\\\/\\\/l21.mx\\\/?p=31752#primaryimage\"},\"image\":{\"@id\":\"https:\\\/\\\/l21.mx\\\/?p=31752#primaryimage\"},\"thumbnailUrl\":\"https:\\\/\\\/l21.mx\\\/wp-content\\\/uploads\\\/2018\\\/04\\\/post_tianguis-turistico-mazatlan-blog.jpg\",\"datePublished\":\"2018-04-17T14:42:30+00:00\",\"dateModified\":\"2018-04-17T14:44:31+00:00\",\"description\":\"L21, Emprendedores y Negocios en el Caribe Mexicano, es la revista l\u00edder entre el Sector Empresarial y Tur\u00edstico del Caribe Mexicano.\",\"breadcrumb\":{\"@id\":\"https:\\\/\\\/l21.mx\\\/?p=31752#breadcrumb\"},\"inLanguage\":\"es\",\"potentialAction\":[{\"@type\":\"ReadAction\",\"target\":[\"https:\\\/\\\/l21.mx\\\/?p=31752\"]}]},{\"@type\":\"ImageObject\",\"inLanguage\":\"es\",\"@id\":\"https:\\\/\\\/l21.mx\\\/?p=31752#primaryimage\",\"url\":\"https:\\\/\\\/l21.mx\\\/wp-content\\\/uploads\\\/2018\\\/04\\\/post_tianguis-turistico-mazatlan-blog.jpg\",\"contentUrl\":\"https:\\\/\\\/l21.mx\\\/wp-content\\\/uploads\\\/2018\\\/04\\\/post_tianguis-turistico-mazatlan-blog.jpg\",\"width\":360,\"height\":229},{\"@type\":\"BreadcrumbList\",\"@id\":\"https:\\\/\\\/l21.mx\\\/?p=31752#breadcrumb\",\"itemListElement\":[{\"@type\":\"ListItem\",\"position\":1,\"name\":\"Portada\",\"item\":\"https:\\\/\\\/l21.mx\\\/\"},{\"@type\":\"ListItem\",\"position\":2,\"name\":\"M\u00e9xico el sexto destino tur\u00edstico m\u00e1s importante del mundo\"}]},{\"@type\":\"WebSite\",\"@id\":\"https:\\\/\\\/l21.mx\\\/#website\",\"url\":\"https:\\\/\\\/l21.mx\\\/\",\"name\":\"Revista Latitud 21\",\"description\":\"Emprendedores  y negocios en el Caribe Mexicano\",\"publisher\":{\"@id\":\"https:\\\/\\\/l21.mx\\\/#organization\"},\"potentialAction\":[{\"@type\":\"SearchAction\",\"target\":{\"@type\":\"EntryPoint\",\"urlTemplate\":\"https:\\\/\\\/l21.mx\\\/?s={search_term_string}\"},\"query-input\":{\"@type\":\"PropertyValueSpecification\",\"valueRequired\":true,\"valueName\":\"search_term_string\"}}],\"inLanguage\":\"es\"},{\"@type\":\"Organization\",\"@id\":\"https:\\\/\\\/l21.mx\\\/#organization\",\"name\":\"Grupo Editorial Latitud 21 SA de CV\",\"url\":\"https:\\\/\\\/l21.mx\\\/\",\"logo\":{\"@type\":\"ImageObject\",\"inLanguage\":\"es\",\"@id\":\"https:\\\/\\\/l21.mx\\\/#\\\/schema\\\/logo\\\/image\\\/\",\"url\":\"https:\\\/\\\/l21.mx\\\/wp-content\\\/uploads\\\/2020\\\/10\\\/logo-l21-baja.jpg\",\"contentUrl\":\"https:\\\/\\\/l21.mx\\\/wp-content\\\/uploads\\\/2020\\\/10\\\/logo-l21-baja.jpg\",\"width\":250,\"height\":250,\"caption\":\"Grupo Editorial Latitud 21 SA de CV\"},\"image\":{\"@id\":\"https:\\\/\\\/l21.mx\\\/#\\\/schema\\\/logo\\\/image\\\/\"},\"sameAs\":[\"https:\\\/\\\/www.facebook.com\\\/RevistaLatitud21\\\/\",\"https:\\\/\\\/x.com\\\/Latitud21mx\"]},{\"@type\":\"Person\",\"@id\":\"https:\\\/\\\/l21.mx\\\/#\\\/schema\\\/person\\\/4b571cc212089f95579f3b66253728f1\",\"name\":\"Latitud21 Redacci\u00f3n\",\"url\":\"https:\\\/\\\/l21.mx\\\/?author=2\"}]}<\/script>\n<!-- \/ Yoast SEO plugin. -->","yoast_head_json":{"title":"M\u00e9xico el sexto destino tur\u00edstico m\u00e1s importante del mundo | Revista Latitud 21","description":"L21, Emprendedores y Negocios en el Caribe Mexicano, es la revista l\u00edder entre el Sector Empresarial y Tur\u00edstico del Caribe Mexicano.","robots":{"index":"index","follow":"follow","max-snippet":"max-snippet:-1","max-image-preview":"max-image-preview:large","max-video-preview":"max-video-preview:-1"},"canonical":"https:\/\/l21.mx\/?p=31752","twitter_card":"summary_large_image","twitter_title":"M\u00e9xico el sexto destino tur\u00edstico m\u00e1s importante del mundo | Revista Latitud 21","twitter_description":"L21, Emprendedores y Negocios en el Caribe Mexicano, es la revista l\u00edder entre el Sector Empresarial y Tur\u00edstico del Caribe Mexicano.","twitter_image":"https:\/\/l21.mx\/wp-content\/uploads\/2018\/04\/post_tianguis-turistico-mazatlan-blog.jpg","twitter_creator":"@Latitud21mx","twitter_site":"@Latitud21mx","twitter_misc":{"Escrito por":"Latitud21 Redacci\u00f3n","Tiempo de lectura":"2 minutos"},"schema":{"@context":"https:\/\/schema.org","@graph":[{"@type":"Article","@id":"https:\/\/l21.mx\/?p=31752#article","isPartOf":{"@id":"https:\/\/l21.mx\/?p=31752"},"author":{"name":"Latitud21 Redacci\u00f3n","@id":"https:\/\/l21.mx\/#\/schema\/person\/4b571cc212089f95579f3b66253728f1"},"headline":"M\u00e9xico el sexto destino tur\u00edstico m\u00e1s importante del mundo","datePublished":"2018-04-17T14:42:30+00:00","dateModified":"2018-04-17T14:44:31+00:00","mainEntityOfPage":{"@id":"https:\/\/l21.mx\/?p=31752"},"wordCount":397,"commentCount":0,"publisher":{"@id":"https:\/\/l21.mx\/#organization"},"image":{"@id":"https:\/\/l21.mx\/?p=31752#primaryimage"},"thumbnailUrl":"https:\/\/l21.mx\/wp-content\/uploads\/2018\/04\/post_tianguis-turistico-mazatlan-blog.jpg","articleSection":["Noticias","Turismo"],"inLanguage":"es","potentialAction":[{"@type":"CommentAction","name":"Comment","target":["https:\/\/l21.mx\/?p=31752#respond"]}]},{"@type":"WebPage","@id":"https:\/\/l21.mx\/?p=31752","url":"https:\/\/l21.mx\/?p=31752","name":"M\u00e9xico el sexto destino tur\u00edstico m\u00e1s importante del mundo | Revista Latitud 21","isPartOf":{"@id":"https:\/\/l21.mx\/#website"},"primaryImageOfPage":{"@id":"https:\/\/l21.mx\/?p=31752#primaryimage"},"image":{"@id":"https:\/\/l21.mx\/?p=31752#primaryimage"},"thumbnailUrl":"https:\/\/l21.mx\/wp-content\/uploads\/2018\/04\/post_tianguis-turistico-mazatlan-blog.jpg","datePublished":"2018-04-17T14:42:30+00:00","dateModified":"2018-04-17T14:44:31+00:00","description":"L21, Emprendedores y Negocios en el Caribe Mexicano, es la revista l\u00edder entre el Sector Empresarial y Tur\u00edstico del Caribe Mexicano.","breadcrumb":{"@id":"https:\/\/l21.mx\/?p=31752#breadcrumb"},"inLanguage":"es","potentialAction":[{"@type":"ReadAction","target":["https:\/\/l21.mx\/?p=31752"]}]},{"@type":"ImageObject","inLanguage":"es","@id":"https:\/\/l21.mx\/?p=31752#primaryimage","url":"https:\/\/l21.mx\/wp-content\/uploads\/2018\/04\/post_tianguis-turistico-mazatlan-blog.jpg","contentUrl":"https:\/\/l21.mx\/wp-content\/uploads\/2018\/04\/post_tianguis-turistico-mazatlan-blog.jpg","width":360,"height":229},{"@type":"BreadcrumbList","@id":"https:\/\/l21.mx\/?p=31752#breadcrumb","itemListElement":[{"@type":"ListItem","position":1,"name":"Portada","item":"https:\/\/l21.mx\/"},{"@type":"ListItem","position":2,"name":"M\u00e9xico el sexto destino tur\u00edstico m\u00e1s importante del mundo"}]},{"@type":"WebSite","@id":"https:\/\/l21.mx\/#website","url":"https:\/\/l21.mx\/","name":"Revista Latitud 21","description":"Emprendedores  y negocios en el Caribe Mexicano","publisher":{"@id":"https:\/\/l21.mx\/#organization"},"potentialAction":[{"@type":"SearchAction","target":{"@type":"EntryPoint","urlTemplate":"https:\/\/l21.mx\/?s={search_term_string}"},"query-input":{"@type":"PropertyValueSpecification","valueRequired":true,"valueName":"search_term_string"}}],"inLanguage":"es"},{"@type":"Organization","@id":"https:\/\/l21.mx\/#organization","name":"Grupo Editorial Latitud 21 SA de CV","url":"https:\/\/l21.mx\/","logo":{"@type":"ImageObject","inLanguage":"es","@id":"https:\/\/l21.mx\/#\/schema\/logo\/image\/","url":"https:\/\/l21.mx\/wp-content\/uploads\/2020\/10\/logo-l21-baja.jpg","contentUrl":"https:\/\/l21.mx\/wp-content\/uploads\/2020\/10\/logo-l21-baja.jpg","width":250,"height":250,"caption":"Grupo Editorial Latitud 21 SA de CV"},"image":{"@id":"https:\/\/l21.mx\/#\/schema\/logo\/image\/"},"sameAs":["https:\/\/www.facebook.com\/RevistaLatitud21\/","https:\/\/x.com\/Latitud21mx"]},{"@type":"Person","@id":"https:\/\/l21.mx\/#\/schema\/person\/4b571cc212089f95579f3b66253728f1","name":"Latitud21 Redacci\u00f3n","url":"https:\/\/l21.mx\/?author=2"}]}},"amp_enabled":true,"_links":{"self":[{"href":"https:\/\/l21.mx\/index.php?rest_route=\/wp\/v2\/posts\/31752","targetHints":{"allow":["GET"]}}],"collection":[{"href":"https:\/\/l21.mx\/index.php?rest_route=\/wp\/v2\/posts"}],"about":[{"href":"https:\/\/l21.mx\/index.php?rest_route=\/wp\/v2\/types\/post"}],"author":[{"embeddable":true,"href":"https:\/\/l21.mx\/index.php?rest_route=\/wp\/v2\/users\/2"}],"replies":[{"embeddable":true,"href":"https:\/\/l21.mx\/index.php?rest_route=%2Fwp%2Fv2%2Fcomments&post=31752"}],"version-history":[{"count":0,"href":"https:\/\/l21.mx\/index.php?rest_route=\/wp\/v2\/posts\/31752\/revisions"}],"wp:featuredmedia":[{"embeddable":true,"href":"https:\/\/l21.mx\/index.php?rest_route=\/wp\/v2\/media\/31753"}],"wp:attachment":[{"href":"https:\/\/l21.mx\/index.php?rest_route=%2Fwp%2Fv2%2Fmedia&parent=31752"}],"wp:term":[{"taxonomy":"category","embeddable":true,"href":"https:\/\/l21.mx\/index.php?rest_route=%2Fwp%2Fv2%2Fcategories&post=31752"},{"taxonomy":"post_tag","embeddable":true,"href":"https:\/\/l21.mx\/index.php?rest_route=%2Fwp%2Fv2%2Ftags&post=31752"}],"curies":[{"name":"wp","href":"https:\/\/api.w.org\/{rel}","templated":true}]}}