{"id":31766,"date":"2018-04-19T19:04:07","date_gmt":"2018-04-20T00:04:07","guid":{"rendered":"http:\/\/innovatori.space\/lat21\/?p=31766"},"modified":"2018-04-19T19:04:07","modified_gmt":"2018-04-20T00:04:07","slug":"semarnat-abre-controversia-constitucional-contra-centro-urbano-en-holbox","status":"publish","type":"post","link":"https:\/\/l21.mx\/?p=31766","title":{"rendered":"Semarnat abre controversia constitucional contra centro urbano en Holbox"},"content":{"rendered":"<div class=\"container\">\n<div class=\"columns margin-b-0\"><\/div>\n<div class=\"columns margin-b-0\">\n<div class=\"column is-12-touch is-8-desktop\">\n<h2><img fetchpriority=\"high\" decoding=\"async\" class=\"aligncenter size-large wp-image-7590\" src=\"http:\/\/l21.mx\/wp-content\/uploads\/2014\/07\/holbox-1024x470.jpg\" alt=\"\" width=\"1024\" height=\"470\" srcset=\"https:\/\/l21.mx\/wp-content\/uploads\/2014\/07\/holbox-1024x470.jpg 1024w, https:\/\/l21.mx\/wp-content\/uploads\/2014\/07\/holbox-300x138.jpg 300w, https:\/\/l21.mx\/wp-content\/uploads\/2014\/07\/holbox-768x353.jpg 768w, https:\/\/l21.mx\/wp-content\/uploads\/2014\/07\/holbox-1170x537.jpg 1170w, https:\/\/l21.mx\/wp-content\/uploads\/2014\/07\/holbox-585x269.jpg 585w, https:\/\/l21.mx\/wp-content\/uploads\/2014\/07\/holbox.jpg 1276w\" sizes=\"(max-width: 1024px) 100vw, 1024px\" \/><\/h2>\n<h2>La Semarnat y Conanp iniciaron una controversia en contra del Programa de Desarrollo Urbano en L\u00e1zaro C\u00e1rdenas, Quintana Roo, porque compromete un \u00c1rea Natural Protegida.<\/h2>\n<h2>En esta zona habitan m\u00e1s de mil 100 especies, de las cuales 112 est\u00e1n en alguna categor\u00eda de riesgo.<\/h2>\n<\/div>\n<\/div>\n<div class=\"columns\"><\/div>\n<\/div>\n<div><\/div>\n<div class=\"container main-article-text\">\n<div class=\"columns\">\n<div class=\"column\">\n<div class=\"columns is-multiline\">\n<div class=\"column is-10 is-offset-2 is-9-fullhd is-offset-3-fullhd content\">\n<p class=\"paragraph\" data-count=\"263\" data-wrap=\"36\">La Secretar\u00eda de Medio Ambiente y Recursos Naturales (<strong>SEMARNAT)<\/strong> y la Comisi\u00f3n Nacional de \u00c1reas Naturales Protegidas <strong>(CONANP)<\/strong> inician <strong>controversia constitucional <\/strong>contra el<strong> Programa de Desarrollo Urbano<\/strong>publicado por el Municipio de L\u00e1zaro C\u00e1rdenas, Quintana Roo .<\/p>\n<p class=\"paragraph\" data-count=\"360\" data-wrap=\"66\">La controversia se da en respuesta al <strong>Programa de Desarrollo Urbano del Municipio de L\u00e1zaro C\u00e1rdenas,<\/strong> publicado el <strong>viernes 13 de abril , <\/strong>en el cual se establece la creaci\u00f3n de un<strong> nuevo centro de poblaci\u00f3n en la Isla Grande de Holbox<\/strong> a lo largo de 22 kil\u00f3metros de la duna costera que no ha sido perturbada y que se encuentra en perfecto estado de conservaci\u00f3n.<\/p>\n<p class=\"paragraph\" data-count=\"277\" data-wrap=\"43\">\u00abEsta publicaci\u00f3n contraviene el articulo 46 de la <strong>Ley General del Equilibrio Ecol\u00f3gico y la Protecci\u00f3n al Medio Ambiente <\/strong>(LEGEPA) que enuncia: \u201cEn las \u00c1reas Naturales Protegidas, no podr\u00e1 autorizarse la fundaci\u00f3n de nuevos <strong>centros de poblaci\u00f3n<\/strong>\u201d, seg\u00fan se lee en el comunicado.<\/p>\n<div class=\"teads-inread sm-screen\"><\/div>\n<p class=\"paragraph\" data-count=\"201\" data-wrap=\"32\">La <strong>SEMARNAT y CONANP <\/strong>argumentaron que dicho programa es <strong>inconstitucional <\/strong>y pone en riesgo la conservaci\u00f3n de la riqueza natural de <strong>Holbox y Yum Balam . <\/strong>Adem\u00e1s, invade competencias de la esfera federal.<\/p>\n<div class=\"image__block \"><\/div>\n<p class=\"paragraph\" data-count=\"193\" data-wrap=\"36\">La isla de Holbox forma parte del<strong> \u00c1rea Natural Protegida<\/strong> (ANP) Yum Balam, ubicada al norte del estado de<strong> Quintana Roo<\/strong> y en 1994 fue decretada como un <strong>\u00c1rea de Protecci\u00f3n de Flora y Fauna (<\/strong>APFF).<\/p>\n<p class=\"paragraph\" data-count=\"291\" data-wrap=\"48\">Esta zona es el hogar de 4 especies de <strong>manglar, selvas, lagunas y dunas costeras, arrecifes coralinos,<\/strong> <strong>tortugas marinas, jaguares,<\/strong> sitios de reproducci\u00f3n del flamenco rosado, de agregaci\u00f3n de<strong> tibur\u00f3n ballena <\/strong>y m\u00e1s de mil 100 especies, de las cuales <strong>112 est\u00e1n en alguna categor\u00eda de riesgo.<\/strong><\/p>\n<p class=\"paragraph\" data-count=\"100\" data-wrap=\"14\">Alejandro del Mazo, Comisionado Nacional de \u00c1reas Naturales Protegidas, dio el anuncio v\u00eda Twitter<\/p>\n<div class=\"rich__block \"><\/div>\n<\/div>\n<\/div>\n<\/div>\n<\/div>\n<\/div>\n","protected":false},"excerpt":{"rendered":"<p>La Semarnat y Conanp iniciaron una controversia en contra del Programa de Desarrollo Urbano en L\u00e1zaro&hellip;<\/p>\n","protected":false},"author":2,"featured_media":0,"comment_status":"open","ping_status":"open","sticky":false,"template":"","format":"standard","meta":{"_acf_changed":false,"_lmt_disableupdate":"","_lmt_disable":"","_mbp_gutenberg_autopost":false,"footnotes":""},"categories":[23,8],"tags":[],"class_list":["post-31766","post","type-post","status-publish","format-standard","hentry","category-noticias","category-turismo"],"acf":[],"_links":{"self":[{"href":"https:\/\/l21.mx\/index.php?rest_route=\/wp\/v2\/posts\/31766","targetHints":{"allow":["GET"]}}],"collection":[{"href":"https:\/\/l21.mx\/index.php?rest_route=\/wp\/v2\/posts"}],"about":[{"href":"https:\/\/l21.mx\/index.php?rest_route=\/wp\/v2\/types\/post"}],"author":[{"embeddable":true,"href":"https:\/\/l21.mx\/index.php?rest_route=\/wp\/v2\/users\/2"}],"replies":[{"embeddable":true,"href":"https:\/\/l21.mx\/index.php?rest_route=%2Fwp%2Fv2%2Fcomments&post=31766"}],"version-history":[{"count":0,"href":"https:\/\/l21.mx\/index.php?rest_route=\/wp\/v2\/posts\/31766\/revisions"}],"wp:attachment":[{"href":"https:\/\/l21.mx\/index.php?rest_route=%2Fwp%2Fv2%2Fmedia&parent=31766"}],"wp:term":[{"taxonomy":"category","embeddable":true,"href":"https:\/\/l21.mx\/index.php?rest_route=%2Fwp%2Fv2%2Fcategories&post=31766"},{"taxonomy":"post_tag","embeddable":true,"href":"https:\/\/l21.mx\/index.php?rest_route=%2Fwp%2Fv2%2Ftags&post=31766"}],"curies":[{"name":"wp","href":"https:\/\/api.w.org\/{rel}","templated":true}]}}