{"id":31771,"date":"2018-04-23T12:14:50","date_gmt":"2018-04-23T17:14:50","guid":{"rendered":"http:\/\/innovatori.space\/lat21\/?p=31771"},"modified":"2018-04-23T12:14:50","modified_gmt":"2018-04-23T17:14:50","slug":"la-verdadera-historia-del-dia-del-libro-cervantes-y-shakespeare-murieron-el-mismo-dia","status":"publish","type":"post","link":"https:\/\/l21.mx\/?p=31771","title":{"rendered":"La verdadera historia del D\u00eda del Libro, Cervantes y Shakespeare: \u00bfmurieron el mismo d\u00eda?"},"content":{"rendered":"<div class=\"wrap-title clearfix\">\n<h1 class=\"headline-article-main\"><img fetchpriority=\"high\" decoding=\"async\" class=\"aligncenter size-full wp-image-31772\" src=\"http:\/\/l21.mx\/wp-content\/uploads\/2018\/04\/dia-del-libro-2018.jpg\" alt=\"\" width=\"640\" height=\"303\" srcset=\"https:\/\/l21.mx\/wp-content\/uploads\/2018\/04\/dia-del-libro-2018.jpg 640w, https:\/\/l21.mx\/wp-content\/uploads\/2018\/04\/dia-del-libro-2018-300x142.jpg 300w, https:\/\/l21.mx\/wp-content\/uploads\/2018\/04\/dia-del-libro-2018-585x277.jpg 585w\" sizes=\"(max-width: 640px) 100vw, 640px\" \/><\/h1>\n<\/div>\n<div class=\"wrap-content-bleed clearfix\">\n<div class=\"content-main\">\n<section class=\"article-view\">\n<article class=\"clearfix\">\n<div class=\"cnnvideo responsive fave-wrapper\" data-actual-vid-height=\"\" data-detectedheight=\"0\" data-detectedwidth=\"780\" data-heightratio=\"0.6343\"><\/div>\n<section class=\"content-related key-facts clearfix\">\n<ul>\n<li>El D\u00eda del libro es el 23 de abril, en recuerdo de la muerte de <strong>Cervantes y Shakespeare<\/strong><\/li>\n<li><strong>Cervantes<\/strong>, en realidad, muri\u00f3 el 22 de abril de 1616, aunque fue inscrito en la partida de defunci\u00f3n al d\u00eda siguiente<\/li>\n<li>La muerte de Shakespeare fue el 23 de abril de 1616&#8230; en el calendario que entonces usaba el Reino Unido. En el calendario gregoriano, esa fecha se corresponde con el 3 de mayo<\/li>\n<\/ul>\n<\/section>\n<div class=\"content-body-text clearfix \">\n<p><strong>El 23 de abril est\u00e1 marcado en el calendario de muchos alrededor del planeta: se celebra el D\u00eda del Libro. Es el momento de conmemorar los buenos (y tambi\u00e9n malos) ratos que la lectura brinda en la vida de quienes se consideran lectores. Pero, \u00bfpor qu\u00e9 elegir este d\u00eda en concreto para tal conmemoraci\u00f3n?<\/strong> <span id=\"more-516646\"><\/span><\/p>\n<p>La Unesco explica en su p\u00e1gina web que el 23 de abril es \u00abun d\u00eda simb\u00f3lico\u00bb para la literatura en todo el mundo \u00abya que ese d\u00eda en 1616 fallecieron Cervantes, Shakespeare e Inca Garcilaso de la Vega\u00bb. Y no acaba ah\u00ed la casualidad: \u00abla fecha tambi\u00e9n coincide con el nacimiento o la muerte de otros autores prominentes como Maurice Druon, Haldor K. Laxness, Vladimir Nabokov, Josep Pla y Manuel Mej\u00eda Vallejo\u00bb, explica la entidad de la ONU.<\/p>\n<p>Es por este motivo que, en 1995, la Conferencia General de la Unesco, celebrada en Par\u00eds, tom\u00f3 la decisi\u00f3n de \u00abrendir un homenaje universal a los libros y autores en esta fecha, alentando a todos, y en particular a los j\u00f3venes, a descubrir el placer de la lectura\u00bb.<\/p>\n<p><strong>MIRA: El Cervantino inicia con homenaje a Cervantes<\/strong><\/p>\n<p>El objetivo del d\u00eda del libro es, tambi\u00e9n, \u00abvalorar las irremplazables contribuciones de aquellos quienes han impulsado el progreso social y cultural de la humanidad\u00bb, explica la Unesco.<\/p>\n<h2>\u00bfMurieron el mismo d\u00eda Cervantes y Shakespeare?<\/h2>\n<p><img decoding=\"async\" class=\"alignnone size-large wp-image-516686\" src=\"https:\/\/cnnespanol2.files.wordpress.com\/2018\/04\/captura-de-pantalla-2018-04-20-a-las-21-52-50.png?w=1024&amp;h=510\" sizes=\"(max-width: 1024px) 100vw, 1024px\" srcset=\"https:\/\/cnnespanol2.files.wordpress.com\/2018\/04\/captura-de-pantalla-2018-04-20-a-las-21-52-50.png?w=1024&amp;h=510 1024w, https:\/\/cnnespanol2.files.wordpress.com\/2018\/04\/captura-de-pantalla-2018-04-20-a-las-21-52-50.png?w=150&amp;h=75 150w, https:\/\/cnnespanol2.files.wordpress.com\/2018\/04\/captura-de-pantalla-2018-04-20-a-las-21-52-50.png?w=300&amp;h=150 300w, https:\/\/cnnespanol2.files.wordpress.com\/2018\/04\/captura-de-pantalla-2018-04-20-a-las-21-52-50.png?w=768&amp;h=383 768w, https:\/\/cnnespanol2.files.wordpress.com\/2018\/04\/captura-de-pantalla-2018-04-20-a-las-21-52-50.png 2046w\" alt=\"WIlliam Shakespeare y Miguel de Cervantes. D\u00eda del libro. \" width=\"1024\" height=\"510\" \/><\/p>\n<p>Pero, un momento. \u00bfDe verdad Cervantes y Shakespeare murieron el mismo d\u00eda del mismo a\u00f1o? Siempre se ha dicho eso, pero podr\u00eda no ser cierto del todo. \u00bfEl motivo? Ciertas costumbres y los calendarios usados por Espa\u00f1a y Gran Breta\u00f1a en aquella \u00e9poca.<\/p>\n<p>Miguel de Cervantes Saavedra no muri\u00f3 el 23 de abril, sino que fue enterrado ese d\u00eda: muri\u00f3 el anterior, el 22 de abril de 1616, tal y como indica el Ministerio de Educaci\u00f3n, Cultura y Deporte de Espa\u00f1a en la web conmemorativa del 400 aniversario de la muerte del escritor.<\/p>\n<p>En aquellos tiempos, la costumbre era enterrar al finado al d\u00eda siguiente de su fallecimiento \u2014algo que contin\u00faa hoy en d\u00eda\u2014 y anotar en la partida de defunci\u00f3n la fecha del enterramiento, no de la muerte, tal y como recuerda la agencia EFE. Es por eso que su muerte pas\u00f3 a la historia como el d\u00eda 23 de abril, cuando realmente ocurri\u00f3 el 22.<\/p>\n<p><strong>LEE: \u00bfWilliam Shakespeare escrib\u00eda obras bajo la influencia de drogas?<\/strong><\/p>\n<p>\u00bfY William Shakespeare? En este caso, las referencias de que muri\u00f3 el 23 de abril de 1616 son inequ\u00edvocas, as\u00ed lo dice la Enciclopedia Brit\u00e1nica, por ejemplo. Sin embargo, cuando se menciona la fecha se olvida un dato importante: el calendario que reg\u00eda a Reino Unido en aquella \u00e9poca.<\/p>\n<p>Hasta el a\u00f1o 1582 todo el mundo occidental se reg\u00eda por el calendario juliano, impuesto por el emperador romano Julio C\u00e9sar. Ese a\u00f1o el papa Gregorio XII cre\u00f3 el suyo propio: el gregoriano, que fue r\u00e1pidamente implantado en pa\u00edses cat\u00f3licos como Espa\u00f1a, Francia y Portugal, seg\u00fan relata Aciprensa.com.<\/p>\n<p>Reino Unido no implant\u00f3 el calendario gregoriano hasta el a\u00f1o 1752, seg\u00fan esta misma p\u00e1gina web. Es decir, en 1616, cuando murieron los dos escritores, ambos pa\u00edses se reg\u00edan por calendarios que difer\u00edan en 10 d\u00edas y, el 23 de abril de Reino Unido era, en Espa\u00f1a (y la gran parte del mundo occidental), el 3 de mayo de 1616.<\/p>\n<p>As\u00ed lo confirma a CNN en Espa\u00f1ol tambi\u00e9n Carlos Mayoral, fil\u00f3logo espa\u00f1ol y autor del libro &#8216;Empiezo a creer que es mentira&#8217; , quien describe como \u00abmito, postureo y m\u00e1rketing\u00bb el hacer coincidir las dos defunciones.<\/p>\n<p><strong>MIRA:Miguel de Cervantes Saavedra cuatro siglos despu\u00e9s<\/strong><\/p>\n<h2>El d\u00eda del libro 2018<\/h2>\n<p>Cada a\u00f1o, la Unesco y las tres organizaciones profesionales internacionales del mundo del libro \u2014la Uni\u00f3n Internacional de Editores, la Federaci\u00f3n Internacional de Libreros y la Federaci\u00f3n Internacional de Asociaciones e Instituciones Bibliotecarias\u2014 seleccionan una capital mundial del libro. Su mandato empieza, claro, el 23 de abril.<\/p>\n<p>En 2018, la capital del libro es Atenas, capital de Grecia. El motivo es, seg\u00fan la Unesco, \u00abla calidad de sus actividades que lleva a cabo, que cuentan con el apoyo de todo el sector del libro\u00bb. Entre esas actividades, la organizaci\u00f3n de la ONU destaca el intento por que los libros \u00absean accesibles a toda la poblaci\u00f3n, incluidos los migrantes y los refugiados\u00bb.\u00a0<strong>(CNN Espa\u00f1ol)\u00a0<\/strong><\/p>\n<\/div>\n<\/article>\n<\/section>\n<\/div>\n<\/div>\n","protected":false},"excerpt":{"rendered":"<p>El D\u00eda del libro es el 23 de abril, en recuerdo de la muerte de Cervantes&hellip;<\/p>\n","protected":false},"author":2,"featured_media":31772,"comment_status":"open","ping_status":"open","sticky":false,"template":"","format":"standard","meta":{"_acf_changed":false,"_lmt_disableupdate":"","_lmt_disable":"","_mbp_gutenberg_autopost":false,"footnotes":""},"categories":[23],"tags":[],"class_list":["post-31771","post","type-post","status-publish","format-standard","has-post-thumbnail","hentry","category-noticias"],"acf":[],"yoast_head":"<!-- This site is optimized with the Yoast SEO plugin v27.3 - https:\/\/yoast.com\/product\/yoast-seo-wordpress\/ -->\n<title>La verdadera historia del D\u00eda del Libro, Cervantes y Shakespeare: \u00bfmurieron el mismo d\u00eda? | Revista Latitud 21<\/title>\n<meta name=\"description\" content=\"L21, Emprendedores y Negocios en el Caribe Mexicano, es la revista l\u00edder entre el Sector Empresarial y Tur\u00edstico del Caribe Mexicano.\" \/>\n<meta name=\"robots\" content=\"index, follow, max-snippet:-1, max-image-preview:large, max-video-preview:-1\" \/>\n<link rel=\"canonical\" href=\"https:\/\/l21.mx\/?p=31771\" \/>\n<meta name=\"twitter:card\" content=\"summary_large_image\" \/>\n<meta name=\"twitter:title\" content=\"La verdadera historia del D\u00eda del Libro, Cervantes y Shakespeare: \u00bfmurieron el mismo d\u00eda? | Revista Latitud 21\" \/>\n<meta name=\"twitter:description\" content=\"L21, Emprendedores y Negocios en el Caribe Mexicano, es la revista l\u00edder entre el Sector Empresarial y Tur\u00edstico del Caribe Mexicano.\" \/>\n<meta name=\"twitter:image\" content=\"https:\/\/l21.mx\/wp-content\/uploads\/2018\/04\/dia-del-libro-2018.jpg\" \/>\n<meta name=\"twitter:creator\" content=\"@Latitud21mx\" \/>\n<meta name=\"twitter:site\" content=\"@Latitud21mx\" \/>\n<meta name=\"twitter:label1\" content=\"Escrito por\" \/>\n\t<meta name=\"twitter:data1\" content=\"Latitud21 Redacci\u00f3n\" \/>\n\t<meta name=\"twitter:label2\" content=\"Tiempo de lectura\" \/>\n\t<meta name=\"twitter:data2\" content=\"4 minutos\" \/>\n<script type=\"application\/ld+json\" class=\"yoast-schema-graph\">{\"@context\":\"https:\\\/\\\/schema.org\",\"@graph\":[{\"@type\":\"Article\",\"@id\":\"https:\\\/\\\/l21.mx\\\/?p=31771#article\",\"isPartOf\":{\"@id\":\"https:\\\/\\\/l21.mx\\\/?p=31771\"},\"author\":{\"name\":\"Latitud21 Redacci\u00f3n\",\"@id\":\"https:\\\/\\\/l21.mx\\\/#\\\/schema\\\/person\\\/4b571cc212089f95579f3b66253728f1\"},\"headline\":\"La verdadera historia del D\u00eda del Libro, Cervantes y Shakespeare: \u00bfmurieron el mismo d\u00eda?\",\"datePublished\":\"2018-04-23T17:14:50+00:00\",\"mainEntityOfPage\":{\"@id\":\"https:\\\/\\\/l21.mx\\\/?p=31771\"},\"wordCount\":837,\"commentCount\":0,\"publisher\":{\"@id\":\"https:\\\/\\\/l21.mx\\\/#organization\"},\"image\":{\"@id\":\"https:\\\/\\\/l21.mx\\\/?p=31771#primaryimage\"},\"thumbnailUrl\":\"https:\\\/\\\/l21.mx\\\/wp-content\\\/uploads\\\/2018\\\/04\\\/dia-del-libro-2018.jpg\",\"articleSection\":[\"Noticias\"],\"inLanguage\":\"es\",\"potentialAction\":[{\"@type\":\"CommentAction\",\"name\":\"Comment\",\"target\":[\"https:\\\/\\\/l21.mx\\\/?p=31771#respond\"]}]},{\"@type\":\"WebPage\",\"@id\":\"https:\\\/\\\/l21.mx\\\/?p=31771\",\"url\":\"https:\\\/\\\/l21.mx\\\/?p=31771\",\"name\":\"La verdadera historia del D\u00eda del Libro, Cervantes y Shakespeare: \u00bfmurieron el mismo d\u00eda? | Revista Latitud 21\",\"isPartOf\":{\"@id\":\"https:\\\/\\\/l21.mx\\\/#website\"},\"primaryImageOfPage\":{\"@id\":\"https:\\\/\\\/l21.mx\\\/?p=31771#primaryimage\"},\"image\":{\"@id\":\"https:\\\/\\\/l21.mx\\\/?p=31771#primaryimage\"},\"thumbnailUrl\":\"https:\\\/\\\/l21.mx\\\/wp-content\\\/uploads\\\/2018\\\/04\\\/dia-del-libro-2018.jpg\",\"datePublished\":\"2018-04-23T17:14:50+00:00\",\"description\":\"L21, Emprendedores y Negocios en el Caribe Mexicano, es la revista l\u00edder entre el Sector Empresarial y Tur\u00edstico del Caribe Mexicano.\",\"breadcrumb\":{\"@id\":\"https:\\\/\\\/l21.mx\\\/?p=31771#breadcrumb\"},\"inLanguage\":\"es\",\"potentialAction\":[{\"@type\":\"ReadAction\",\"target\":[\"https:\\\/\\\/l21.mx\\\/?p=31771\"]}]},{\"@type\":\"ImageObject\",\"inLanguage\":\"es\",\"@id\":\"https:\\\/\\\/l21.mx\\\/?p=31771#primaryimage\",\"url\":\"https:\\\/\\\/l21.mx\\\/wp-content\\\/uploads\\\/2018\\\/04\\\/dia-del-libro-2018.jpg\",\"contentUrl\":\"https:\\\/\\\/l21.mx\\\/wp-content\\\/uploads\\\/2018\\\/04\\\/dia-del-libro-2018.jpg\",\"width\":640,\"height\":303},{\"@type\":\"BreadcrumbList\",\"@id\":\"https:\\\/\\\/l21.mx\\\/?p=31771#breadcrumb\",\"itemListElement\":[{\"@type\":\"ListItem\",\"position\":1,\"name\":\"Portada\",\"item\":\"https:\\\/\\\/l21.mx\\\/\"},{\"@type\":\"ListItem\",\"position\":2,\"name\":\"La verdadera historia del D\u00eda del Libro, Cervantes y Shakespeare: \u00bfmurieron el mismo d\u00eda?\"}]},{\"@type\":\"WebSite\",\"@id\":\"https:\\\/\\\/l21.mx\\\/#website\",\"url\":\"https:\\\/\\\/l21.mx\\\/\",\"name\":\"Revista Latitud 21\",\"description\":\"Emprendedores  y negocios en el Caribe Mexicano\",\"publisher\":{\"@id\":\"https:\\\/\\\/l21.mx\\\/#organization\"},\"potentialAction\":[{\"@type\":\"SearchAction\",\"target\":{\"@type\":\"EntryPoint\",\"urlTemplate\":\"https:\\\/\\\/l21.mx\\\/?s={search_term_string}\"},\"query-input\":{\"@type\":\"PropertyValueSpecification\",\"valueRequired\":true,\"valueName\":\"search_term_string\"}}],\"inLanguage\":\"es\"},{\"@type\":\"Organization\",\"@id\":\"https:\\\/\\\/l21.mx\\\/#organization\",\"name\":\"Grupo Editorial Latitud 21 SA de CV\",\"url\":\"https:\\\/\\\/l21.mx\\\/\",\"logo\":{\"@type\":\"ImageObject\",\"inLanguage\":\"es\",\"@id\":\"https:\\\/\\\/l21.mx\\\/#\\\/schema\\\/logo\\\/image\\\/\",\"url\":\"https:\\\/\\\/l21.mx\\\/wp-content\\\/uploads\\\/2020\\\/10\\\/logo-l21-baja.jpg\",\"contentUrl\":\"https:\\\/\\\/l21.mx\\\/wp-content\\\/uploads\\\/2020\\\/10\\\/logo-l21-baja.jpg\",\"width\":250,\"height\":250,\"caption\":\"Grupo Editorial Latitud 21 SA de CV\"},\"image\":{\"@id\":\"https:\\\/\\\/l21.mx\\\/#\\\/schema\\\/logo\\\/image\\\/\"},\"sameAs\":[\"https:\\\/\\\/www.facebook.com\\\/RevistaLatitud21\\\/\",\"https:\\\/\\\/x.com\\\/Latitud21mx\"]},{\"@type\":\"Person\",\"@id\":\"https:\\\/\\\/l21.mx\\\/#\\\/schema\\\/person\\\/4b571cc212089f95579f3b66253728f1\",\"name\":\"Latitud21 Redacci\u00f3n\",\"url\":\"https:\\\/\\\/l21.mx\\\/?author=2\"}]}<\/script>\n<!-- \/ Yoast SEO plugin. -->","yoast_head_json":{"title":"La verdadera historia del D\u00eda del Libro, Cervantes y Shakespeare: \u00bfmurieron el mismo d\u00eda? | Revista Latitud 21","description":"L21, Emprendedores y Negocios en el Caribe Mexicano, es la revista l\u00edder entre el Sector Empresarial y Tur\u00edstico del Caribe Mexicano.","robots":{"index":"index","follow":"follow","max-snippet":"max-snippet:-1","max-image-preview":"max-image-preview:large","max-video-preview":"max-video-preview:-1"},"canonical":"https:\/\/l21.mx\/?p=31771","twitter_card":"summary_large_image","twitter_title":"La verdadera historia del D\u00eda del Libro, Cervantes y Shakespeare: \u00bfmurieron el mismo d\u00eda? | Revista Latitud 21","twitter_description":"L21, Emprendedores y Negocios en el Caribe Mexicano, es la revista l\u00edder entre el Sector Empresarial y Tur\u00edstico del Caribe Mexicano.","twitter_image":"https:\/\/l21.mx\/wp-content\/uploads\/2018\/04\/dia-del-libro-2018.jpg","twitter_creator":"@Latitud21mx","twitter_site":"@Latitud21mx","twitter_misc":{"Escrito por":"Latitud21 Redacci\u00f3n","Tiempo de lectura":"4 minutos"},"schema":{"@context":"https:\/\/schema.org","@graph":[{"@type":"Article","@id":"https:\/\/l21.mx\/?p=31771#article","isPartOf":{"@id":"https:\/\/l21.mx\/?p=31771"},"author":{"name":"Latitud21 Redacci\u00f3n","@id":"https:\/\/l21.mx\/#\/schema\/person\/4b571cc212089f95579f3b66253728f1"},"headline":"La verdadera historia del D\u00eda del Libro, Cervantes y Shakespeare: \u00bfmurieron el mismo d\u00eda?","datePublished":"2018-04-23T17:14:50+00:00","mainEntityOfPage":{"@id":"https:\/\/l21.mx\/?p=31771"},"wordCount":837,"commentCount":0,"publisher":{"@id":"https:\/\/l21.mx\/#organization"},"image":{"@id":"https:\/\/l21.mx\/?p=31771#primaryimage"},"thumbnailUrl":"https:\/\/l21.mx\/wp-content\/uploads\/2018\/04\/dia-del-libro-2018.jpg","articleSection":["Noticias"],"inLanguage":"es","potentialAction":[{"@type":"CommentAction","name":"Comment","target":["https:\/\/l21.mx\/?p=31771#respond"]}]},{"@type":"WebPage","@id":"https:\/\/l21.mx\/?p=31771","url":"https:\/\/l21.mx\/?p=31771","name":"La verdadera historia del D\u00eda del Libro, Cervantes y Shakespeare: \u00bfmurieron el mismo d\u00eda? | Revista Latitud 21","isPartOf":{"@id":"https:\/\/l21.mx\/#website"},"primaryImageOfPage":{"@id":"https:\/\/l21.mx\/?p=31771#primaryimage"},"image":{"@id":"https:\/\/l21.mx\/?p=31771#primaryimage"},"thumbnailUrl":"https:\/\/l21.mx\/wp-content\/uploads\/2018\/04\/dia-del-libro-2018.jpg","datePublished":"2018-04-23T17:14:50+00:00","description":"L21, Emprendedores y Negocios en el Caribe Mexicano, es la revista l\u00edder entre el Sector Empresarial y Tur\u00edstico del Caribe Mexicano.","breadcrumb":{"@id":"https:\/\/l21.mx\/?p=31771#breadcrumb"},"inLanguage":"es","potentialAction":[{"@type":"ReadAction","target":["https:\/\/l21.mx\/?p=31771"]}]},{"@type":"ImageObject","inLanguage":"es","@id":"https:\/\/l21.mx\/?p=31771#primaryimage","url":"https:\/\/l21.mx\/wp-content\/uploads\/2018\/04\/dia-del-libro-2018.jpg","contentUrl":"https:\/\/l21.mx\/wp-content\/uploads\/2018\/04\/dia-del-libro-2018.jpg","width":640,"height":303},{"@type":"BreadcrumbList","@id":"https:\/\/l21.mx\/?p=31771#breadcrumb","itemListElement":[{"@type":"ListItem","position":1,"name":"Portada","item":"https:\/\/l21.mx\/"},{"@type":"ListItem","position":2,"name":"La verdadera historia del D\u00eda del Libro, Cervantes y Shakespeare: \u00bfmurieron el mismo d\u00eda?"}]},{"@type":"WebSite","@id":"https:\/\/l21.mx\/#website","url":"https:\/\/l21.mx\/","name":"Revista Latitud 21","description":"Emprendedores  y negocios en el Caribe Mexicano","publisher":{"@id":"https:\/\/l21.mx\/#organization"},"potentialAction":[{"@type":"SearchAction","target":{"@type":"EntryPoint","urlTemplate":"https:\/\/l21.mx\/?s={search_term_string}"},"query-input":{"@type":"PropertyValueSpecification","valueRequired":true,"valueName":"search_term_string"}}],"inLanguage":"es"},{"@type":"Organization","@id":"https:\/\/l21.mx\/#organization","name":"Grupo Editorial Latitud 21 SA de CV","url":"https:\/\/l21.mx\/","logo":{"@type":"ImageObject","inLanguage":"es","@id":"https:\/\/l21.mx\/#\/schema\/logo\/image\/","url":"https:\/\/l21.mx\/wp-content\/uploads\/2020\/10\/logo-l21-baja.jpg","contentUrl":"https:\/\/l21.mx\/wp-content\/uploads\/2020\/10\/logo-l21-baja.jpg","width":250,"height":250,"caption":"Grupo Editorial Latitud 21 SA de CV"},"image":{"@id":"https:\/\/l21.mx\/#\/schema\/logo\/image\/"},"sameAs":["https:\/\/www.facebook.com\/RevistaLatitud21\/","https:\/\/x.com\/Latitud21mx"]},{"@type":"Person","@id":"https:\/\/l21.mx\/#\/schema\/person\/4b571cc212089f95579f3b66253728f1","name":"Latitud21 Redacci\u00f3n","url":"https:\/\/l21.mx\/?author=2"}]}},"amp_enabled":true,"_links":{"self":[{"href":"https:\/\/l21.mx\/index.php?rest_route=\/wp\/v2\/posts\/31771","targetHints":{"allow":["GET"]}}],"collection":[{"href":"https:\/\/l21.mx\/index.php?rest_route=\/wp\/v2\/posts"}],"about":[{"href":"https:\/\/l21.mx\/index.php?rest_route=\/wp\/v2\/types\/post"}],"author":[{"embeddable":true,"href":"https:\/\/l21.mx\/index.php?rest_route=\/wp\/v2\/users\/2"}],"replies":[{"embeddable":true,"href":"https:\/\/l21.mx\/index.php?rest_route=%2Fwp%2Fv2%2Fcomments&post=31771"}],"version-history":[{"count":0,"href":"https:\/\/l21.mx\/index.php?rest_route=\/wp\/v2\/posts\/31771\/revisions"}],"wp:featuredmedia":[{"embeddable":true,"href":"https:\/\/l21.mx\/index.php?rest_route=\/wp\/v2\/media\/31772"}],"wp:attachment":[{"href":"https:\/\/l21.mx\/index.php?rest_route=%2Fwp%2Fv2%2Fmedia&parent=31771"}],"wp:term":[{"taxonomy":"category","embeddable":true,"href":"https:\/\/l21.mx\/index.php?rest_route=%2Fwp%2Fv2%2Fcategories&post=31771"},{"taxonomy":"post_tag","embeddable":true,"href":"https:\/\/l21.mx\/index.php?rest_route=%2Fwp%2Fv2%2Ftags&post=31771"}],"curies":[{"name":"wp","href":"https:\/\/api.w.org\/{rel}","templated":true}]}}