{"id":31800,"date":"2018-04-23T18:44:28","date_gmt":"2018-04-23T23:44:28","guid":{"rendered":"http:\/\/innovatori.space\/lat21\/?p=31800"},"modified":"2018-04-23T18:44:28","modified_gmt":"2018-04-23T23:44:28","slug":"eco-bahia-celebra-el-dia-de-la-tierra-con-los-mas-pequenos-de-la-comunidad","status":"publish","type":"post","link":"https:\/\/l21.mx\/?p=31800","title":{"rendered":"Eco-Bahia Celebra el D\u00eda de la Tierra\u00a0con los m\u00e1s peque\u00f1os de la comunidad"},"content":{"rendered":"<div class=\"region-container so-animate\" draggable=\"\"><\/div>\n<div class=\"region-container so-animate\" draggable=\"\">\n<div class=\"region view-mode presentation-state region-type-image so-global-region-image so-global-region\" data-region-id=\"c117f040-e015-4385-3f18-9ad3b18b3d72\">\n<div>\n<div>\n<div>\n<div class=\"image-region\">\n<div class=\"view-container main-view\">\n<div class=\"image-holder\">\n<div class=\"loading-placeholder\"><a class=\"so-animate smooth-loading\" target=\"_blank\"><img decoding=\"async\" class=\"main-image so-global-image\" src=\"https:\/\/static.wixstatic.com\/media\/53724d_ee02a3fea25e4357a658c2cfb3dac8c2~mv2.jpg\/v1\/fill\/w_691,h_518,al_c,lg_1\/crop\/x_51,y_83,w_638,h_430\/image.jpg\" \/><\/a><\/div>\n<\/div>\n<\/div>\n<\/div>\n<\/div>\n<\/div>\n<\/div>\n<\/div>\n<\/div>\n<div class=\"region-container so-animate\" draggable=\"\">\n<div class=\"region view-mode presentation-state region-type-text so-global-region-text so-global-region\" data-region-id=\"618106c5-a1d2-4cab-4569-30989fa74338\">\n<div><\/div>\n<div>\n<div>\n<div>\n<div>\n<div class=\"text-region\">\n<div class=\"view-container\">\n<div class=\"text-display\">\n<div class=\"lp-font_1 lp-style-p1 so-global-p1 so-global-text\">\n<p><strong>Con una visita a la Primaria \u201cMatilde Montoya, la fundaci\u00f3n realiz\u00f3 junto con sus alumnos actividades relacionadas al cuidado del medio ambiente.<\/strong><\/p>\n<p>El D\u00eda Internacional de la Madre Tierra, se celebra el 22 de abril, es una oportundiad para hacer conciencia a todos los habitantes del planeta sobre los problemas que afectan al mundo y encontrar un equilibro con las necesidades econ\u00f3micas y sociales<\/p>\n<p>En esta ocaci\u00f3n la fundaci\u00f3n Eco-Bahia visit\u00f3 la Escuela Primaria \u201cMatilde Montoya\u201d en el poblado de Chemuyil y junto con \u00a0m\u00e1s de 60 alumnos y profesores se pusieron sobre la mesa de discusi\u00f3n temas como: sobrepoblaci\u00f3n, crisis de la biodiversidad\u00a0 y contaminaci\u00f3n.<\/p>\n<p>Los ni\u00f1os formaron equipos y presentaron propuestas para solucionar estos problemas que aquejan al medio ambiente como es la separaci\u00f3n de residuos, el gasto el agua, energ\u00eda y consumo responsable, en donde las m\u00e1s destacadas fueron premiadas.<\/p>\n<p>EcoBahia entreg\u00f3 plantas a todos los alumnos con el compromiso de cuidarlas ya que entregaran sus resultados en un mes que regrese la fundaci\u00f3n para darle seguimiento al proyecto.<\/p>\n<p>\u201cPara la fundaci\u00f3n es de suma importancia la educaci\u00f3n de los m\u00e1s peque\u00f1os de nuestra comunidad sobre temas como son la biodiversidad, el buen uso de \u00a0nuestros recursos naturales y el papel que desempe\u00f1amos todos en el cuidado de la Madre Tierra\u201d asegur\u00f3 Katia Cordourier directora de la Fundaci\u00f3n Ecol\u00f3gica.<\/p>\n<\/div>\n<\/div>\n<\/div>\n<\/div>\n<\/div>\n<\/div>\n<\/div>\n<\/div>\n<\/div>\n<\/div>\n","protected":false},"excerpt":{"rendered":"<p>Con una visita a la Primaria \u201cMatilde Montoya, la fundaci\u00f3n realiz\u00f3 junto con sus alumnos actividades&hellip;<\/p>\n","protected":false},"author":2,"featured_media":0,"comment_status":"open","ping_status":"open","sticky":false,"template":"","format":"standard","meta":{"_acf_changed":false,"_lmt_disableupdate":"","_lmt_disable":"","_mbp_gutenberg_autopost":false,"footnotes":""},"categories":[23,35],"tags":[],"class_list":["post-31800","post","type-post","status-publish","format-standard","hentry","category-noticias","category-responsabilidad-social"],"acf":[],"_links":{"self":[{"href":"https:\/\/l21.mx\/index.php?rest_route=\/wp\/v2\/posts\/31800","targetHints":{"allow":["GET"]}}],"collection":[{"href":"https:\/\/l21.mx\/index.php?rest_route=\/wp\/v2\/posts"}],"about":[{"href":"https:\/\/l21.mx\/index.php?rest_route=\/wp\/v2\/types\/post"}],"author":[{"embeddable":true,"href":"https:\/\/l21.mx\/index.php?rest_route=\/wp\/v2\/users\/2"}],"replies":[{"embeddable":true,"href":"https:\/\/l21.mx\/index.php?rest_route=%2Fwp%2Fv2%2Fcomments&post=31800"}],"version-history":[{"count":0,"href":"https:\/\/l21.mx\/index.php?rest_route=\/wp\/v2\/posts\/31800\/revisions"}],"wp:attachment":[{"href":"https:\/\/l21.mx\/index.php?rest_route=%2Fwp%2Fv2%2Fmedia&parent=31800"}],"wp:term":[{"taxonomy":"category","embeddable":true,"href":"https:\/\/l21.mx\/index.php?rest_route=%2Fwp%2Fv2%2Fcategories&post=31800"},{"taxonomy":"post_tag","embeddable":true,"href":"https:\/\/l21.mx\/index.php?rest_route=%2Fwp%2Fv2%2Ftags&post=31800"}],"curies":[{"name":"wp","href":"https:\/\/api.w.org\/{rel}","templated":true}]}}