{"id":31894,"date":"2018-05-02T13:11:23","date_gmt":"2018-05-02T18:11:23","guid":{"rendered":"http:\/\/innovatori.space\/lat21\/?p=31894"},"modified":"2018-05-30T12:34:28","modified_gmt":"2018-05-30T17:34:28","slug":"empresas-y-empresarios","status":"publish","type":"post","link":"https:\/\/l21.mx\/?p=31894","title":{"rendered":"La cadena Atelier de Hoteles busca posicionarse en el Caribe mexicano \u00a0"},"content":{"rendered":"<p><img fetchpriority=\"high\" decoding=\"async\" class=\"aligncenter size-full wp-image-31895\" src=\"http:\/\/l21.mx\/wp-content\/uploads\/2018\/05\/atelier-de-hoteles-cancun.jpg\" alt=\"\" width=\"553\" height=\"370\" srcset=\"https:\/\/l21.mx\/wp-content\/uploads\/2018\/05\/atelier-de-hoteles-cancun.jpg 553w, https:\/\/l21.mx\/wp-content\/uploads\/2018\/05\/atelier-de-hoteles-cancun-300x201.jpg 300w, https:\/\/l21.mx\/wp-content\/uploads\/2018\/05\/atelier-de-hoteles-cancun-263x175.jpg 263w\" sizes=\"(max-width: 553px) 100vw, 553px\" \/><\/p>\n<p style=\"text-align: center;\"><b>Pinceladas <\/b><b>al \u00f3leo<\/b><\/p>\n<p><strong>Con la inauguraci\u00f3n de su primer centro de\u00a0hospedaje en Canc\u00fan, la cadena Atelier de Hoteles busca posicionarse en el Caribe mexicano \u00a0<\/strong><\/p>\n<p>Tras dos a\u00f1os de intenso trabajo y una inversi\u00f3n de 15 mdd concluy\u00f3 la renovaci\u00f3n del hotel \u00d3leo Canc\u00fan Playa (antes Yalmak\u00e1n) de la cadena Atelier de Hoteles, el cual fue inaugurado recientemente. El inmueble se ubica en el kil\u00f3metro 19.5 del bulevar Kukulc\u00e1n, en donde muestra un novedoso concepto basado en el arte.<\/p>\n<p>Atelier de Hoteles, la cual desarrolla tres proyectos m\u00e1s en la zona norte de Quintana Roo, es una cadena que naci\u00f3 en 2015 y tiene la particularidad de reflejar el arte mexicano contempor\u00e1neo en sus cuatro marcas: \u00d3leo, Atelier, Estudio y Met.<\/p>\n<p>Mart\u00edn Rodr\u00edguez, gerente general de \u00d3leo Canc\u00fan Playa, explic\u00f3 que se trata de la renovaci\u00f3n total de un hotel con m\u00e1s de 30 a\u00f1os de funcionamiento, por lo que incluye remodelaci\u00f3n de todas las habitaciones, as\u00ed como \u00e1reas p\u00fablicas, servicios y el lobby que tiene un dise\u00f1o vanguardista y que esperan se convierta en un \u00edcono de Canc\u00fan.<\/p>\n<p>\u201cEl hotel, que opera en el plan \u2018todo incluido\u2019 se mantuvo en operaci\u00f3n durante el proceso de renovaci\u00f3n; se trat\u00f3\u00a0 de afectar lo menos posible a los clientes\u201d, dijo.<\/p>\n<p>Explic\u00f3 que una de las caracter\u00edsticas de la marca \u00d3leo es que est\u00e1 muy ligada al arte. \u201cTenemos un jard\u00edn del arte en donde le damos a nuestros clientes la oportunidad de expresarse a trav\u00e9s de la pintura, inclusive en el lobby bar y en el \u00e1rea comercial del hotel tenemos muchas de las pinturas que realizaron nuestros hu\u00e9spedes y que est\u00e1n en exhibici\u00f3n para reconocer el esfuerzo que\u00a0 hicieron. Otro punto es que en el lobby bar hay un mural del que parte de la obra se hizo con vino; combinamos un poquito la parte gastron\u00f3mica con lo que es el arte\u201d.<\/p>\n<p>El hotel, que tiene una plantilla de 213 empleados, cuenta con 168 habitaciones divididas en tres torres. Se manejan diferentes conceptos en la decoraci\u00f3n con el fin de ofrecer mejores alternativas a los hu\u00e9spedes, por ejemplo si van a festejar un cumplea\u00f1os en familia o si est\u00e1n de luna de miel.<\/p>\n<p>\u201cEn realidad todas nuestras habitaciones tienen el mismo equipamiento; son de tipo minimalista con colores muy claros, el blanco predomina en todos los cuartos y tratamos de cumplir con un servicio envolvente; por ejemplo, del internet que se tiene en todo el hotel puede darse un servicio personalizado en el que cada habitaci\u00f3n tiene su propia clave y usuario si el cliente quiere utilizarlo de esa manera. Son habitaciones muy claras, limpias, frescas, tratamos de mantenerlas de esa manera, lo m\u00e1s sencillo es lo mejor\u201d, expres\u00f3.<\/p>\n<p>El centro de hospedaje cuenta con tres restaurantes: Azul, con un concepto bufet donde se sirven comidas y cenas, en el que cada noche hay un tema distinto; El Mar, con servicio de desayuno bufet todos los d\u00edas y cena con men\u00fa mediterr\u00e1neo; Yacka, de tipo japon\u00e9s especializado en sushi con una preparaci\u00f3n al momento.<\/p>\n<p>Entre otras amenidades est\u00e1n dos bares, un pool bar, lobby bar, \u00e1reas deportivas, un spa completamente nuevo, gimnasio, cancha de tenis y alberca fr\u00eda.<\/p>\n<p>\u00d3leo es el primer centro de hospedaje de la cadena Atelier de Hoteles en el Caribe mexicano, pero pr\u00f3ximamente abrir\u00e1 sus puertas uno de 110 habitaciones de la marca Met en el centro de Canc\u00fan, adem\u00e1s del Atelier Playa Mujeres y Studio Playa Mujeres en la zona continental de Isla Mujeres, que ser\u00e1n inaugurados este mismo a\u00f1o y en conjunto generar\u00e1n m\u00e1s de mil fuentes de empleo. <b>(Antonia Rusca)<\/b><\/p>\n","protected":false},"excerpt":{"rendered":"<p>Pinceladas al \u00f3leo Con la inauguraci\u00f3n de su primer centro de\u00a0hospedaje en Canc\u00fan, la cadena Atelier&hellip;<\/p>\n","protected":false},"author":2,"featured_media":31896,"comment_status":"open","ping_status":"open","sticky":false,"template":"","format":"standard","meta":{"_acf_changed":false,"_lmt_disableupdate":"","_lmt_disable":"","_mbp_gutenberg_autopost":false,"footnotes":""},"categories":[4],"tags":[],"class_list":["post-31894","post","type-post","status-publish","format-standard","has-post-thumbnail","hentry","category-empresas-y-negocios"],"acf":[],"yoast_head":"<!-- This site is optimized with the Yoast SEO plugin v27.3 - https:\/\/yoast.com\/product\/yoast-seo-wordpress\/ -->\n<title>La cadena Atelier de Hoteles busca posicionarse en el Caribe mexicano \u00a0 | Revista Latitud 21<\/title>\n<meta name=\"description\" content=\"L21, Emprendedores y Negocios en el Caribe Mexicano, es la revista l\u00edder entre el Sector Empresarial y Tur\u00edstico del Caribe Mexicano.\" \/>\n<meta name=\"robots\" content=\"index, follow, max-snippet:-1, max-image-preview:large, max-video-preview:-1\" \/>\n<link rel=\"canonical\" href=\"https:\/\/l21.mx\/?p=31894\" \/>\n<meta name=\"twitter:card\" content=\"summary_large_image\" \/>\n<meta name=\"twitter:title\" content=\"La cadena Atelier de Hoteles busca posicionarse en el Caribe mexicano \u00a0 | Revista Latitud 21\" \/>\n<meta name=\"twitter:description\" content=\"L21, Emprendedores y Negocios en el Caribe Mexicano, es la revista l\u00edder entre el Sector Empresarial y Tur\u00edstico del Caribe Mexicano.\" \/>\n<meta name=\"twitter:image\" content=\"https:\/\/l21.mx\/wp-content\/uploads\/2018\/05\/atelier-de-hoteles.jpg\" \/>\n<meta name=\"twitter:creator\" content=\"@Latitud21mx\" \/>\n<meta name=\"twitter:site\" content=\"@Latitud21mx\" \/>\n<meta name=\"twitter:label1\" content=\"Escrito por\" \/>\n\t<meta name=\"twitter:data1\" content=\"Latitud21 Redacci\u00f3n\" \/>\n\t<meta name=\"twitter:label2\" content=\"Tiempo de lectura\" \/>\n\t<meta name=\"twitter:data2\" content=\"3 minutos\" \/>\n<script type=\"application\/ld+json\" class=\"yoast-schema-graph\">{\"@context\":\"https:\\\/\\\/schema.org\",\"@graph\":[{\"@type\":\"Article\",\"@id\":\"https:\\\/\\\/l21.mx\\\/?p=31894#article\",\"isPartOf\":{\"@id\":\"https:\\\/\\\/l21.mx\\\/?p=31894\"},\"author\":{\"name\":\"Latitud21 Redacci\u00f3n\",\"@id\":\"https:\\\/\\\/l21.mx\\\/#\\\/schema\\\/person\\\/4b571cc212089f95579f3b66253728f1\"},\"headline\":\"La cadena Atelier de Hoteles busca posicionarse en el Caribe mexicano \u00a0\",\"datePublished\":\"2018-05-02T18:11:23+00:00\",\"dateModified\":\"2018-05-30T17:34:28+00:00\",\"mainEntityOfPage\":{\"@id\":\"https:\\\/\\\/l21.mx\\\/?p=31894\"},\"wordCount\":649,\"commentCount\":0,\"publisher\":{\"@id\":\"https:\\\/\\\/l21.mx\\\/#organization\"},\"image\":{\"@id\":\"https:\\\/\\\/l21.mx\\\/?p=31894#primaryimage\"},\"thumbnailUrl\":\"https:\\\/\\\/l21.mx\\\/wp-content\\\/uploads\\\/2018\\\/05\\\/atelier-de-hoteles.jpg\",\"articleSection\":[\"Empresas y Negocios\"],\"inLanguage\":\"es\",\"potentialAction\":[{\"@type\":\"CommentAction\",\"name\":\"Comment\",\"target\":[\"https:\\\/\\\/l21.mx\\\/?p=31894#respond\"]}]},{\"@type\":\"WebPage\",\"@id\":\"https:\\\/\\\/l21.mx\\\/?p=31894\",\"url\":\"https:\\\/\\\/l21.mx\\\/?p=31894\",\"name\":\"La cadena Atelier de Hoteles busca posicionarse en el Caribe mexicano \u00a0 | Revista Latitud 21\",\"isPartOf\":{\"@id\":\"https:\\\/\\\/l21.mx\\\/#website\"},\"primaryImageOfPage\":{\"@id\":\"https:\\\/\\\/l21.mx\\\/?p=31894#primaryimage\"},\"image\":{\"@id\":\"https:\\\/\\\/l21.mx\\\/?p=31894#primaryimage\"},\"thumbnailUrl\":\"https:\\\/\\\/l21.mx\\\/wp-content\\\/uploads\\\/2018\\\/05\\\/atelier-de-hoteles.jpg\",\"datePublished\":\"2018-05-02T18:11:23+00:00\",\"dateModified\":\"2018-05-30T17:34:28+00:00\",\"description\":\"L21, Emprendedores y Negocios en el Caribe Mexicano, es la revista l\u00edder entre el Sector Empresarial y Tur\u00edstico del Caribe Mexicano.\",\"breadcrumb\":{\"@id\":\"https:\\\/\\\/l21.mx\\\/?p=31894#breadcrumb\"},\"inLanguage\":\"es\",\"potentialAction\":[{\"@type\":\"ReadAction\",\"target\":[\"https:\\\/\\\/l21.mx\\\/?p=31894\"]}]},{\"@type\":\"ImageObject\",\"inLanguage\":\"es\",\"@id\":\"https:\\\/\\\/l21.mx\\\/?p=31894#primaryimage\",\"url\":\"https:\\\/\\\/l21.mx\\\/wp-content\\\/uploads\\\/2018\\\/05\\\/atelier-de-hoteles.jpg\",\"contentUrl\":\"https:\\\/\\\/l21.mx\\\/wp-content\\\/uploads\\\/2018\\\/05\\\/atelier-de-hoteles.jpg\",\"width\":600,\"height\":333},{\"@type\":\"BreadcrumbList\",\"@id\":\"https:\\\/\\\/l21.mx\\\/?p=31894#breadcrumb\",\"itemListElement\":[{\"@type\":\"ListItem\",\"position\":1,\"name\":\"Portada\",\"item\":\"https:\\\/\\\/l21.mx\\\/\"},{\"@type\":\"ListItem\",\"position\":2,\"name\":\"La cadena Atelier de Hoteles busca posicionarse en el Caribe mexicano \u00a0\"}]},{\"@type\":\"WebSite\",\"@id\":\"https:\\\/\\\/l21.mx\\\/#website\",\"url\":\"https:\\\/\\\/l21.mx\\\/\",\"name\":\"Revista Latitud 21\",\"description\":\"Emprendedores  y negocios en el Caribe Mexicano\",\"publisher\":{\"@id\":\"https:\\\/\\\/l21.mx\\\/#organization\"},\"potentialAction\":[{\"@type\":\"SearchAction\",\"target\":{\"@type\":\"EntryPoint\",\"urlTemplate\":\"https:\\\/\\\/l21.mx\\\/?s={search_term_string}\"},\"query-input\":{\"@type\":\"PropertyValueSpecification\",\"valueRequired\":true,\"valueName\":\"search_term_string\"}}],\"inLanguage\":\"es\"},{\"@type\":\"Organization\",\"@id\":\"https:\\\/\\\/l21.mx\\\/#organization\",\"name\":\"Grupo Editorial Latitud 21 SA de CV\",\"url\":\"https:\\\/\\\/l21.mx\\\/\",\"logo\":{\"@type\":\"ImageObject\",\"inLanguage\":\"es\",\"@id\":\"https:\\\/\\\/l21.mx\\\/#\\\/schema\\\/logo\\\/image\\\/\",\"url\":\"https:\\\/\\\/l21.mx\\\/wp-content\\\/uploads\\\/2020\\\/10\\\/logo-l21-baja.jpg\",\"contentUrl\":\"https:\\\/\\\/l21.mx\\\/wp-content\\\/uploads\\\/2020\\\/10\\\/logo-l21-baja.jpg\",\"width\":250,\"height\":250,\"caption\":\"Grupo Editorial Latitud 21 SA de CV\"},\"image\":{\"@id\":\"https:\\\/\\\/l21.mx\\\/#\\\/schema\\\/logo\\\/image\\\/\"},\"sameAs\":[\"https:\\\/\\\/www.facebook.com\\\/RevistaLatitud21\\\/\",\"https:\\\/\\\/x.com\\\/Latitud21mx\"]},{\"@type\":\"Person\",\"@id\":\"https:\\\/\\\/l21.mx\\\/#\\\/schema\\\/person\\\/4b571cc212089f95579f3b66253728f1\",\"name\":\"Latitud21 Redacci\u00f3n\",\"url\":\"https:\\\/\\\/l21.mx\\\/?author=2\"}]}<\/script>\n<!-- \/ Yoast SEO plugin. -->","yoast_head_json":{"title":"La cadena Atelier de Hoteles busca posicionarse en el Caribe mexicano \u00a0 | Revista Latitud 21","description":"L21, Emprendedores y Negocios en el Caribe Mexicano, es la revista l\u00edder entre el Sector Empresarial y Tur\u00edstico del Caribe Mexicano.","robots":{"index":"index","follow":"follow","max-snippet":"max-snippet:-1","max-image-preview":"max-image-preview:large","max-video-preview":"max-video-preview:-1"},"canonical":"https:\/\/l21.mx\/?p=31894","twitter_card":"summary_large_image","twitter_title":"La cadena Atelier de Hoteles busca posicionarse en el Caribe mexicano \u00a0 | Revista Latitud 21","twitter_description":"L21, Emprendedores y Negocios en el Caribe Mexicano, es la revista l\u00edder entre el Sector Empresarial y Tur\u00edstico del Caribe Mexicano.","twitter_image":"https:\/\/l21.mx\/wp-content\/uploads\/2018\/05\/atelier-de-hoteles.jpg","twitter_creator":"@Latitud21mx","twitter_site":"@Latitud21mx","twitter_misc":{"Escrito por":"Latitud21 Redacci\u00f3n","Tiempo de lectura":"3 minutos"},"schema":{"@context":"https:\/\/schema.org","@graph":[{"@type":"Article","@id":"https:\/\/l21.mx\/?p=31894#article","isPartOf":{"@id":"https:\/\/l21.mx\/?p=31894"},"author":{"name":"Latitud21 Redacci\u00f3n","@id":"https:\/\/l21.mx\/#\/schema\/person\/4b571cc212089f95579f3b66253728f1"},"headline":"La cadena Atelier de Hoteles busca posicionarse en el Caribe mexicano \u00a0","datePublished":"2018-05-02T18:11:23+00:00","dateModified":"2018-05-30T17:34:28+00:00","mainEntityOfPage":{"@id":"https:\/\/l21.mx\/?p=31894"},"wordCount":649,"commentCount":0,"publisher":{"@id":"https:\/\/l21.mx\/#organization"},"image":{"@id":"https:\/\/l21.mx\/?p=31894#primaryimage"},"thumbnailUrl":"https:\/\/l21.mx\/wp-content\/uploads\/2018\/05\/atelier-de-hoteles.jpg","articleSection":["Empresas y Negocios"],"inLanguage":"es","potentialAction":[{"@type":"CommentAction","name":"Comment","target":["https:\/\/l21.mx\/?p=31894#respond"]}]},{"@type":"WebPage","@id":"https:\/\/l21.mx\/?p=31894","url":"https:\/\/l21.mx\/?p=31894","name":"La cadena Atelier de Hoteles busca posicionarse en el Caribe mexicano \u00a0 | Revista Latitud 21","isPartOf":{"@id":"https:\/\/l21.mx\/#website"},"primaryImageOfPage":{"@id":"https:\/\/l21.mx\/?p=31894#primaryimage"},"image":{"@id":"https:\/\/l21.mx\/?p=31894#primaryimage"},"thumbnailUrl":"https:\/\/l21.mx\/wp-content\/uploads\/2018\/05\/atelier-de-hoteles.jpg","datePublished":"2018-05-02T18:11:23+00:00","dateModified":"2018-05-30T17:34:28+00:00","description":"L21, Emprendedores y Negocios en el Caribe Mexicano, es la revista l\u00edder entre el Sector Empresarial y Tur\u00edstico del Caribe Mexicano.","breadcrumb":{"@id":"https:\/\/l21.mx\/?p=31894#breadcrumb"},"inLanguage":"es","potentialAction":[{"@type":"ReadAction","target":["https:\/\/l21.mx\/?p=31894"]}]},{"@type":"ImageObject","inLanguage":"es","@id":"https:\/\/l21.mx\/?p=31894#primaryimage","url":"https:\/\/l21.mx\/wp-content\/uploads\/2018\/05\/atelier-de-hoteles.jpg","contentUrl":"https:\/\/l21.mx\/wp-content\/uploads\/2018\/05\/atelier-de-hoteles.jpg","width":600,"height":333},{"@type":"BreadcrumbList","@id":"https:\/\/l21.mx\/?p=31894#breadcrumb","itemListElement":[{"@type":"ListItem","position":1,"name":"Portada","item":"https:\/\/l21.mx\/"},{"@type":"ListItem","position":2,"name":"La cadena Atelier de Hoteles busca posicionarse en el Caribe mexicano \u00a0"}]},{"@type":"WebSite","@id":"https:\/\/l21.mx\/#website","url":"https:\/\/l21.mx\/","name":"Revista Latitud 21","description":"Emprendedores  y negocios en el Caribe Mexicano","publisher":{"@id":"https:\/\/l21.mx\/#organization"},"potentialAction":[{"@type":"SearchAction","target":{"@type":"EntryPoint","urlTemplate":"https:\/\/l21.mx\/?s={search_term_string}"},"query-input":{"@type":"PropertyValueSpecification","valueRequired":true,"valueName":"search_term_string"}}],"inLanguage":"es"},{"@type":"Organization","@id":"https:\/\/l21.mx\/#organization","name":"Grupo Editorial Latitud 21 SA de CV","url":"https:\/\/l21.mx\/","logo":{"@type":"ImageObject","inLanguage":"es","@id":"https:\/\/l21.mx\/#\/schema\/logo\/image\/","url":"https:\/\/l21.mx\/wp-content\/uploads\/2020\/10\/logo-l21-baja.jpg","contentUrl":"https:\/\/l21.mx\/wp-content\/uploads\/2020\/10\/logo-l21-baja.jpg","width":250,"height":250,"caption":"Grupo Editorial Latitud 21 SA de CV"},"image":{"@id":"https:\/\/l21.mx\/#\/schema\/logo\/image\/"},"sameAs":["https:\/\/www.facebook.com\/RevistaLatitud21\/","https:\/\/x.com\/Latitud21mx"]},{"@type":"Person","@id":"https:\/\/l21.mx\/#\/schema\/person\/4b571cc212089f95579f3b66253728f1","name":"Latitud21 Redacci\u00f3n","url":"https:\/\/l21.mx\/?author=2"}]}},"amp_enabled":true,"_links":{"self":[{"href":"https:\/\/l21.mx\/index.php?rest_route=\/wp\/v2\/posts\/31894","targetHints":{"allow":["GET"]}}],"collection":[{"href":"https:\/\/l21.mx\/index.php?rest_route=\/wp\/v2\/posts"}],"about":[{"href":"https:\/\/l21.mx\/index.php?rest_route=\/wp\/v2\/types\/post"}],"author":[{"embeddable":true,"href":"https:\/\/l21.mx\/index.php?rest_route=\/wp\/v2\/users\/2"}],"replies":[{"embeddable":true,"href":"https:\/\/l21.mx\/index.php?rest_route=%2Fwp%2Fv2%2Fcomments&post=31894"}],"version-history":[{"count":0,"href":"https:\/\/l21.mx\/index.php?rest_route=\/wp\/v2\/posts\/31894\/revisions"}],"wp:featuredmedia":[{"embeddable":true,"href":"https:\/\/l21.mx\/index.php?rest_route=\/wp\/v2\/media\/31896"}],"wp:attachment":[{"href":"https:\/\/l21.mx\/index.php?rest_route=%2Fwp%2Fv2%2Fmedia&parent=31894"}],"wp:term":[{"taxonomy":"category","embeddable":true,"href":"https:\/\/l21.mx\/index.php?rest_route=%2Fwp%2Fv2%2Fcategories&post=31894"},{"taxonomy":"post_tag","embeddable":true,"href":"https:\/\/l21.mx\/index.php?rest_route=%2Fwp%2Fv2%2Ftags&post=31894"}],"curies":[{"name":"wp","href":"https:\/\/api.w.org\/{rel}","templated":true}]}}