{"id":31935,"date":"2018-05-03T17:54:04","date_gmt":"2018-05-03T22:54:04","guid":{"rendered":"http:\/\/innovatori.space\/lat21\/?p=31935"},"modified":"2018-11-09T12:37:46","modified_gmt":"2018-11-09T17:37:46","slug":"myhair-barcelona","status":"publish","type":"post","link":"https:\/\/l21.mx\/?p=31935","title":{"rendered":"\u2b06\u2b06  Myhair Barcelona\u00a0"},"content":{"rendered":"<p><img fetchpriority=\"high\" decoding=\"async\" class=\"aligncenter size-full wp-image-31928\" src=\"http:\/\/l21.mx\/wp-content\/uploads\/2018\/05\/my-hair-barcelona.jpg\" alt=\"\" width=\"800\" height=\"533\" srcset=\"https:\/\/l21.mx\/wp-content\/uploads\/2018\/05\/my-hair-barcelona.jpg 800w, https:\/\/l21.mx\/wp-content\/uploads\/2018\/05\/my-hair-barcelona-300x200.jpg 300w, https:\/\/l21.mx\/wp-content\/uploads\/2018\/05\/my-hair-barcelona-768x512.jpg 768w, https:\/\/l21.mx\/wp-content\/uploads\/2018\/05\/my-hair-barcelona-585x390.jpg 585w, https:\/\/l21.mx\/wp-content\/uploads\/2018\/05\/my-hair-barcelona-263x175.jpg 263w\" sizes=\"(max-width: 800px) 100vw, 800px\" \/><\/p>\n<p>Con un concepto de alto nivel en servicios de belleza abri\u00f3 sus puertas en Canc\u00fan esta boutique especializada en la colocaci\u00f3n, cuidado y\u00a0 correcto mantenimiento de las extensiones de cabello, la cual ofrece un servicio personalizado con una gran gama de extensiones. Superficie, 69 m2. Genera tres empleos directos. Centro comercial Pabell\u00f3n Cumbres, local 10. Tel\u00e9fono: (998)344-32-77. Correo electr\u00f3nico: info@myhairbarcelona.com www.myhairbarcelona.com<\/p>\n","protected":false},"excerpt":{"rendered":"<p>Con un concepto de alto nivel en servicios de belleza abri\u00f3 sus puertas en Canc\u00fan esta&hellip;<\/p>\n","protected":false},"author":69,"featured_media":0,"comment_status":"open","ping_status":"open","sticky":false,"template":"","format":"standard","meta":{"_acf_changed":false,"_lmt_disableupdate":"","_lmt_disable":"","_mbp_gutenberg_autopost":false,"footnotes":""},"categories":[10],"tags":[],"class_list":["post-31935","post","type-post","status-publish","format-standard","hentry","category-sube-y-baja"],"acf":[],"_links":{"self":[{"href":"https:\/\/l21.mx\/index.php?rest_route=\/wp\/v2\/posts\/31935","targetHints":{"allow":["GET"]}}],"collection":[{"href":"https:\/\/l21.mx\/index.php?rest_route=\/wp\/v2\/posts"}],"about":[{"href":"https:\/\/l21.mx\/index.php?rest_route=\/wp\/v2\/types\/post"}],"author":[{"embeddable":true,"href":"https:\/\/l21.mx\/index.php?rest_route=\/wp\/v2\/users\/69"}],"replies":[{"embeddable":true,"href":"https:\/\/l21.mx\/index.php?rest_route=%2Fwp%2Fv2%2Fcomments&post=31935"}],"version-history":[{"count":0,"href":"https:\/\/l21.mx\/index.php?rest_route=\/wp\/v2\/posts\/31935\/revisions"}],"wp:attachment":[{"href":"https:\/\/l21.mx\/index.php?rest_route=%2Fwp%2Fv2%2Fmedia&parent=31935"}],"wp:term":[{"taxonomy":"category","embeddable":true,"href":"https:\/\/l21.mx\/index.php?rest_route=%2Fwp%2Fv2%2Fcategories&post=31935"},{"taxonomy":"post_tag","embeddable":true,"href":"https:\/\/l21.mx\/index.php?rest_route=%2Fwp%2Fv2%2Ftags&post=31935"}],"curies":[{"name":"wp","href":"https:\/\/api.w.org\/{rel}","templated":true}]}}