{"id":31938,"date":"2018-05-03T17:54:49","date_gmt":"2018-05-03T22:54:49","guid":{"rendered":"http:\/\/innovatori.space\/lat21\/?p=31938"},"modified":"2018-11-09T12:37:36","modified_gmt":"2018-11-09T17:37:36","slug":"cafe-antoinette","status":"publish","type":"post","link":"https:\/\/l21.mx\/?p=31938","title":{"rendered":"\u2b06\u2b06  Caf\u00e9\u00a0Antoinette\u00a0"},"content":{"rendered":"<p><img fetchpriority=\"high\" decoding=\"async\" class=\"aligncenter size-full wp-image-31927\" src=\"http:\/\/l21.mx\/wp-content\/uploads\/2018\/05\/cafe-antoinette.jpg\" alt=\"\" width=\"484\" height=\"800\" srcset=\"https:\/\/l21.mx\/wp-content\/uploads\/2018\/05\/cafe-antoinette.jpg 484w, https:\/\/l21.mx\/wp-content\/uploads\/2018\/05\/cafe-antoinette-182x300.jpg 182w\" sizes=\"(max-width: 484px) 100vw, 484px\" \/><\/p>\n<p>El concepto de cafeter\u00eda y pasteler\u00eda fina francesa inaugura su tercera sucursal en Canc\u00fan, y la cuarta en Quintana Roo, en donde\u00a0 brindan caf\u00e9 gourmet, bocadillos dulces y salados, macarrones franceses, adem\u00e1s de una infinidad de postres y desayunos. El lugar tiene capacidad para 120 comensales. Superficie, 250 m2. Genera 42 empleos directos y 50 indirectos. Av. Kabah esquina Av. Canc\u00fan, plaza The Village. Tel\u00e9fono:(998)287-58-08. Correo electr\u00f3nico: encargadotorres@cafe-antoinette.com<\/p>\n","protected":false},"excerpt":{"rendered":"<p>El concepto de cafeter\u00eda y pasteler\u00eda fina francesa inaugura su tercera sucursal en Canc\u00fan, y la&hellip;<\/p>\n","protected":false},"author":69,"featured_media":31939,"comment_status":"open","ping_status":"open","sticky":false,"template":"","format":"standard","meta":{"_acf_changed":false,"_lmt_disableupdate":"","_lmt_disable":"","_mbp_gutenberg_autopost":false,"footnotes":""},"categories":[10],"tags":[],"class_list":["post-31938","post","type-post","status-publish","format-standard","has-post-thumbnail","hentry","category-sube-y-baja"],"acf":[],"_links":{"self":[{"href":"https:\/\/l21.mx\/index.php?rest_route=\/wp\/v2\/posts\/31938","targetHints":{"allow":["GET"]}}],"collection":[{"href":"https:\/\/l21.mx\/index.php?rest_route=\/wp\/v2\/posts"}],"about":[{"href":"https:\/\/l21.mx\/index.php?rest_route=\/wp\/v2\/types\/post"}],"author":[{"embeddable":true,"href":"https:\/\/l21.mx\/index.php?rest_route=\/wp\/v2\/users\/69"}],"replies":[{"embeddable":true,"href":"https:\/\/l21.mx\/index.php?rest_route=%2Fwp%2Fv2%2Fcomments&post=31938"}],"version-history":[{"count":0,"href":"https:\/\/l21.mx\/index.php?rest_route=\/wp\/v2\/posts\/31938\/revisions"}],"wp:featuredmedia":[{"embeddable":true,"href":"https:\/\/l21.mx\/index.php?rest_route=\/wp\/v2\/media\/31939"}],"wp:attachment":[{"href":"https:\/\/l21.mx\/index.php?rest_route=%2Fwp%2Fv2%2Fmedia&parent=31938"}],"wp:term":[{"taxonomy":"category","embeddable":true,"href":"https:\/\/l21.mx\/index.php?rest_route=%2Fwp%2Fv2%2Fcategories&post=31938"},{"taxonomy":"post_tag","embeddable":true,"href":"https:\/\/l21.mx\/index.php?rest_route=%2Fwp%2Fv2%2Ftags&post=31938"}],"curies":[{"name":"wp","href":"https:\/\/api.w.org\/{rel}","templated":true}]}}