{"id":31942,"date":"2018-05-03T17:55:25","date_gmt":"2018-05-03T22:55:25","guid":{"rendered":"http:\/\/innovatori.space\/lat21\/?p=31942"},"modified":"2018-11-09T12:37:30","modified_gmt":"2018-11-09T17:37:30","slug":"parque-maya-cancun","status":"publish","type":"post","link":"https:\/\/l21.mx\/?p=31942","title":{"rendered":"\u2b06\u2b06  Parque Maya Canc\u00fan"},"content":{"rendered":"<p><img fetchpriority=\"high\" decoding=\"async\" class=\"aligncenter size-full wp-image-31926\" src=\"http:\/\/l21.mx\/wp-content\/uploads\/2018\/05\/Parque-Maya-Canc\u00fan.jpg\" alt=\"\" width=\"800\" height=\"521\" srcset=\"https:\/\/l21.mx\/wp-content\/uploads\/2018\/05\/Parque-Maya-Canc\u00fan.jpg 800w, https:\/\/l21.mx\/wp-content\/uploads\/2018\/05\/Parque-Maya-Canc\u00fan-300x195.jpg 300w, https:\/\/l21.mx\/wp-content\/uploads\/2018\/05\/Parque-Maya-Canc\u00fan-768x500.jpg 768w, https:\/\/l21.mx\/wp-content\/uploads\/2018\/05\/Parque-Maya-Canc\u00fan-585x381.jpg 585w\" sizes=\"(max-width: 800px) 100vw, 800px\" \/><\/p>\n<p>Con una inversi\u00f3n de 130 mdp inici\u00f3 operaciones este parque tem\u00e1tico, el\u00a0 cual cuenta con una sala de cine donde se proyecta un cortometraje original de la cultura maya y traves\u00eda maya, cinco torres de tirolesas de 20 metros de altura y senda maya, que consiste en 200 metros de camino, donde el visitante disfrutar\u00e1 de estelas mayas, templos y representaciones de dioses, as\u00ed como el calendario maya. Superficie, cinco mil 83 m2. Genera 100 empleos directos y 300 indirectos. Kil\u00f3metro 16.2, Bulevar Kukulc\u00e1n, CP 77500. Tel\u00e9fono: (998)234-08-55. www.parquemaya.com Facebook: Parque Maya Canc\u00fan<\/p>\n","protected":false},"excerpt":{"rendered":"<p>Con una inversi\u00f3n de 130 mdp inici\u00f3 operaciones este parque tem\u00e1tico, el\u00a0 cual cuenta con una&hellip;<\/p>\n","protected":false},"author":69,"featured_media":0,"comment_status":"open","ping_status":"open","sticky":false,"template":"","format":"standard","meta":{"_acf_changed":false,"_lmt_disableupdate":"","_lmt_disable":"","_mbp_gutenberg_autopost":false,"footnotes":""},"categories":[10],"tags":[],"class_list":["post-31942","post","type-post","status-publish","format-standard","hentry","category-sube-y-baja"],"acf":[],"_links":{"self":[{"href":"https:\/\/l21.mx\/index.php?rest_route=\/wp\/v2\/posts\/31942","targetHints":{"allow":["GET"]}}],"collection":[{"href":"https:\/\/l21.mx\/index.php?rest_route=\/wp\/v2\/posts"}],"about":[{"href":"https:\/\/l21.mx\/index.php?rest_route=\/wp\/v2\/types\/post"}],"author":[{"embeddable":true,"href":"https:\/\/l21.mx\/index.php?rest_route=\/wp\/v2\/users\/69"}],"replies":[{"embeddable":true,"href":"https:\/\/l21.mx\/index.php?rest_route=%2Fwp%2Fv2%2Fcomments&post=31942"}],"version-history":[{"count":0,"href":"https:\/\/l21.mx\/index.php?rest_route=\/wp\/v2\/posts\/31942\/revisions"}],"wp:attachment":[{"href":"https:\/\/l21.mx\/index.php?rest_route=%2Fwp%2Fv2%2Fmedia&parent=31942"}],"wp:term":[{"taxonomy":"category","embeddable":true,"href":"https:\/\/l21.mx\/index.php?rest_route=%2Fwp%2Fv2%2Fcategories&post=31942"},{"taxonomy":"post_tag","embeddable":true,"href":"https:\/\/l21.mx\/index.php?rest_route=%2Fwp%2Fv2%2Ftags&post=31942"}],"curies":[{"name":"wp","href":"https:\/\/api.w.org\/{rel}","templated":true}]}}