{"id":31957,"date":"2018-05-04T11:38:49","date_gmt":"2018-05-04T16:38:49","guid":{"rendered":"http:\/\/innovatori.space\/lat21\/?p=31957"},"modified":"2018-05-04T11:38:49","modified_gmt":"2018-05-04T16:38:49","slug":"islas-del-caribe-reciben-capacitacion-del-seminario-internacional-de-huracanes-de-grupo-asur","status":"publish","type":"post","link":"https:\/\/l21.mx\/?p=31957","title":{"rendered":"Islas del Caribe reciben capacitaci\u00f3n del Seminario Internacional de Huracanes, de grupo ASUR"},"content":{"rendered":"<p>&nbsp;<\/p>\n<p><img fetchpriority=\"high\" decoding=\"async\" class=\"aligncenter size-full wp-image-31958\" src=\"http:\/\/l21.mx\/wp-content\/uploads\/2018\/05\/Islas-del-Caribe-reciben-capacitaci\u00f3n-de-grupo-ASUR_.jpg\" alt=\"\" width=\"1280\" height=\"720\" srcset=\"https:\/\/l21.mx\/wp-content\/uploads\/2018\/05\/Islas-del-Caribe-reciben-capacitaci\u00f3n-de-grupo-ASUR_.jpg 1280w, https:\/\/l21.mx\/wp-content\/uploads\/2018\/05\/Islas-del-Caribe-reciben-capacitaci\u00f3n-de-grupo-ASUR_-300x169.jpg 300w, https:\/\/l21.mx\/wp-content\/uploads\/2018\/05\/Islas-del-Caribe-reciben-capacitaci\u00f3n-de-grupo-ASUR_-1024x576.jpg 1024w, https:\/\/l21.mx\/wp-content\/uploads\/2018\/05\/Islas-del-Caribe-reciben-capacitaci\u00f3n-de-grupo-ASUR_-768x432.jpg 768w, https:\/\/l21.mx\/wp-content\/uploads\/2018\/05\/Islas-del-Caribe-reciben-capacitaci\u00f3n-de-grupo-ASUR_-1170x658.jpg 1170w, https:\/\/l21.mx\/wp-content\/uploads\/2018\/05\/Islas-del-Caribe-reciben-capacitaci\u00f3n-de-grupo-ASUR_-585x329.jpg 585w\" sizes=\"(max-width: 1280px) 100vw, 1280px\" \/><\/p>\n<p>Con sede en la Universidad Internacional de Florida se llev\u00f3 a cabo el taller t\u00e9cnico de trabajo del Seminario Internacional de Huracanes promovido por el Aeropuerto Internacional de M\u00e9rida y Naciones Unidas.<\/p>\n<p>En \u00e9sta ocasi\u00f3n durante dos d\u00edas, los directores de los aeropuertos de Saint Maarten, Miami,\u00a0 Curasao, Islas Caim\u00e1n, Bahamas, Jamaica, Honduras, Aruba, Puerto Rico y M\u00e9xico, compartieron experiencias con el objetivo de fortalecer la preparaci\u00f3n de los aeropuertos ante la temporada de ciclones tropicales y tomar las mejores decisiones antes, durante y despu\u00e9s de la emergencia.<\/p>\n<p>Rub\u00e9n Almaguer, vicepresidente de manejo de desastres y operaci\u00f3n de la emergencia de la Universidad internacional de Florida se dijo honrado en poder recibir en su Centro de Operaciones a los ejecutivos aeroportuarios pertenecientes al Consejo Internacional de Aeropuertos para Latinoam\u00e9rica y el Caribe, y compartir experiencias en la gesti\u00f3n y administraci\u00f3n de los aeropuertos en casos de emergencia por huracanes previo al inicio de la temporada en Junio pr\u00f3ximo.<\/p>\n<p>El NOAA, a trav\u00e9s de su subdirector Edward Rappaport y el equipo de especialistas liderado por Lixion \u00c1vila, presentaron los productos que el organismo ofrece para que los aeropuertos puedan prepararse y tomar precauciones sobre los vientos de tormenta y la evoluci\u00f3n de los ciclones tropicales. El NOAA participa en el seminario desde hace 11 a\u00f1os de manera ininterrumpida.<\/p>\n<p><img decoding=\"async\" class=\"aligncenter size-full wp-image-31960\" src=\"http:\/\/l21.mx\/wp-content\/uploads\/2018\/05\/Islas-del-Caribe-reciben-capacitaci\u00f3n-de-grupo-ASUR.jpg\" alt=\"\" width=\"1200\" height=\"800\" srcset=\"https:\/\/l21.mx\/wp-content\/uploads\/2018\/05\/Islas-del-Caribe-reciben-capacitaci\u00f3n-de-grupo-ASUR.jpg 1200w, https:\/\/l21.mx\/wp-content\/uploads\/2018\/05\/Islas-del-Caribe-reciben-capacitaci\u00f3n-de-grupo-ASUR-300x200.jpg 300w, https:\/\/l21.mx\/wp-content\/uploads\/2018\/05\/Islas-del-Caribe-reciben-capacitaci\u00f3n-de-grupo-ASUR-1024x683.jpg 1024w, https:\/\/l21.mx\/wp-content\/uploads\/2018\/05\/Islas-del-Caribe-reciben-capacitaci\u00f3n-de-grupo-ASUR-768x512.jpg 768w, https:\/\/l21.mx\/wp-content\/uploads\/2018\/05\/Islas-del-Caribe-reciben-capacitaci\u00f3n-de-grupo-ASUR-1170x780.jpg 1170w, https:\/\/l21.mx\/wp-content\/uploads\/2018\/05\/Islas-del-Caribe-reciben-capacitaci\u00f3n-de-grupo-ASUR-585x390.jpg 585w, https:\/\/l21.mx\/wp-content\/uploads\/2018\/05\/Islas-del-Caribe-reciben-capacitaci\u00f3n-de-grupo-ASUR-263x175.jpg 263w\" sizes=\"(max-width: 1200px) 100vw, 1200px\" \/><\/p>\n<p>La Universidad Internacional de Florida, la cuarta m\u00e1s importante en Estados Unidos, cuenta con una matr\u00edcula de m\u00e1s de 56 mil estudiantes, y han desarrollado programas de postgrado especializados en la gesti\u00f3n de desastres, de ah\u00ed la relevancia de esta alianza estrat\u00e9gica para el Seminario Internacional de huracanes que inici\u00f3 en 2005 Grupo Aeroportuario del sureste en conjunto con ACILAC y que desde hace 5 a\u00f1os cuenta con la certificaci\u00f3n de Naciones Unidas, por medio del Centro de Formaci\u00f3n de Autoridades y L\u00edderes, CIFAL M\u00e9rida.<\/p>\n<p>El director ejecutivo de CIFAL M\u00e9rida, y director de Aeropuertos Regionales de Grupo ASUR, H\u00e9ctor Navarrete Mu\u00f1oz agradeci\u00f3 la cercan\u00eda del Consejo Internacional de Aeropuertos para Latinoam\u00e9rica y el Caribe, a trav\u00e9s de su presidente Martin Eurnekian y a su director general Javier Mart\u00ednez, por seguir atendiendo las necesidad de los aeropuertos, en beneficio de toda la industria y en \u00e9sta ocasi\u00f3n ofreciendo capacitaci\u00f3n precisa para salvaguardar a los aeropuertos en casos de emergencia.<\/p>\n<p><img decoding=\"async\" class=\"aligncenter size-full wp-image-31959\" src=\"http:\/\/l21.mx\/wp-content\/uploads\/2018\/05\/Islas-del-Caribe-reciben-capacitaci\u00f3n-de-grupo-ASUR-.jpg\" alt=\"\" width=\"1280\" height=\"960\" srcset=\"https:\/\/l21.mx\/wp-content\/uploads\/2018\/05\/Islas-del-Caribe-reciben-capacitaci\u00f3n-de-grupo-ASUR-.jpg 1280w, https:\/\/l21.mx\/wp-content\/uploads\/2018\/05\/Islas-del-Caribe-reciben-capacitaci\u00f3n-de-grupo-ASUR--300x225.jpg 300w, https:\/\/l21.mx\/wp-content\/uploads\/2018\/05\/Islas-del-Caribe-reciben-capacitaci\u00f3n-de-grupo-ASUR--1024x768.jpg 1024w, https:\/\/l21.mx\/wp-content\/uploads\/2018\/05\/Islas-del-Caribe-reciben-capacitaci\u00f3n-de-grupo-ASUR--768x576.jpg 768w, https:\/\/l21.mx\/wp-content\/uploads\/2018\/05\/Islas-del-Caribe-reciben-capacitaci\u00f3n-de-grupo-ASUR--1170x878.jpg 1170w, https:\/\/l21.mx\/wp-content\/uploads\/2018\/05\/Islas-del-Caribe-reciben-capacitaci\u00f3n-de-grupo-ASUR--585x439.jpg 585w\" sizes=\"(max-width: 1280px) 100vw, 1280px\" \/><\/p>\n<p>El manejo de drones y globos est\u00e1ticos durante emergencias, el impacto del hurac\u00e1n \u201cMar\u00eda\u201d sobre los aeropuertos de Saint Maarten, y Puerto Rico, el grupo de aeropuertos en manejo de desastres promovido por la administraci\u00f3n federal de la aviaci\u00f3n en estados unidos, las estrategias que utilizan las aerol\u00edneas mexicanas para operar con los m\u00ednimos recursos, y el sistema de comando de incidentes, fueron algunos de los temas desarrollados a lo largo del taller, que concluy\u00f3 con el ejercicio de mesa del Programa de Resiliencia para Puertos y Aeropuertos de Americas Relief Team.<\/p>\n<p>Dentro de las actividades se incluy\u00f3 la presentaci\u00f3n del manual de huracanes del aeropuerto internacional de Miami, con un balance de las afectaciones de la temporada cicl\u00f3nica del 2017 y un an\u00e1lisis de las estrategias que dicha terminal enfrent\u00f3 y aplic\u00f3 en la reciente temporada cicl\u00f3nica.<\/p>\n","protected":false},"excerpt":{"rendered":"<p>&nbsp; Con sede en la Universidad Internacional de Florida se llev\u00f3 a cabo el taller t\u00e9cnico&hellip;<\/p>\n","protected":false},"author":2,"featured_media":31960,"comment_status":"open","ping_status":"open","sticky":false,"template":"","format":"standard","meta":{"_acf_changed":false,"_lmt_disableupdate":"","_lmt_disable":"","_mbp_gutenberg_autopost":false,"footnotes":""},"categories":[4,23],"tags":[],"class_list":["post-31957","post","type-post","status-publish","format-standard","has-post-thumbnail","hentry","category-empresas-y-negocios","category-noticias"],"acf":[],"yoast_head":"<!-- This site is optimized with the Yoast SEO plugin v27.3 - https:\/\/yoast.com\/product\/yoast-seo-wordpress\/ -->\n<title>Islas del Caribe reciben capacitaci\u00f3n del Seminario Internacional de Huracanes, de grupo ASUR | Revista Latitud 21<\/title>\n<meta name=\"description\" content=\"L21, Emprendedores y Negocios en el Caribe Mexicano, es la revista l\u00edder entre el Sector Empresarial y Tur\u00edstico del Caribe Mexicano.\" \/>\n<meta name=\"robots\" content=\"index, follow, max-snippet:-1, max-image-preview:large, max-video-preview:-1\" \/>\n<link rel=\"canonical\" href=\"https:\/\/l21.mx\/?p=31957\" \/>\n<meta name=\"twitter:card\" content=\"summary_large_image\" \/>\n<meta name=\"twitter:title\" content=\"Islas del Caribe reciben capacitaci\u00f3n del Seminario Internacional de Huracanes, de grupo ASUR | Revista Latitud 21\" \/>\n<meta name=\"twitter:description\" content=\"L21, Emprendedores y Negocios en el Caribe Mexicano, es la revista l\u00edder entre el Sector Empresarial y Tur\u00edstico del Caribe Mexicano.\" \/>\n<meta name=\"twitter:image\" content=\"https:\/\/l21.mx\/wp-content\/uploads\/2018\/05\/Islas-del-Caribe-reciben-capacitaci\u00f3n-de-grupo-ASUR.jpg\" \/>\n<meta name=\"twitter:creator\" content=\"@Latitud21mx\" \/>\n<meta name=\"twitter:site\" content=\"@Latitud21mx\" \/>\n<meta name=\"twitter:label1\" content=\"Escrito por\" \/>\n\t<meta name=\"twitter:data1\" content=\"Latitud21 Redacci\u00f3n\" \/>\n\t<meta name=\"twitter:label2\" content=\"Tiempo de lectura\" \/>\n\t<meta name=\"twitter:data2\" content=\"3 minutos\" \/>\n<script type=\"application\/ld+json\" class=\"yoast-schema-graph\">{\"@context\":\"https:\\\/\\\/schema.org\",\"@graph\":[{\"@type\":\"Article\",\"@id\":\"https:\\\/\\\/l21.mx\\\/?p=31957#article\",\"isPartOf\":{\"@id\":\"https:\\\/\\\/l21.mx\\\/?p=31957\"},\"author\":{\"name\":\"Latitud21 Redacci\u00f3n\",\"@id\":\"https:\\\/\\\/l21.mx\\\/#\\\/schema\\\/person\\\/4b571cc212089f95579f3b66253728f1\"},\"headline\":\"Islas del Caribe reciben capacitaci\u00f3n del Seminario Internacional de Huracanes, de grupo ASUR\",\"datePublished\":\"2018-05-04T16:38:49+00:00\",\"mainEntityOfPage\":{\"@id\":\"https:\\\/\\\/l21.mx\\\/?p=31957\"},\"wordCount\":571,\"commentCount\":0,\"publisher\":{\"@id\":\"https:\\\/\\\/l21.mx\\\/#organization\"},\"image\":{\"@id\":\"https:\\\/\\\/l21.mx\\\/?p=31957#primaryimage\"},\"thumbnailUrl\":\"https:\\\/\\\/l21.mx\\\/wp-content\\\/uploads\\\/2018\\\/05\\\/Islas-del-Caribe-reciben-capacitaci\u00f3n-de-grupo-ASUR.jpg\",\"articleSection\":[\"Empresas y Negocios\",\"Noticias\"],\"inLanguage\":\"es\",\"potentialAction\":[{\"@type\":\"CommentAction\",\"name\":\"Comment\",\"target\":[\"https:\\\/\\\/l21.mx\\\/?p=31957#respond\"]}]},{\"@type\":\"WebPage\",\"@id\":\"https:\\\/\\\/l21.mx\\\/?p=31957\",\"url\":\"https:\\\/\\\/l21.mx\\\/?p=31957\",\"name\":\"Islas del Caribe reciben capacitaci\u00f3n del Seminario Internacional de Huracanes, de grupo ASUR | Revista Latitud 21\",\"isPartOf\":{\"@id\":\"https:\\\/\\\/l21.mx\\\/#website\"},\"primaryImageOfPage\":{\"@id\":\"https:\\\/\\\/l21.mx\\\/?p=31957#primaryimage\"},\"image\":{\"@id\":\"https:\\\/\\\/l21.mx\\\/?p=31957#primaryimage\"},\"thumbnailUrl\":\"https:\\\/\\\/l21.mx\\\/wp-content\\\/uploads\\\/2018\\\/05\\\/Islas-del-Caribe-reciben-capacitaci\u00f3n-de-grupo-ASUR.jpg\",\"datePublished\":\"2018-05-04T16:38:49+00:00\",\"description\":\"L21, Emprendedores y Negocios en el Caribe Mexicano, es la revista l\u00edder entre el Sector Empresarial y Tur\u00edstico del Caribe Mexicano.\",\"breadcrumb\":{\"@id\":\"https:\\\/\\\/l21.mx\\\/?p=31957#breadcrumb\"},\"inLanguage\":\"es\",\"potentialAction\":[{\"@type\":\"ReadAction\",\"target\":[\"https:\\\/\\\/l21.mx\\\/?p=31957\"]}]},{\"@type\":\"ImageObject\",\"inLanguage\":\"es\",\"@id\":\"https:\\\/\\\/l21.mx\\\/?p=31957#primaryimage\",\"url\":\"https:\\\/\\\/l21.mx\\\/wp-content\\\/uploads\\\/2018\\\/05\\\/Islas-del-Caribe-reciben-capacitaci\u00f3n-de-grupo-ASUR.jpg\",\"contentUrl\":\"https:\\\/\\\/l21.mx\\\/wp-content\\\/uploads\\\/2018\\\/05\\\/Islas-del-Caribe-reciben-capacitaci\u00f3n-de-grupo-ASUR.jpg\",\"width\":1200,\"height\":800},{\"@type\":\"BreadcrumbList\",\"@id\":\"https:\\\/\\\/l21.mx\\\/?p=31957#breadcrumb\",\"itemListElement\":[{\"@type\":\"ListItem\",\"position\":1,\"name\":\"Portada\",\"item\":\"https:\\\/\\\/l21.mx\\\/\"},{\"@type\":\"ListItem\",\"position\":2,\"name\":\"Islas del Caribe reciben capacitaci\u00f3n del Seminario Internacional de Huracanes, de grupo ASUR\"}]},{\"@type\":\"WebSite\",\"@id\":\"https:\\\/\\\/l21.mx\\\/#website\",\"url\":\"https:\\\/\\\/l21.mx\\\/\",\"name\":\"Revista Latitud 21\",\"description\":\"Emprendedores  y negocios en el Caribe Mexicano\",\"publisher\":{\"@id\":\"https:\\\/\\\/l21.mx\\\/#organization\"},\"potentialAction\":[{\"@type\":\"SearchAction\",\"target\":{\"@type\":\"EntryPoint\",\"urlTemplate\":\"https:\\\/\\\/l21.mx\\\/?s={search_term_string}\"},\"query-input\":{\"@type\":\"PropertyValueSpecification\",\"valueRequired\":true,\"valueName\":\"search_term_string\"}}],\"inLanguage\":\"es\"},{\"@type\":\"Organization\",\"@id\":\"https:\\\/\\\/l21.mx\\\/#organization\",\"name\":\"Grupo Editorial Latitud 21 SA de CV\",\"url\":\"https:\\\/\\\/l21.mx\\\/\",\"logo\":{\"@type\":\"ImageObject\",\"inLanguage\":\"es\",\"@id\":\"https:\\\/\\\/l21.mx\\\/#\\\/schema\\\/logo\\\/image\\\/\",\"url\":\"https:\\\/\\\/l21.mx\\\/wp-content\\\/uploads\\\/2020\\\/10\\\/logo-l21-baja.jpg\",\"contentUrl\":\"https:\\\/\\\/l21.mx\\\/wp-content\\\/uploads\\\/2020\\\/10\\\/logo-l21-baja.jpg\",\"width\":250,\"height\":250,\"caption\":\"Grupo Editorial Latitud 21 SA de CV\"},\"image\":{\"@id\":\"https:\\\/\\\/l21.mx\\\/#\\\/schema\\\/logo\\\/image\\\/\"},\"sameAs\":[\"https:\\\/\\\/www.facebook.com\\\/RevistaLatitud21\\\/\",\"https:\\\/\\\/x.com\\\/Latitud21mx\"]},{\"@type\":\"Person\",\"@id\":\"https:\\\/\\\/l21.mx\\\/#\\\/schema\\\/person\\\/4b571cc212089f95579f3b66253728f1\",\"name\":\"Latitud21 Redacci\u00f3n\",\"url\":\"https:\\\/\\\/l21.mx\\\/?author=2\"}]}<\/script>\n<!-- \/ Yoast SEO plugin. -->","yoast_head_json":{"title":"Islas del Caribe reciben capacitaci\u00f3n del Seminario Internacional de Huracanes, de grupo ASUR | Revista Latitud 21","description":"L21, Emprendedores y Negocios en el Caribe Mexicano, es la revista l\u00edder entre el Sector Empresarial y Tur\u00edstico del Caribe Mexicano.","robots":{"index":"index","follow":"follow","max-snippet":"max-snippet:-1","max-image-preview":"max-image-preview:large","max-video-preview":"max-video-preview:-1"},"canonical":"https:\/\/l21.mx\/?p=31957","twitter_card":"summary_large_image","twitter_title":"Islas del Caribe reciben capacitaci\u00f3n del Seminario Internacional de Huracanes, de grupo ASUR | Revista Latitud 21","twitter_description":"L21, Emprendedores y Negocios en el Caribe Mexicano, es la revista l\u00edder entre el Sector Empresarial y Tur\u00edstico del Caribe Mexicano.","twitter_image":"https:\/\/l21.mx\/wp-content\/uploads\/2018\/05\/Islas-del-Caribe-reciben-capacitaci\u00f3n-de-grupo-ASUR.jpg","twitter_creator":"@Latitud21mx","twitter_site":"@Latitud21mx","twitter_misc":{"Escrito por":"Latitud21 Redacci\u00f3n","Tiempo de lectura":"3 minutos"},"schema":{"@context":"https:\/\/schema.org","@graph":[{"@type":"Article","@id":"https:\/\/l21.mx\/?p=31957#article","isPartOf":{"@id":"https:\/\/l21.mx\/?p=31957"},"author":{"name":"Latitud21 Redacci\u00f3n","@id":"https:\/\/l21.mx\/#\/schema\/person\/4b571cc212089f95579f3b66253728f1"},"headline":"Islas del Caribe reciben capacitaci\u00f3n del Seminario Internacional de Huracanes, de grupo ASUR","datePublished":"2018-05-04T16:38:49+00:00","mainEntityOfPage":{"@id":"https:\/\/l21.mx\/?p=31957"},"wordCount":571,"commentCount":0,"publisher":{"@id":"https:\/\/l21.mx\/#organization"},"image":{"@id":"https:\/\/l21.mx\/?p=31957#primaryimage"},"thumbnailUrl":"https:\/\/l21.mx\/wp-content\/uploads\/2018\/05\/Islas-del-Caribe-reciben-capacitaci\u00f3n-de-grupo-ASUR.jpg","articleSection":["Empresas y Negocios","Noticias"],"inLanguage":"es","potentialAction":[{"@type":"CommentAction","name":"Comment","target":["https:\/\/l21.mx\/?p=31957#respond"]}]},{"@type":"WebPage","@id":"https:\/\/l21.mx\/?p=31957","url":"https:\/\/l21.mx\/?p=31957","name":"Islas del Caribe reciben capacitaci\u00f3n del Seminario Internacional de Huracanes, de grupo ASUR | Revista Latitud 21","isPartOf":{"@id":"https:\/\/l21.mx\/#website"},"primaryImageOfPage":{"@id":"https:\/\/l21.mx\/?p=31957#primaryimage"},"image":{"@id":"https:\/\/l21.mx\/?p=31957#primaryimage"},"thumbnailUrl":"https:\/\/l21.mx\/wp-content\/uploads\/2018\/05\/Islas-del-Caribe-reciben-capacitaci\u00f3n-de-grupo-ASUR.jpg","datePublished":"2018-05-04T16:38:49+00:00","description":"L21, Emprendedores y Negocios en el Caribe Mexicano, es la revista l\u00edder entre el Sector Empresarial y Tur\u00edstico del Caribe Mexicano.","breadcrumb":{"@id":"https:\/\/l21.mx\/?p=31957#breadcrumb"},"inLanguage":"es","potentialAction":[{"@type":"ReadAction","target":["https:\/\/l21.mx\/?p=31957"]}]},{"@type":"ImageObject","inLanguage":"es","@id":"https:\/\/l21.mx\/?p=31957#primaryimage","url":"https:\/\/l21.mx\/wp-content\/uploads\/2018\/05\/Islas-del-Caribe-reciben-capacitaci\u00f3n-de-grupo-ASUR.jpg","contentUrl":"https:\/\/l21.mx\/wp-content\/uploads\/2018\/05\/Islas-del-Caribe-reciben-capacitaci\u00f3n-de-grupo-ASUR.jpg","width":1200,"height":800},{"@type":"BreadcrumbList","@id":"https:\/\/l21.mx\/?p=31957#breadcrumb","itemListElement":[{"@type":"ListItem","position":1,"name":"Portada","item":"https:\/\/l21.mx\/"},{"@type":"ListItem","position":2,"name":"Islas del Caribe reciben capacitaci\u00f3n del Seminario Internacional de Huracanes, de grupo ASUR"}]},{"@type":"WebSite","@id":"https:\/\/l21.mx\/#website","url":"https:\/\/l21.mx\/","name":"Revista Latitud 21","description":"Emprendedores  y negocios en el Caribe Mexicano","publisher":{"@id":"https:\/\/l21.mx\/#organization"},"potentialAction":[{"@type":"SearchAction","target":{"@type":"EntryPoint","urlTemplate":"https:\/\/l21.mx\/?s={search_term_string}"},"query-input":{"@type":"PropertyValueSpecification","valueRequired":true,"valueName":"search_term_string"}}],"inLanguage":"es"},{"@type":"Organization","@id":"https:\/\/l21.mx\/#organization","name":"Grupo Editorial Latitud 21 SA de CV","url":"https:\/\/l21.mx\/","logo":{"@type":"ImageObject","inLanguage":"es","@id":"https:\/\/l21.mx\/#\/schema\/logo\/image\/","url":"https:\/\/l21.mx\/wp-content\/uploads\/2020\/10\/logo-l21-baja.jpg","contentUrl":"https:\/\/l21.mx\/wp-content\/uploads\/2020\/10\/logo-l21-baja.jpg","width":250,"height":250,"caption":"Grupo Editorial Latitud 21 SA de CV"},"image":{"@id":"https:\/\/l21.mx\/#\/schema\/logo\/image\/"},"sameAs":["https:\/\/www.facebook.com\/RevistaLatitud21\/","https:\/\/x.com\/Latitud21mx"]},{"@type":"Person","@id":"https:\/\/l21.mx\/#\/schema\/person\/4b571cc212089f95579f3b66253728f1","name":"Latitud21 Redacci\u00f3n","url":"https:\/\/l21.mx\/?author=2"}]}},"amp_enabled":true,"_links":{"self":[{"href":"https:\/\/l21.mx\/index.php?rest_route=\/wp\/v2\/posts\/31957","targetHints":{"allow":["GET"]}}],"collection":[{"href":"https:\/\/l21.mx\/index.php?rest_route=\/wp\/v2\/posts"}],"about":[{"href":"https:\/\/l21.mx\/index.php?rest_route=\/wp\/v2\/types\/post"}],"author":[{"embeddable":true,"href":"https:\/\/l21.mx\/index.php?rest_route=\/wp\/v2\/users\/2"}],"replies":[{"embeddable":true,"href":"https:\/\/l21.mx\/index.php?rest_route=%2Fwp%2Fv2%2Fcomments&post=31957"}],"version-history":[{"count":0,"href":"https:\/\/l21.mx\/index.php?rest_route=\/wp\/v2\/posts\/31957\/revisions"}],"wp:featuredmedia":[{"embeddable":true,"href":"https:\/\/l21.mx\/index.php?rest_route=\/wp\/v2\/media\/31960"}],"wp:attachment":[{"href":"https:\/\/l21.mx\/index.php?rest_route=%2Fwp%2Fv2%2Fmedia&parent=31957"}],"wp:term":[{"taxonomy":"category","embeddable":true,"href":"https:\/\/l21.mx\/index.php?rest_route=%2Fwp%2Fv2%2Fcategories&post=31957"},{"taxonomy":"post_tag","embeddable":true,"href":"https:\/\/l21.mx\/index.php?rest_route=%2Fwp%2Fv2%2Ftags&post=31957"}],"curies":[{"name":"wp","href":"https:\/\/api.w.org\/{rel}","templated":true}]}}