{"id":31974,"date":"2018-05-07T11:04:14","date_gmt":"2018-05-07T16:04:14","guid":{"rendered":"http:\/\/innovatori.space\/lat21\/?p=31974"},"modified":"2018-05-07T11:05:17","modified_gmt":"2018-05-07T16:05:17","slug":"proyectan-hotel-en-plaza-la-isla","status":"publish","type":"post","link":"https:\/\/l21.mx\/?p=31974","title":{"rendered":"Proyectan hotel en plaza La Isla"},"content":{"rendered":"<p><img fetchpriority=\"high\" decoding=\"async\" class=\"alignleft size-medium wp-image-31975\" src=\"http:\/\/l21.mx\/wp-content\/uploads\/2018\/05\/Proyectan-hotel-en-plaza-La-Isla-300x210.jpg\" alt=\"\" width=\"300\" height=\"210\" srcset=\"https:\/\/l21.mx\/wp-content\/uploads\/2018\/05\/Proyectan-hotel-en-plaza-La-Isla-300x210.jpg 300w, https:\/\/l21.mx\/wp-content\/uploads\/2018\/05\/Proyectan-hotel-en-plaza-La-Isla-1024x716.jpg 1024w, https:\/\/l21.mx\/wp-content\/uploads\/2018\/05\/Proyectan-hotel-en-plaza-La-Isla-768x537.jpg 768w, https:\/\/l21.mx\/wp-content\/uploads\/2018\/05\/Proyectan-hotel-en-plaza-La-Isla-1170x818.jpg 1170w, https:\/\/l21.mx\/wp-content\/uploads\/2018\/05\/Proyectan-hotel-en-plaza-La-Isla-585x409.jpg 585w, https:\/\/l21.mx\/wp-content\/uploads\/2018\/05\/Proyectan-hotel-en-plaza-La-Isla.jpg 1200w\" sizes=\"(max-width: 300px) 100vw, 300px\" \/><\/p>\n<p>Con una inversi\u00f3n aproximada de 65 mdp se proyecta la construcci\u00f3n del Hotel La Isla Canc\u00fan, con un total de 140 habitaciones, adem\u00e1s de un nivel de azotea con una alberca e instalaciones de recreaci\u00f3n como bar, lounge, asoleadero, sanitarios y elevadores para el acceso.<\/p>\n<p>El hotel se proyecta construir sobre el nivel de azotea del edificio uno del predio que corresponde a plaza La Isla; el promovente es Deutsche Bank M\u00e9xico, instituci\u00f3n de banca m\u00faltiple, divisi\u00f3n fiduciaria, que seg\u00fan se inform\u00f3 ya ingres\u00f3 la Manifestaci\u00f3n de Impacto Ambiental correspondiente ante la Semarnat.<\/p>\n<p>El proyecto contempla una construcci\u00f3n de 16 metros de altura, en donde adem\u00e1s se contar\u00e1 con instalaciones auxiliares como una subestaci\u00f3n el\u00e9ctrica, cuarto de calderas y cuarto de m\u00e1quinas.<\/p>\n<p>Seg\u00fan se dio a conocer, el gasto anual de operaci\u00f3n del proyecto hotelero est\u00e1 calculado en 10.75 mdp, con un promedio de gasto mensual arriba de 800 mil pesos.<\/p>\n<p>Este hotel se sumar\u00e1 a los servicios con los que cuenta plaza La Isla, ubicada en el kil\u00f3metro 12.2 del bulevar Kukulc\u00e1n, en donde actualmente se construye la segunda etapa, que consta de seis edificios de dos niveles y uno de un nivel, en los que se instalar\u00e1n cines, restaurantes con terrazas y tiendas de prestigiadas marcas.<\/p>\n","protected":false},"excerpt":{"rendered":"<p>Con una inversi\u00f3n aproximada de 65 mdp se proyecta la construcci\u00f3n del Hotel La Isla Canc\u00fan,&hellip;<\/p>\n","protected":false},"author":2,"featured_media":31975,"comment_status":"open","ping_status":"open","sticky":false,"template":"","format":"standard","meta":{"_acf_changed":false,"_lmt_disableupdate":"","_lmt_disable":"","_mbp_gutenberg_autopost":false,"footnotes":""},"categories":[4,23],"tags":[],"class_list":["post-31974","post","type-post","status-publish","format-standard","has-post-thumbnail","hentry","category-empresas-y-negocios","category-noticias"],"acf":[],"_links":{"self":[{"href":"https:\/\/l21.mx\/index.php?rest_route=\/wp\/v2\/posts\/31974","targetHints":{"allow":["GET"]}}],"collection":[{"href":"https:\/\/l21.mx\/index.php?rest_route=\/wp\/v2\/posts"}],"about":[{"href":"https:\/\/l21.mx\/index.php?rest_route=\/wp\/v2\/types\/post"}],"author":[{"embeddable":true,"href":"https:\/\/l21.mx\/index.php?rest_route=\/wp\/v2\/users\/2"}],"replies":[{"embeddable":true,"href":"https:\/\/l21.mx\/index.php?rest_route=%2Fwp%2Fv2%2Fcomments&post=31974"}],"version-history":[{"count":0,"href":"https:\/\/l21.mx\/index.php?rest_route=\/wp\/v2\/posts\/31974\/revisions"}],"wp:featuredmedia":[{"embeddable":true,"href":"https:\/\/l21.mx\/index.php?rest_route=\/wp\/v2\/media\/31975"}],"wp:attachment":[{"href":"https:\/\/l21.mx\/index.php?rest_route=%2Fwp%2Fv2%2Fmedia&parent=31974"}],"wp:term":[{"taxonomy":"category","embeddable":true,"href":"https:\/\/l21.mx\/index.php?rest_route=%2Fwp%2Fv2%2Fcategories&post=31974"},{"taxonomy":"post_tag","embeddable":true,"href":"https:\/\/l21.mx\/index.php?rest_route=%2Fwp%2Fv2%2Ftags&post=31974"}],"curies":[{"name":"wp","href":"https:\/\/api.w.org\/{rel}","templated":true}]}}