{"id":32014,"date":"2018-05-10T14:03:25","date_gmt":"2018-05-10T19:03:25","guid":{"rendered":"http:\/\/innovatori.space\/lat21\/?p=32014"},"modified":"2018-05-10T14:03:25","modified_gmt":"2018-05-10T19:03:25","slug":"nombramientos-mayo-2018","status":"publish","type":"post","link":"https:\/\/l21.mx\/?p=32014","title":{"rendered":"Nombramientos Mayo 2018"},"content":{"rendered":"<p><img fetchpriority=\"high\" decoding=\"async\" class=\"aligncenter size-large wp-image-32025\" src=\"http:\/\/l21.mx\/wp-content\/uploads\/2018\/05\/nombramientos-mayo-2018-667x1024.jpg\" alt=\"\" width=\"667\" height=\"1024\" srcset=\"https:\/\/l21.mx\/wp-content\/uploads\/2018\/05\/nombramientos-mayo-2018-667x1024.jpg 667w, https:\/\/l21.mx\/wp-content\/uploads\/2018\/05\/nombramientos-mayo-2018-195x300.jpg 195w, https:\/\/l21.mx\/wp-content\/uploads\/2018\/05\/nombramientos-mayo-2018-768x1179.jpg 768w, https:\/\/l21.mx\/wp-content\/uploads\/2018\/05\/nombramientos-mayo-2018-585x898.jpg 585w, https:\/\/l21.mx\/wp-content\/uploads\/2018\/05\/nombramientos-mayo-2018.jpg 900w\" sizes=\"(max-width: 667px) 100vw, 667px\" \/><\/p>\n<p><img decoding=\"async\" class=\"aligncenter size-full wp-image-32022\" src=\"http:\/\/l21.mx\/wp-content\/uploads\/2018\/05\/alex-zozaya-mayo-2018.png\" alt=\"\" width=\"272\" height=\"388\" srcset=\"https:\/\/l21.mx\/wp-content\/uploads\/2018\/05\/alex-zozaya-mayo-2018.png 272w, https:\/\/l21.mx\/wp-content\/uploads\/2018\/05\/alex-zozaya-mayo-2018-210x300.png 210w\" sizes=\"(max-width: 272px) 100vw, 272px\" \/><\/p>\n<p style=\"text-align: center;\">ORGANISMOS<\/p>\n<p style=\"text-align: center;\"><b>Alex\u00a0<\/b><b>Zozaya\u00a0<\/b><\/p>\n<ul>\n<li>asume el cargo de vicepresidente\u00a0del Consejo Nacional\u00a0Empresarial Tur\u00edstico (CNET)\u00a0en sustituci\u00f3n de\u00a0\u00d3scar Am\u00e9rigo.<\/li>\n<li><b>Lugar de origen:<\/b>\u00a0Ciudad de M\u00e9xico.<\/li>\n<li><b>Desarrollo p<\/b>r<b>ofesional:\u00a0<\/b>Apple Leisure Group,\u00a0Grupo Posadas, AMResorts,\u00a0Fiesta Americana\u00a0Condesa Canc\u00fan.<\/li>\n<\/ul>\n<p><img decoding=\"async\" class=\"aligncenter size-full wp-image-32021\" src=\"http:\/\/l21.mx\/wp-content\/uploads\/2018\/05\/dario-flota-mayo-2018.png\" alt=\"\" width=\"259\" height=\"387\" srcset=\"https:\/\/l21.mx\/wp-content\/uploads\/2018\/05\/dario-flota-mayo-2018.png 259w, https:\/\/l21.mx\/wp-content\/uploads\/2018\/05\/dario-flota-mayo-2018-201x300.png 201w\" sizes=\"(max-width: 259px) 100vw, 259px\" \/><\/p>\n<p style=\"text-align: center;\">ORGANISMOS<\/p>\n<p style=\"text-align: center;\"><b>Dar\u00edo <\/b><b>Flota\u00a0<\/b><\/p>\n<ul>\n<li>es nombrado director general del Consejo de Promoci\u00f3n Tur\u00edstica de Quintana Roo (puesto de nueva creaci\u00f3n).<\/li>\n<li><b>Lugar de origen:<\/b>\u00a0M\u00e9rida, Yucat\u00e1n.<\/li>\n<li><b>Arribo a Canc\u00fan<\/b>:\u00a01988<\/li>\n<li><b>Estudios:<\/b>\u00a0Ingenier\u00eda Industrial, Tecnol\u00f3gico de M\u00e9rida; maestro en Administraci\u00f3n y Mercadotecnia, Universidad La Salle Canc\u00fan.<\/li>\n<li><b>Desarrollo profesional:<\/b>\u00a0Aviomar, Magnicharters, Viajes del Tr\u00f3pico, Sedetur, Promoci\u00f3n Tur\u00edstica de Cozumel y la Riviera Maya.<\/li>\n<\/ul>\n<p><img loading=\"lazy\" decoding=\"async\" class=\"aligncenter size-full wp-image-32020\" src=\"http:\/\/l21.mx\/wp-content\/uploads\/2018\/05\/carlos-frias-mayo-2018.png\" alt=\"\" width=\"258\" height=\"389\" srcset=\"https:\/\/l21.mx\/wp-content\/uploads\/2018\/05\/carlos-frias-mayo-2018.png 258w, https:\/\/l21.mx\/wp-content\/uploads\/2018\/05\/carlos-frias-mayo-2018-199x300.png 199w\" sizes=\"(max-width: 258px) 100vw, 258px\" \/><\/p>\n<p style=\"text-align: center;\">EMPRESAS<\/p>\n<p style=\"text-align: center;\"><b>Carlos\u00a0<\/b><b>Fr\u00edas<\/b><\/p>\n<ul>\n<li>ocupa la gerencia comercial\u00a0en Q. Roo de Grupo Dolphin Discovery (puesto de nueva creaci\u00f3n).<\/li>\n<li><b>Lugar de origen:<\/b>\u00a0Ciudad de M\u00e9xico.<\/li>\n<li><b>Arribo a Canc\u00fan:<\/b>\u00a02014<\/li>\n<li><b>Estudios:<\/b>\u00a0Licenciatura en Administraci\u00f3n de Empresas, Universidad Complutense de Madrid.<\/li>\n<li><b>Desarrollo profesional:<\/b>\u00a0Mexicana de Aviaci\u00f3n (Espa\u00f1a), Grupo Posadas (Espa\u00f1a), Universidad Alcal\u00e1 de Henares (Espa\u00f1a).<\/li>\n<\/ul>\n<p><img loading=\"lazy\" decoding=\"async\" class=\"aligncenter size-full wp-image-32019\" src=\"http:\/\/l21.mx\/wp-content\/uploads\/2018\/05\/ricardo-montaudon-mayo-2018.png\" alt=\"\" width=\"259\" height=\"389\" srcset=\"https:\/\/l21.mx\/wp-content\/uploads\/2018\/05\/ricardo-montaudon-mayo-2018.png 259w, https:\/\/l21.mx\/wp-content\/uploads\/2018\/05\/ricardo-montaudon-mayo-2018-200x300.png 200w\" sizes=\"(max-width: 259px) 100vw, 259px\" \/><\/p>\n<p style=\"text-align: center;\">ASOCIACIONES<\/p>\n<p style=\"text-align: center;\"><b>Ricardo\u00a0<\/b><b>Montaudon\u00a0<\/b><\/p>\n<ul>\n<li>asume como presidente del consejo directivo de la Asociaci\u00f3n Mexicana de Desarrolladores Tur\u00edsticos (Amdetur) 2018-2019 en sustituci\u00f3n de Jorge Herrera.<\/li>\n<li><b>Lugar de origen:<\/b>\u00a0Ciudad de M\u00e9xico.<\/li>\n<li><b>Desarrollo profesional:\u00a0<\/b>RCI Latinoam\u00e9rica, Ocean Imperial, hotel Omni Ixtapa, RCI Brasil, RCI Management en Corona (California) y Parsippany (Nueva Jersey).<\/li>\n<\/ul>\n<p><img loading=\"lazy\" decoding=\"async\" class=\"aligncenter size-full wp-image-32018\" src=\"http:\/\/l21.mx\/wp-content\/uploads\/2018\/05\/harley-sosa-mayo-2018.png\" alt=\"\" width=\"247\" height=\"372\" srcset=\"https:\/\/l21.mx\/wp-content\/uploads\/2018\/05\/harley-sosa-mayo-2018.png 247w, https:\/\/l21.mx\/wp-content\/uploads\/2018\/05\/harley-sosa-mayo-2018-199x300.png 199w\" sizes=\"(max-width: 247px) 100vw, 247px\" \/><\/p>\n<p style=\"text-align: center;\">GOBIERNO<\/p>\n<p style=\"text-align: center;\"><b>Harley Sosa<\/b><\/p>\n<ul>\n<li>es nombrado delegado del Instituto Nacional de Migraci\u00f3n (INM) en Quintana Roo en sustituci\u00f3n de Mauricio Saad.<\/li>\n<li><b>Lugar de origen:<\/b>\u00a0Campeche.<\/li>\n<li><b>Arribo a Canc\u00fan:\u00a0<\/b>1999<\/li>\n<li><b>Estudios:<\/b>\u00a0Licenciado en Derecho por la Uqroo, maestro en Derecho Procesal Penal con especialidad en Juicios Orales,\u00a0Instituto Nacional de Estudios\u00a0Superiores en Derecho Penal.<\/li>\n<li><b>Desarrollo profesional:<\/b>\u00a0Instituto de Administraci\u00f3n P\u00fablica de Q. Roo A.C., Secretar\u00eda de Gobierno del estado de Quintana Roo.<\/li>\n<\/ul>\n<p><img loading=\"lazy\" decoding=\"async\" class=\"aligncenter size-full wp-image-32017\" src=\"http:\/\/l21.mx\/wp-content\/uploads\/2018\/05\/manuel-saracho-mayo-2018.png\" alt=\"\" width=\"250\" height=\"378\" srcset=\"https:\/\/l21.mx\/wp-content\/uploads\/2018\/05\/manuel-saracho-mayo-2018.png 250w, https:\/\/l21.mx\/wp-content\/uploads\/2018\/05\/manuel-saracho-mayo-2018-198x300.png 198w\" sizes=\"(max-width: 250px) 100vw, 250px\" \/><\/p>\n<p style=\"text-align: center;\">HOTELES<\/p>\n<p style=\"text-align: center;\"><b>Manuel Saracho<\/b><\/p>\n<ul>\n<li>es director nacional de Ventas\u00a0de Atelier de Hoteles.\u00a0(puesto de nueva creaci\u00f3n).<\/li>\n<li><b>Lugar de origen:<\/b>\u00a0Ciudad de M\u00e9xico.<\/li>\n<li><b>Arribo\u00a0 a Canc\u00fan:<\/b>\u00a01998<\/li>\n<li><b>Estudios:<\/b>\u00a0Licenciado en Administraci\u00f3n\u00a0Hotelera, Universidad Panamericana\u00a0de Hoteler\u00eda, Gastronom\u00eda\u00a0y Turismo.<\/li>\n<li><b>Desarrollo profesional:<\/b>\u00a0Hotel Camino Real,\u00a0Meli\u00e1 Hotels International,\u00a0Moon Palace Canc\u00fan.<\/li>\n<\/ul>\n<p><img loading=\"lazy\" decoding=\"async\" class=\"aligncenter size-full wp-image-32016\" src=\"http:\/\/l21.mx\/wp-content\/uploads\/2018\/05\/martin-rodriguez-mayo-2018.png\" alt=\"\" width=\"249\" height=\"378\" srcset=\"https:\/\/l21.mx\/wp-content\/uploads\/2018\/05\/martin-rodriguez-mayo-2018.png 249w, https:\/\/l21.mx\/wp-content\/uploads\/2018\/05\/martin-rodriguez-mayo-2018-198x300.png 198w\" sizes=\"(max-width: 249px) 100vw, 249px\" \/><\/p>\n<p style=\"text-align: center;\">HOTELES<\/p>\n<p style=\"text-align: center;\"><b>Mart\u00edn Rodr\u00edguez\u00a0<\/b><\/p>\n<ul>\n<li>ocupa la gerencia del hotel\u00a0\u00d3leo Canc\u00fan Playa en sustituci\u00f3n\u00a0de Jorge Ducoing.<\/li>\n<li><b>Lugar de origen:<\/b>\u00a0M\u00e9rida, Yucat\u00e1n.<\/li>\n<li><b>Arribo a Canc\u00fan:<\/b>\u00a02017<\/li>\n<li><b>Estudios:<\/b>\u00a0Licenciado en Hoteles\u00a0y Restaurantes, Instituto\u00a0Tecnol\u00f3gico de M\u00e9rida.<\/li>\n<li><b>Desarrollo profesional:\u00a0<\/b>Accor Hotels, hotel Ibis,\u00a0hotel \u00d3leo Canc\u00fan Playa.<\/li>\n<\/ul>\n<p><img loading=\"lazy\" decoding=\"async\" class=\"aligncenter size-full wp-image-32015\" src=\"http:\/\/l21.mx\/wp-content\/uploads\/2018\/05\/jaime-garcia-mayo-2018.png\" alt=\"\" width=\"239\" height=\"377\" srcset=\"https:\/\/l21.mx\/wp-content\/uploads\/2018\/05\/jaime-garcia-mayo-2018.png 239w, https:\/\/l21.mx\/wp-content\/uploads\/2018\/05\/jaime-garcia-mayo-2018-190x300.png 190w\" sizes=\"(max-width: 239px) 100vw, 239px\" \/><\/p>\n<p style=\"text-align: center;\">HOTELES<\/p>\n<p style=\"text-align: center;\"><b>Jaime Garc\u00eda<\/b><\/p>\n<ul>\n<li>es nombrado chef ejecutivo del hotel Morgana Playa del Carmen\u00a0(puesto de nueva creaci\u00f3n).<\/li>\n<li><b>Lugar de origen:<\/b>\u00a0Colima.<\/li>\n<li><b>Arribo a Playa del Carmen:<\/b>\u00a02016<\/li>\n<li><b>Estudios:\u00a0<\/b>Licenciatura en Administraci\u00f3n\u00a0de Empresas Tur\u00edsticas,\u00a0Instituto Jos\u00e9 Vasconcelos.<\/li>\n<li><b>Desarrollo profesional:<\/b>\u00a0Food Magics Shanghai,\u00a0Palace Resorts Playa del Carmen,\u00a0hotel Barcel\u00f3 Playa del Carmen.<\/li>\n<\/ul>\n","protected":false},"excerpt":{"rendered":"<p>ORGANISMOS Alex\u00a0Zozaya\u00a0 asume el cargo de vicepresidente\u00a0del Consejo Nacional\u00a0Empresarial Tur\u00edstico (CNET)\u00a0en sustituci\u00f3n de\u00a0\u00d3scar Am\u00e9rigo. Lugar de&hellip;<\/p>\n","protected":false},"author":2,"featured_media":32025,"comment_status":"open","ping_status":"open","sticky":false,"template":"","format":"standard","meta":{"_acf_changed":false,"_lmt_disableupdate":"","_lmt_disable":"","_mbp_gutenberg_autopost":false,"footnotes":""},"categories":[9,23],"tags":[],"class_list":["post-32014","post","type-post","status-publish","format-standard","has-post-thumbnail","hentry","category-nombramientos","category-noticias"],"acf":[],"_links":{"self":[{"href":"https:\/\/l21.mx\/index.php?rest_route=\/wp\/v2\/posts\/32014","targetHints":{"allow":["GET"]}}],"collection":[{"href":"https:\/\/l21.mx\/index.php?rest_route=\/wp\/v2\/posts"}],"about":[{"href":"https:\/\/l21.mx\/index.php?rest_route=\/wp\/v2\/types\/post"}],"author":[{"embeddable":true,"href":"https:\/\/l21.mx\/index.php?rest_route=\/wp\/v2\/users\/2"}],"replies":[{"embeddable":true,"href":"https:\/\/l21.mx\/index.php?rest_route=%2Fwp%2Fv2%2Fcomments&post=32014"}],"version-history":[{"count":0,"href":"https:\/\/l21.mx\/index.php?rest_route=\/wp\/v2\/posts\/32014\/revisions"}],"wp:featuredmedia":[{"embeddable":true,"href":"https:\/\/l21.mx\/index.php?rest_route=\/wp\/v2\/media\/32025"}],"wp:attachment":[{"href":"https:\/\/l21.mx\/index.php?rest_route=%2Fwp%2Fv2%2Fmedia&parent=32014"}],"wp:term":[{"taxonomy":"category","embeddable":true,"href":"https:\/\/l21.mx\/index.php?rest_route=%2Fwp%2Fv2%2Fcategories&post=32014"},{"taxonomy":"post_tag","embeddable":true,"href":"https:\/\/l21.mx\/index.php?rest_route=%2Fwp%2Fv2%2Ftags&post=32014"}],"curies":[{"name":"wp","href":"https:\/\/api.w.org\/{rel}","templated":true}]}}