{"id":32077,"date":"2018-05-18T13:03:07","date_gmt":"2018-05-18T18:03:07","guid":{"rendered":"http:\/\/innovatori.space\/lat21\/?p=32077"},"modified":"2018-05-18T13:03:07","modified_gmt":"2018-05-18T18:03:07","slug":"american-airlines-anuncio-la-llegada-de-su-primer-avion-boeing-787-8-dreamliner-a-cancun","status":"publish","type":"post","link":"https:\/\/l21.mx\/?p=32077","title":{"rendered":"American Airlines anunci\u00f3 la llegada de su primer avi\u00f3n Boeing 787-8 Dreamliner a Canc\u00fan"},"content":{"rendered":"<p><a href=\"http:\/\/l21.mx\/wp-content\/uploads\/2018\/05\/dreamliner1.jpg\" data-rel=\"penci-gallery-image-content\" ><img decoding=\"async\" class=\"alignnone size-medium wp-image-32078\" src=\"http:\/\/l21.mx\/wp-content\/uploads\/2018\/05\/dreamliner1-300x150.jpg\" alt=\"\" width=\"300\" height=\"150\" srcset=\"https:\/\/l21.mx\/wp-content\/uploads\/2018\/05\/dreamliner1-300x150.jpg 300w, https:\/\/l21.mx\/wp-content\/uploads\/2018\/05\/dreamliner1-585x293.jpg 585w, https:\/\/l21.mx\/wp-content\/uploads\/2018\/05\/dreamliner1.jpg 624w\" sizes=\"(max-width: 300px) 100vw, 300px\" \/><\/a><\/p>\n<p>American Airlines anunci\u00f3 la llegada de su primer avi\u00f3n Boeing 787-8 Dreamliner a M\u00e9xico, el cual atender\u00e1 las rutas de Dallas\/Fort Worth\u00a0 y Chicago O\u2019Hare al Aeropuerto Internacional de Canc\u00fan.<\/p>\n<p>Se\u00f1al\u00f3 que esta aeronave ofrece asientos de Clase Econ\u00f3mica Premium con asientos de cuero m\u00e1s anchos, m\u00e1s espacio para las piernas y apoyos extensibles para la cabeza y los pies, adem\u00e1s de un men\u00fa especial, frazadas y almohadas Casper y estuches personales.\u00a0American opera m\u00e1s de 185 vuelos semanales a la ciudad de Canc\u00fan desde distintas ciudades en los Estados Unidos y ofrece un total de m\u00e1s de 680 vuelos semanales desde 21 aeropuertos internacionales en el pa\u00eds, muy pronto 22.<\/p>\n<p>\u201cCon la operaci\u00f3n del nuevo Boeing 787-8 Dreamliner en Canc\u00fan, los pasajeros tendr\u00e1n una experiencia a bordo de vanguardia, con tecnolog\u00eda de \u00faltima generaci\u00f3n, asientos totalmente reclinables tipo cama, acceso directo al pasillo, Wi-Fi satelital y m\u00faltiples opciones de entretenimiento\u201d, destac\u00f3 Jos\u00e9 Mar\u00eda Giraldo, recientemente nombrado director general de American Airlines en M\u00e9xico.\u00a0llega a sustituir a Tony Guti\u00e9rrez, quien se retira despu\u00e9s de 43 a\u00f1os de servicio en la aerol\u00ednea.<\/p>\n<p>\u201cEstamos orgullosos de poder ofrecer a nuestros clientes en M\u00e9xico una experiencia de viaje mejorada y placentera, con la aeronave m\u00e1s moderna de nuestra flota, con tecnolog\u00eda y dise\u00f1o de vanguardia\u201d, se\u00f1al\u00f3 Giraldo, y puntualiz\u00f3 que con la llegada del Dreamliner reforzaran a\u00fan m\u00e1s su presencia en Canc\u00fan, en donde les enorgullece ser la aerol\u00ednea norteamericana l\u00edder. (Reportur.mx)<\/p>\n","protected":false},"excerpt":{"rendered":"<p>American Airlines anunci\u00f3 la llegada de su primer avi\u00f3n Boeing 787-8 Dreamliner a M\u00e9xico, el cual&hellip;<\/p>\n","protected":false},"author":69,"featured_media":32078,"comment_status":"open","ping_status":"open","sticky":false,"template":"","format":"standard","meta":{"_acf_changed":false,"_lmt_disableupdate":"","_lmt_disable":"","_mbp_gutenberg_autopost":false,"footnotes":""},"categories":[23,1,8],"tags":[],"class_list":["post-32077","post","type-post","status-publish","format-standard","has-post-thumbnail","hentry","category-noticias","category-sin-categoria","category-turismo"],"acf":[],"_links":{"self":[{"href":"https:\/\/l21.mx\/index.php?rest_route=\/wp\/v2\/posts\/32077","targetHints":{"allow":["GET"]}}],"collection":[{"href":"https:\/\/l21.mx\/index.php?rest_route=\/wp\/v2\/posts"}],"about":[{"href":"https:\/\/l21.mx\/index.php?rest_route=\/wp\/v2\/types\/post"}],"author":[{"embeddable":true,"href":"https:\/\/l21.mx\/index.php?rest_route=\/wp\/v2\/users\/69"}],"replies":[{"embeddable":true,"href":"https:\/\/l21.mx\/index.php?rest_route=%2Fwp%2Fv2%2Fcomments&post=32077"}],"version-history":[{"count":0,"href":"https:\/\/l21.mx\/index.php?rest_route=\/wp\/v2\/posts\/32077\/revisions"}],"wp:featuredmedia":[{"embeddable":true,"href":"https:\/\/l21.mx\/index.php?rest_route=\/wp\/v2\/media\/32078"}],"wp:attachment":[{"href":"https:\/\/l21.mx\/index.php?rest_route=%2Fwp%2Fv2%2Fmedia&parent=32077"}],"wp:term":[{"taxonomy":"category","embeddable":true,"href":"https:\/\/l21.mx\/index.php?rest_route=%2Fwp%2Fv2%2Fcategories&post=32077"},{"taxonomy":"post_tag","embeddable":true,"href":"https:\/\/l21.mx\/index.php?rest_route=%2Fwp%2Fv2%2Ftags&post=32077"}],"curies":[{"name":"wp","href":"https:\/\/api.w.org\/{rel}","templated":true}]}}