{"id":32092,"date":"2018-05-22T10:28:50","date_gmt":"2018-05-22T15:28:50","guid":{"rendered":"http:\/\/innovatori.space\/lat21\/?p=32092"},"modified":"2018-05-23T14:07:31","modified_gmt":"2018-05-23T19:07:31","slug":"preparan-xplor-bravest-race-2018","status":"publish","type":"post","link":"https:\/\/l21.mx\/?p=32092","title":{"rendered":"Preparan Xplor Bravest Race 2018"},"content":{"rendered":"<p><a href=\"http:\/\/l21.mx\/wp-content\/uploads\/2018\/05\/xplor-foto.jpg\"><\/a><a href=\"http:\/\/l21.mx\/wp-content\/uploads\/2018\/05\/xplor-foto.jpg\" data-rel=\"penci-gallery-image-content\" ><img fetchpriority=\"high\" decoding=\"async\" class=\"alignnone wp-image-32112 size-medium\" src=\"http:\/\/l21.mx\/wp-content\/uploads\/2018\/05\/xplor-foto-300x169.jpg\" alt=\"\" width=\"300\" height=\"169\" srcset=\"https:\/\/l21.mx\/wp-content\/uploads\/2018\/05\/xplor-foto-300x169.jpg 300w, https:\/\/l21.mx\/wp-content\/uploads\/2018\/05\/xplor-foto-1024x576.jpg 1024w, https:\/\/l21.mx\/wp-content\/uploads\/2018\/05\/xplor-foto-768x432.jpg 768w, https:\/\/l21.mx\/wp-content\/uploads\/2018\/05\/xplor-foto-1170x663.jpg 1170w, https:\/\/l21.mx\/wp-content\/uploads\/2018\/05\/xplor-foto-585x329.jpg 585w, https:\/\/l21.mx\/wp-content\/uploads\/2018\/05\/xplor-foto.jpg 1200w\" sizes=\"(max-width: 300px) 100vw, 300px\" \/><\/a><\/p>\n<div class=\"pcrstb-wrap\"><table width=\"750\">\n<tbody>\n<tr>\n<td width=\"750\">\n<table width=\"100%\">\n<tbody>\n<tr>\n<td>\n<table width=\"100%\">\n<tbody>\n<tr>\n<td>\n<table width=\"100%\">\n<tbody>\n<tr>\n<td width=\"750\">\n<table width=\"100%\">\n<tbody>\n<tr>\n<td><strong>Preparan\u00a0<em>Xplor Bravest Race<\/em>\u00a02018<\/strong><\/p>\n<p>&nbsp;<\/p>\n<p>&nbsp;<\/p>\n<p>&nbsp;<\/p>\n<p><strong>La exitosa carrera de la Riviera Maya<\/strong> llega a su sexta edici\u00f3n con un homenaje a nuestro pa\u00eds y la fortaleza de esp\u00edritu de los mexicanos.\u00a0<em>L<\/em>a carrera de obst\u00e1culos y persecuci\u00f3n m\u00e1s importante de M\u00e9xico, por la belleza y extensi\u00f3n de sus escenarios naturales -algunos bajo la tierra y otros en plena selva Quintanarroense-, tendr\u00e1 lugar el pr\u00f3ximo 16 de septiembre con la asistencia de tres mil 500 participantes.<\/p>\n<p>&nbsp;<\/p>\n<p>La sexta edici\u00f3n de esta prueba rendir\u00e1 un homenaje al esp\u00edritu valiente y de fortaleza del mexicano frente a las adversidades. En esta ocasi\u00f3n <strong>la carrera tendr\u00e1 alentadores llamados \u201ccompas\/compadres\u201d<\/strong> para motivar a los competidores a dar su mejor esfuerzo y superar los retos del camino.<\/p>\n<p>Tambi\u00e9n puedes ver aqu\u00ed: <a href=\"http:\/\/l21.mx\/xplor-bravest-race-elements-captara-3000-competidores\/\">La pen\u00ednsula de Yucat\u00e1n en competencias anteriores<\/a><\/p>\n<p>Entre los 30 obst\u00e1culos de la carrera, habr\u00e1 nueve con un grado m\u00e1s alto de dificultad, que al ser superados, har\u00e1n a los competidos merecedores de un\u00a0<em>paliacate<\/em>.\u00a0 Reunir los\u00a0<em>paliacates<\/em>\u00a0verde, blanco y rojo los har\u00e1 <strong>merecedores de la medalla m\u00e1s prestigiosa: <em>The Bravest<\/em>.<\/strong><\/p>\n<p><strong>El d\u00eda de la Independencia<\/strong><\/p>\n<p>La carrera tendr\u00e1 lugar el domingo 16 de septiembre en escenarios \u00fanicos, <strong>algunos bajo <a href=\"http:\/\/l21.mx\/tierra-prometida-3\/\">tierra<\/a> y otros en plena selva Quintanarroense<\/strong>. Se abrir\u00e1 un apartado en el que se incluir\u00e1 a los competidores con los mejores tiempos en las remas varonil y femenil.<\/p>\n<p>La competencia contara con 14 oleadas de participantes en intervalos de 30 minutos.<br \/>\nTambi\u00e9n habr\u00e1 una oleada de \u00e9lite,\u00a0 (8:00 a.m.) en ambas categor\u00edas en la que 125 hombres y 125 mujeres competir\u00e1n por conseguir el mejor tiempo.<\/p>\n<p>&nbsp;<\/p>\n<p>La edad m\u00ednima para participar es de 16 a\u00f1os -acompa\u00f1ados de un tutor para firmar la carta responsiva para la competencia- y las inscripciones concluyen el 1 de septiembre del presente a\u00f1o.<\/p>\n<p>!Es una experiencia que no te puedes perder!<\/td>\n<\/tr>\n<\/tbody>\n<\/table><\/div>\n<\/td>\n<\/tr>\n<\/tbody>\n<\/table>\n<\/td>\n<\/tr>\n<\/tbody>\n<\/table>\n<\/td>\n<\/tr>\n<\/tbody>\n<\/table>\n<\/td>\n<\/tr>\n<\/tbody>\n<\/table>\n<p>Los interesados pueden encontrar todos los detalles de\u00a0 la\u00a0\u00a0\u00a0 convocatoria en el sitio: www.xplorbravestrace.com<\/p>\n","protected":false},"excerpt":{"rendered":"<p>Preparan\u00a0Xplor Bravest Race\u00a02018 &nbsp; &nbsp; &nbsp; La exitosa carrera de la Riviera Maya llega a su&hellip;<\/p>\n","protected":false},"author":69,"featured_media":32112,"comment_status":"open","ping_status":"open","sticky":false,"template":"","format":"standard","meta":{"_acf_changed":false,"_lmt_disableupdate":"","_lmt_disable":"","_mbp_gutenberg_autopost":false,"footnotes":""},"categories":[23,1,8],"tags":[],"class_list":["post-32092","post","type-post","status-publish","format-standard","has-post-thumbnail","hentry","category-noticias","category-sin-categoria","category-turismo"],"acf":[],"_links":{"self":[{"href":"https:\/\/l21.mx\/index.php?rest_route=\/wp\/v2\/posts\/32092","targetHints":{"allow":["GET"]}}],"collection":[{"href":"https:\/\/l21.mx\/index.php?rest_route=\/wp\/v2\/posts"}],"about":[{"href":"https:\/\/l21.mx\/index.php?rest_route=\/wp\/v2\/types\/post"}],"author":[{"embeddable":true,"href":"https:\/\/l21.mx\/index.php?rest_route=\/wp\/v2\/users\/69"}],"replies":[{"embeddable":true,"href":"https:\/\/l21.mx\/index.php?rest_route=%2Fwp%2Fv2%2Fcomments&post=32092"}],"version-history":[{"count":0,"href":"https:\/\/l21.mx\/index.php?rest_route=\/wp\/v2\/posts\/32092\/revisions"}],"wp:featuredmedia":[{"embeddable":true,"href":"https:\/\/l21.mx\/index.php?rest_route=\/wp\/v2\/media\/32112"}],"wp:attachment":[{"href":"https:\/\/l21.mx\/index.php?rest_route=%2Fwp%2Fv2%2Fmedia&parent=32092"}],"wp:term":[{"taxonomy":"category","embeddable":true,"href":"https:\/\/l21.mx\/index.php?rest_route=%2Fwp%2Fv2%2Fcategories&post=32092"},{"taxonomy":"post_tag","embeddable":true,"href":"https:\/\/l21.mx\/index.php?rest_route=%2Fwp%2Fv2%2Ftags&post=32092"}],"curies":[{"name":"wp","href":"https:\/\/api.w.org\/{rel}","templated":true}]}}