{"id":32115,"date":"2018-05-23T18:23:27","date_gmt":"2018-05-23T23:23:27","guid":{"rendered":"http:\/\/innovatori.space\/lat21\/?p=32115"},"modified":"2018-05-23T18:23:27","modified_gmt":"2018-05-23T23:23:27","slug":"artistas-de-talla-mundial-se-daran-cita-en-cancun-y-playa-del-carmen","status":"publish","type":"post","link":"https:\/\/l21.mx\/?p=32115","title":{"rendered":"Artistas de talla mundial se dar\u00e1n cita en Canc\u00fan y Playa del Carmen"},"content":{"rendered":"<p><img fetchpriority=\"high\" decoding=\"async\" class=\"aligncenter size-large wp-image-32116\" src=\"http:\/\/l21.mx\/wp-content\/uploads\/2018\/05\/Festival-Internacional-de-M\u00fasica-Canc\u00fan-1-1024x768.jpeg\" alt=\"\" width=\"1024\" height=\"768\" srcset=\"https:\/\/l21.mx\/wp-content\/uploads\/2018\/05\/Festival-Internacional-de-M\u00fasica-Canc\u00fan-1-1024x768.jpeg 1024w, https:\/\/l21.mx\/wp-content\/uploads\/2018\/05\/Festival-Internacional-de-M\u00fasica-Canc\u00fan-1-300x225.jpeg 300w, https:\/\/l21.mx\/wp-content\/uploads\/2018\/05\/Festival-Internacional-de-M\u00fasica-Canc\u00fan-1-768x576.jpeg 768w, https:\/\/l21.mx\/wp-content\/uploads\/2018\/05\/Festival-Internacional-de-M\u00fasica-Canc\u00fan-1-1170x878.jpeg 1170w, https:\/\/l21.mx\/wp-content\/uploads\/2018\/05\/Festival-Internacional-de-M\u00fasica-Canc\u00fan-1-585x439.jpeg 585w, https:\/\/l21.mx\/wp-content\/uploads\/2018\/05\/Festival-Internacional-de-M\u00fasica-Canc\u00fan-1.jpeg 1280w\" sizes=\"(max-width: 1024px) 100vw, 1024px\" \/><\/p>\n<p>Alrededor de 300 artistas de m\u00e1s de doce pa\u00edses enriquecer\u00e1n el programa de poco m\u00e1s de 40 actividades culturales que se llevar\u00e1n cabo en la sexta edici\u00f3n del<strong> Festival Internacional de M\u00fasica Canc\u00fan<\/strong> (<strong>FIM Canc\u00fan<\/strong>), a realizarse del 18 al 27 de octubre pr\u00f3ximo.<\/p>\n<p>Artistas como la cantante espa\u00f1ola <strong>Luz Casal<\/strong>, el compositor puertorrique\u00f1o <strong>Jos\u00e9 Feliciano<\/strong> y el \u201c<strong>Caballero de la Salsa<\/strong>\u201d, <strong>Gilberto Santana<\/strong>, participar\u00e1n en el evento musical que tendr\u00e1 m\u00e1s de 20 sedes en <strong>Canc\u00fan<\/strong> y <strong>Playa del Carmen<\/strong>, entre ellos hoteles, foros universitarios, plazas comerciales, teatros e instituciones sociales y culturales, as\u00ed como <strong>Arena Oasis<\/strong>.<\/p>\n<p><strong>Juan Poch<\/strong>, presidente del Comit\u00e9 Organizador del FIM Canc\u00fan 2018, destac\u00f3 que \u201cel prop\u00f3sito del festival es mostrar que el Caribe mexicano es m\u00e1s que sol y playa, adem\u00e1s de brindar a la poblaci\u00f3n local espacios para fortalecer nuestra identidad y hacer del arte y la cultura una alternativa acad\u00e9mica, social y tur\u00edstica\u201d.<\/p>\n<p>Con el apoyo del Consejo de Promoci\u00f3n Tur\u00edstica de Quintana Roo (Cptqroo) y de la <strong>Asociaci\u00f3n de Hoteles de Canc\u00fan<\/strong> <strong>y Puerto Morelos<\/strong>, el evento tambi\u00e9n contempla las actuaciones de la<strong> Gran Canaria Big Band<\/strong>, ensambles de m\u00fasica de c\u00e1mara, m\u00fasicos solistas de diversos g\u00e9neros y estilos musicales, as\u00ed como de la <strong>Orquesta Sinf\u00f3nica Esperanza Azteca Quintana Roo<\/strong>.<\/p>\n<p><img decoding=\"async\" class=\"aligncenter size-large wp-image-32117\" src=\"http:\/\/l21.mx\/wp-content\/uploads\/2018\/05\/Festival-Internacional-de-M\u00fasica-Canc\u00fan-2-1024x768.jpeg\" alt=\"\" width=\"1024\" height=\"768\" srcset=\"https:\/\/l21.mx\/wp-content\/uploads\/2018\/05\/Festival-Internacional-de-M\u00fasica-Canc\u00fan-2-1024x768.jpeg 1024w, https:\/\/l21.mx\/wp-content\/uploads\/2018\/05\/Festival-Internacional-de-M\u00fasica-Canc\u00fan-2-300x225.jpeg 300w, https:\/\/l21.mx\/wp-content\/uploads\/2018\/05\/Festival-Internacional-de-M\u00fasica-Canc\u00fan-2-768x576.jpeg 768w, https:\/\/l21.mx\/wp-content\/uploads\/2018\/05\/Festival-Internacional-de-M\u00fasica-Canc\u00fan-2-1170x878.jpeg 1170w, https:\/\/l21.mx\/wp-content\/uploads\/2018\/05\/Festival-Internacional-de-M\u00fasica-Canc\u00fan-2-585x439.jpeg 585w, https:\/\/l21.mx\/wp-content\/uploads\/2018\/05\/Festival-Internacional-de-M\u00fasica-Canc\u00fan-2.jpeg 1280w\" sizes=\"(max-width: 1024px) 100vw, 1024px\" \/>El ejecutivo explic\u00f3 que en este a\u00f1o lanzaron una convocatoria para la imagen del festival, de la cual result\u00f3 seleccionada la propuesta de <strong>Montserrat Estrada Gonz\u00e1lez<\/strong>, estudiante de la <strong>Universidad Gestalt Campus Canc\u00fan<\/strong>, con una idea que fusiona el \u00edcono de la flor y el canto con una clave de sol.<\/p>\n<p>Por su parte,<strong> Daniel Pe\u00f1alver<\/strong>, director art\u00edstico del festival, mencion\u00f3 que como parte del evento, se realizar\u00e1 la quinta edici\u00f3n Concurso Internacional de Trompetas dirigido por el m\u00fasico canario <strong>Sebasti\u00e1n Gil<\/strong>, el cual reunir\u00e1 estudiantes del instrumento procedentes de M\u00e9xico y otros pa\u00edses, adem\u00e1s de recibir en Canc\u00fan a grandes exponentes de este instrumento de metal, en el Congreso Iberoamericano de Trompeta.<\/p>\n<p>&nbsp;<\/p>\n<p>En las primeras cinco ediciones del FIM Canc\u00fan se reunieron a mil 578 m\u00fasicos de m\u00e1s de 20 nacionalidades que brindaron 123 conciertos con la asistencia de 45 mil 546 espectadores.<\/p>\n<p><img decoding=\"async\" class=\"aligncenter size-large wp-image-32118\" src=\"http:\/\/l21.mx\/wp-content\/uploads\/2018\/05\/Festival-Internacional-de-M\u00fasica-Canc\u00fan-1024x768.jpeg\" alt=\"\" width=\"1024\" height=\"768\" srcset=\"https:\/\/l21.mx\/wp-content\/uploads\/2018\/05\/Festival-Internacional-de-M\u00fasica-Canc\u00fan-1024x768.jpeg 1024w, https:\/\/l21.mx\/wp-content\/uploads\/2018\/05\/Festival-Internacional-de-M\u00fasica-Canc\u00fan-300x225.jpeg 300w, https:\/\/l21.mx\/wp-content\/uploads\/2018\/05\/Festival-Internacional-de-M\u00fasica-Canc\u00fan-768x576.jpeg 768w, https:\/\/l21.mx\/wp-content\/uploads\/2018\/05\/Festival-Internacional-de-M\u00fasica-Canc\u00fan-1170x878.jpeg 1170w, https:\/\/l21.mx\/wp-content\/uploads\/2018\/05\/Festival-Internacional-de-M\u00fasica-Canc\u00fan-585x439.jpeg 585w, https:\/\/l21.mx\/wp-content\/uploads\/2018\/05\/Festival-Internacional-de-M\u00fasica-Canc\u00fan.jpeg 1280w\" sizes=\"(max-width: 1024px) 100vw, 1024px\" \/><\/p>\n","protected":false},"excerpt":{"rendered":"<p>Alrededor de 300 artistas de m\u00e1s de doce pa\u00edses enriquecer\u00e1n el programa de poco m\u00e1s de&hellip;<\/p>\n","protected":false},"author":2,"featured_media":32118,"comment_status":"open","ping_status":"open","sticky":false,"template":"","format":"standard","meta":{"_acf_changed":false,"_lmt_disableupdate":"","_lmt_disable":"","_mbp_gutenberg_autopost":false,"footnotes":""},"categories":[23,8],"tags":[],"class_list":["post-32115","post","type-post","status-publish","format-standard","has-post-thumbnail","hentry","category-noticias","category-turismo"],"acf":[],"_links":{"self":[{"href":"https:\/\/l21.mx\/index.php?rest_route=\/wp\/v2\/posts\/32115","targetHints":{"allow":["GET"]}}],"collection":[{"href":"https:\/\/l21.mx\/index.php?rest_route=\/wp\/v2\/posts"}],"about":[{"href":"https:\/\/l21.mx\/index.php?rest_route=\/wp\/v2\/types\/post"}],"author":[{"embeddable":true,"href":"https:\/\/l21.mx\/index.php?rest_route=\/wp\/v2\/users\/2"}],"replies":[{"embeddable":true,"href":"https:\/\/l21.mx\/index.php?rest_route=%2Fwp%2Fv2%2Fcomments&post=32115"}],"version-history":[{"count":0,"href":"https:\/\/l21.mx\/index.php?rest_route=\/wp\/v2\/posts\/32115\/revisions"}],"wp:featuredmedia":[{"embeddable":true,"href":"https:\/\/l21.mx\/index.php?rest_route=\/wp\/v2\/media\/32118"}],"wp:attachment":[{"href":"https:\/\/l21.mx\/index.php?rest_route=%2Fwp%2Fv2%2Fmedia&parent=32115"}],"wp:term":[{"taxonomy":"category","embeddable":true,"href":"https:\/\/l21.mx\/index.php?rest_route=%2Fwp%2Fv2%2Fcategories&post=32115"},{"taxonomy":"post_tag","embeddable":true,"href":"https:\/\/l21.mx\/index.php?rest_route=%2Fwp%2Fv2%2Ftags&post=32115"}],"curies":[{"name":"wp","href":"https:\/\/api.w.org\/{rel}","templated":true}]}}