{"id":32144,"date":"2018-05-29T11:01:24","date_gmt":"2018-05-29T16:01:24","guid":{"rendered":"http:\/\/innovatori.space\/lat21\/?p=32144"},"modified":"2018-05-29T11:01:24","modified_gmt":"2018-05-29T16:01:24","slug":"aprueba-congreso-nueva-ley-de-movilidad-del-estado","status":"publish","type":"post","link":"https:\/\/l21.mx\/?p=32144","title":{"rendered":"Aprueba Congreso nueva Ley de Movilidad del Estado"},"content":{"rendered":"<p><a href=\"http:\/\/l21.mx\/wp-content\/uploads\/2018\/05\/ley-de-movilidad.jpeg\" data-rel=\"penci-gallery-image-content\" ><img fetchpriority=\"high\" decoding=\"async\" class=\"alignnone size-medium wp-image-32145\" src=\"http:\/\/l21.mx\/wp-content\/uploads\/2018\/05\/ley-de-movilidad-300x200.jpeg\" alt=\"\" width=\"300\" height=\"200\" srcset=\"https:\/\/l21.mx\/wp-content\/uploads\/2018\/05\/ley-de-movilidad-300x200.jpeg 300w, https:\/\/l21.mx\/wp-content\/uploads\/2018\/05\/ley-de-movilidad-1024x683.jpeg 1024w, https:\/\/l21.mx\/wp-content\/uploads\/2018\/05\/ley-de-movilidad-768x512.jpeg 768w, https:\/\/l21.mx\/wp-content\/uploads\/2018\/05\/ley-de-movilidad-1170x781.jpeg 1170w, https:\/\/l21.mx\/wp-content\/uploads\/2018\/05\/ley-de-movilidad-585x390.jpeg 585w, https:\/\/l21.mx\/wp-content\/uploads\/2018\/05\/ley-de-movilidad-263x175.jpeg 263w, https:\/\/l21.mx\/wp-content\/uploads\/2018\/05\/ley-de-movilidad.jpeg 1280w\" sizes=\"(max-width: 300px) 100vw, 300px\" \/><\/a><\/p>\n<p>Con esta ley se crear\u00e1 el Instituto de Movilidad del Estado como un organismo p\u00fablico descentralizado, sectorizado a la Secretar\u00eda de Desarrollo Territorial Urbano Sustentable (<strong><em>Sedetus<\/em><\/strong>)<\/p>\n<p>El <strong>Congreso de Quintana Roo<\/strong>, en la sesi\u00f3n ordinaria n\u00famero 28, presidida por el diputado Ram\u00f3n Javier Padilla Balam, el Pleno de la <em>XV Legislatura<\/em> aprob\u00f3 por unanimidad de los presentes, el dictamen elaborado por las comisiones de <strong>Comunicaciones y Transportes<\/strong>, y de Puntos Legislativos y T\u00e9cnica Parlamentaria aprob\u00f3 la nueva Ley de Movilidad del Estado, la cual busca garantizar a los quintanarroenses <strong>transporte<\/strong>, infraestructura, condiciones administrativas y prestaci\u00f3n de servicios que partan y tengan como objetivo primordial, la satisfacci\u00f3n del derecho humano a la movilidad.<\/p>\n<p>La ley entrar\u00e1 en vigor en 90 d\u00edas naturales siguientes a su publicaci\u00f3n. Adem\u00e1s, dentro de los 30 d\u00edas siguientes, el gobernador deber\u00e1 nombrar al director general del Instituto de Movilidad.<\/p>\n<p><strong>Concesiones discrecionales eliminadas.<\/strong><\/p>\n<p>Adem\u00e1s, con la aprobaci\u00f3n de esta nueva Ley, se elimina la discrecionalidad en el otorgamiento de concesiones del servicio p\u00fablico de <strong>transporte<\/strong>, ya que la facultad que actualmente tiene a cargo el gobernador del Estado, se transferir\u00e1 al Director General del Instituto, la ley se\u00f1ala que, en el otorgamiento de concesiones, el Instituto vigilar\u00e1 que se eviten pr\u00e1cticas monop\u00f3licas.<\/p>\n<p>En cuanto al otorgamiento de concesiones, el procedimiento estar\u00e1 sujeto a la formulaci\u00f3n de una <em>Declaratoria de Necesidad<\/em> que expedir\u00e1 el Instituto, la cual deber\u00e1 contener: datos estad\u00edsticos obtenidos en relaci\u00f3n a la oferta y demanda del servicio; el tipo y caracter\u00edsticas de los veh\u00edculos que se requerir\u00e1n, exposici\u00f3n de las circunstancias que sustenten el incremento de concesiones, as\u00ed como los resultados de los estudios que justifiquen su otorgamiento.<\/p>\n<p>De acuerdo con el decreto, la Ley establece que ninguna concesi\u00f3n se otorgar\u00e1 si con ello se genera una competencia ruinosa o \u00e9sta va en detrimento de los intereses del p\u00fablico y usuarios.<\/p>\n<p>En cuanto al servicio de transporte contratado a trav\u00e9s de <strong>plataformas digitales<\/strong>, el dictamen de la Ley de Movilidad se\u00f1ala que el servicio s\u00f3lo podr\u00e1 ser prestado por quienes cuenten con un permiso expedido por el Instituto, en estricto cumplimiento a los requisitos que marca la ley.<\/p>\n<p>&nbsp;<\/p>\n","protected":false},"excerpt":{"rendered":"<p>Con esta ley se crear\u00e1 el Instituto de Movilidad del Estado como un organismo p\u00fablico descentralizado,&hellip;<\/p>\n","protected":false},"author":69,"featured_media":32145,"comment_status":"open","ping_status":"open","sticky":false,"template":"","format":"standard","meta":{"_acf_changed":false,"_lmt_disableupdate":"","_lmt_disable":"","_mbp_gutenberg_autopost":false,"footnotes":""},"categories":[23,1],"tags":[],"class_list":["post-32144","post","type-post","status-publish","format-standard","has-post-thumbnail","hentry","category-noticias","category-sin-categoria"],"acf":[],"_links":{"self":[{"href":"https:\/\/l21.mx\/index.php?rest_route=\/wp\/v2\/posts\/32144","targetHints":{"allow":["GET"]}}],"collection":[{"href":"https:\/\/l21.mx\/index.php?rest_route=\/wp\/v2\/posts"}],"about":[{"href":"https:\/\/l21.mx\/index.php?rest_route=\/wp\/v2\/types\/post"}],"author":[{"embeddable":true,"href":"https:\/\/l21.mx\/index.php?rest_route=\/wp\/v2\/users\/69"}],"replies":[{"embeddable":true,"href":"https:\/\/l21.mx\/index.php?rest_route=%2Fwp%2Fv2%2Fcomments&post=32144"}],"version-history":[{"count":0,"href":"https:\/\/l21.mx\/index.php?rest_route=\/wp\/v2\/posts\/32144\/revisions"}],"wp:featuredmedia":[{"embeddable":true,"href":"https:\/\/l21.mx\/index.php?rest_route=\/wp\/v2\/media\/32145"}],"wp:attachment":[{"href":"https:\/\/l21.mx\/index.php?rest_route=%2Fwp%2Fv2%2Fmedia&parent=32144"}],"wp:term":[{"taxonomy":"category","embeddable":true,"href":"https:\/\/l21.mx\/index.php?rest_route=%2Fwp%2Fv2%2Fcategories&post=32144"},{"taxonomy":"post_tag","embeddable":true,"href":"https:\/\/l21.mx\/index.php?rest_route=%2Fwp%2Fv2%2Ftags&post=32144"}],"curies":[{"name":"wp","href":"https:\/\/api.w.org\/{rel}","templated":true}]}}