{"id":32245,"date":"2018-05-31T13:08:37","date_gmt":"2018-05-31T18:08:37","guid":{"rendered":"http:\/\/innovatori.space\/lat21\/?p=32245"},"modified":"2018-11-09T12:37:13","modified_gmt":"2018-11-09T17:37:13","slug":"araveney","status":"publish","type":"post","link":"https:\/\/l21.mx\/?p=32245","title":{"rendered":"\u2b06\u2b06  Araveney\u00a0"},"content":{"rendered":"<p><img fetchpriority=\"high\" decoding=\"async\" class=\"aligncenter size-large wp-image-32246\" src=\"http:\/\/l21.mx\/wp-content\/uploads\/2018\/05\/araveney-1024x683.jpg\" alt=\"\" width=\"1024\" height=\"683\" srcset=\"https:\/\/l21.mx\/wp-content\/uploads\/2018\/05\/araveney-1024x683.jpg 1024w, https:\/\/l21.mx\/wp-content\/uploads\/2018\/05\/araveney-300x200.jpg 300w, https:\/\/l21.mx\/wp-content\/uploads\/2018\/05\/araveney-768x512.jpg 768w, https:\/\/l21.mx\/wp-content\/uploads\/2018\/05\/araveney-1170x780.jpg 1170w, https:\/\/l21.mx\/wp-content\/uploads\/2018\/05\/araveney-585x390.jpg 585w, https:\/\/l21.mx\/wp-content\/uploads\/2018\/05\/araveney-263x175.jpg 263w, https:\/\/l21.mx\/wp-content\/uploads\/2018\/05\/araveney.jpg 1200w\" sizes=\"(max-width: 1024px) 100vw, 1024px\" \/><\/p>\n<p>La panader\u00eda invierte en su primera sucursal en Canc\u00fan, en la que pone a disposici\u00f3n una variedad de panes y pasteles con recetas de anta\u00f1o, adem\u00e1s de desayunos, comidas y cenas. Superficie: 42 m2. Genera tres empleos directos. Plaza Solare, Av. Bonampak esq. Sayil planta baja, lote 2 Mza. 25, SM 6 Tel. (998)415-03-77. Correo electr\u00f3nico: panaderiaaraveney@gmail.comFacebook: PanaderiaAraveney<\/p>\n","protected":false},"excerpt":{"rendered":"<p>La panader\u00eda invierte en su primera sucursal en Canc\u00fan, en la que pone a disposici\u00f3n una&hellip;<\/p>\n","protected":false},"author":69,"featured_media":32246,"comment_status":"open","ping_status":"open","sticky":false,"template":"","format":"standard","meta":{"_acf_changed":false,"_lmt_disableupdate":"","_lmt_disable":"","_mbp_gutenberg_autopost":false,"footnotes":""},"categories":[10],"tags":[],"class_list":["post-32245","post","type-post","status-publish","format-standard","has-post-thumbnail","hentry","category-sube-y-baja"],"acf":[],"_links":{"self":[{"href":"https:\/\/l21.mx\/index.php?rest_route=\/wp\/v2\/posts\/32245","targetHints":{"allow":["GET"]}}],"collection":[{"href":"https:\/\/l21.mx\/index.php?rest_route=\/wp\/v2\/posts"}],"about":[{"href":"https:\/\/l21.mx\/index.php?rest_route=\/wp\/v2\/types\/post"}],"author":[{"embeddable":true,"href":"https:\/\/l21.mx\/index.php?rest_route=\/wp\/v2\/users\/69"}],"replies":[{"embeddable":true,"href":"https:\/\/l21.mx\/index.php?rest_route=%2Fwp%2Fv2%2Fcomments&post=32245"}],"version-history":[{"count":0,"href":"https:\/\/l21.mx\/index.php?rest_route=\/wp\/v2\/posts\/32245\/revisions"}],"wp:featuredmedia":[{"embeddable":true,"href":"https:\/\/l21.mx\/index.php?rest_route=\/wp\/v2\/media\/32246"}],"wp:attachment":[{"href":"https:\/\/l21.mx\/index.php?rest_route=%2Fwp%2Fv2%2Fmedia&parent=32245"}],"wp:term":[{"taxonomy":"category","embeddable":true,"href":"https:\/\/l21.mx\/index.php?rest_route=%2Fwp%2Fv2%2Fcategories&post=32245"},{"taxonomy":"post_tag","embeddable":true,"href":"https:\/\/l21.mx\/index.php?rest_route=%2Fwp%2Fv2%2Ftags&post=32245"}],"curies":[{"name":"wp","href":"https:\/\/api.w.org\/{rel}","templated":true}]}}