{"id":32281,"date":"2018-06-01T17:10:27","date_gmt":"2018-06-01T22:10:27","guid":{"rendered":"http:\/\/innovatori.space\/lat21\/?p=32281"},"modified":"2019-09-27T13:41:35","modified_gmt":"2019-09-27T18:41:35","slug":"cata-junio","status":"publish","type":"post","link":"https:\/\/l21.mx\/?p=32281","title":{"rendered":"La cata Junio"},"content":{"rendered":"<p><b><img fetchpriority=\"high\" decoding=\"async\" class=\"aligncenter wp-image-32285 size-medium\" src=\"http:\/\/l21.mx\/wp-content\/uploads\/2018\/06\/ariel-morales--300x181.jpg\" alt=\"\" width=\"300\" height=\"181\" srcset=\"https:\/\/l21.mx\/wp-content\/uploads\/2018\/06\/ariel-morales--300x181.jpg 300w, https:\/\/l21.mx\/wp-content\/uploads\/2018\/06\/ariel-morales-.jpg 332w\" sizes=\"(max-width: 300px) 100vw, 300px\" \/><\/b><\/p>\n<p style=\"text-align: center;\"><strong>La Cata Junio 2018<\/strong><img decoding=\"async\" class=\"aligncenter size-large wp-image-32284\" src=\"http:\/\/l21.mx\/wp-content\/uploads\/2018\/06\/cata-junio-2018-2-1024x774.jpg\" alt=\"\" width=\"1024\" height=\"774\" srcset=\"https:\/\/l21.mx\/wp-content\/uploads\/2018\/06\/cata-junio-2018-2-1024x774.jpg 1024w, https:\/\/l21.mx\/wp-content\/uploads\/2018\/06\/cata-junio-2018-2-300x227.jpg 300w, https:\/\/l21.mx\/wp-content\/uploads\/2018\/06\/cata-junio-2018-2-768x580.jpg 768w, https:\/\/l21.mx\/wp-content\/uploads\/2018\/06\/cata-junio-2018-2-1170x884.jpg 1170w, https:\/\/l21.mx\/wp-content\/uploads\/2018\/06\/cata-junio-2018-2-585x442.jpg 585w, https:\/\/l21.mx\/wp-content\/uploads\/2018\/06\/cata-junio-2018-2.jpg 1200w\" sizes=\"(max-width: 1024px) 100vw, 1024px\" \/><\/p>\n<p style=\"text-align: center;\"><b><br \/>\nCONDADO DE HAZA CRIANZA<\/b><\/p>\n<ul>\n<li><b>Variedad:<\/b> Tempranillo<\/li>\n<li><b>Temperatura: <\/b>17\u00b0C<\/li>\n<li><b>Alcohol:<\/b> 14.5%<\/li>\n<li><b>Precio:<\/b> 412 pesos<\/li>\n<\/ul>\n<p>Elaborado con uva 100% tempranillo, pertenece a la D.O. Ribera del Duero. Este vino se cultiva en la mitad oeste de Castilla y Le\u00f3n, con clima continental, atemperado por la influencia del Atl\u00e1ntico. Tiene un envejecimiento de 15 meses en barricas de roble americano y posteriormente en botella.<\/p>\n<p style=\"text-align: center;\"><b>NOTAS DEL SOMMELIER<\/b><\/p>\n<ul>\n<li><b>Vista: <\/b>Color rojo picota intenso, mucho ribete viol\u00e1ceo.<\/li>\n<li><b>Nariz: <\/b>Al olfato, intenso con un agradable aroma de vainilla.<\/li>\n<li><b>Gusto: <\/b>Sabor en boca potente, con mucha fruta negra, estructurado, madera muy bien integrada, dejando el predominio a la fruta.<\/li>\n<li><b>Maridaje: <\/b>Especialmente recomendado para carnes rojas, de caza, asados, cordero, cochinillo y legumbres.<\/li>\n<\/ul>\n<p style=\"text-align: center;\"><b>SANTA CAROLINA RESERVA CARMENERE<\/b><\/p>\n<ul>\n<li><b>Variedad:<\/b> Carmen\u00e8re<\/li>\n<li><b>Temperatura:<\/b> 16 a 18\u00b0C<\/li>\n<li><b>Alcohol:<\/b> 13.5%<\/li>\n<li><b>Precio: <\/b>149 pesos<\/li>\n<\/ul>\n<p>Vino elaborado en el Valle de Rapel, Chile, en la bodega Santa Carolina. Tiene una crianza de ocho meses en barricas de roble americano y franc\u00e9s y un a\u00f1o despu\u00e9s es embotellado.<\/p>\n<p style=\"text-align: center;\"><b>NOTAS DEL SOMMELIER<\/b><\/p>\n<ul>\n<li><b>Vista: <\/b>De un intenso color rub\u00ed.<\/li>\n<li><b>Nariz: <\/b>Aroma a frambuesa y pasas negras, car\u00e1cter mentolado y notas tostadas. Buen cuerpo, balanceado y con altas concentraciones de taninos elegantes.<\/li>\n<li><b>Gusto:<\/b> Vino tinto fino con sabor agradable y persistente.<\/li>\n<li><b>Maridaje:<\/b> Curry indio, carne salteada con especias o pollo tandoori.<\/li>\n<\/ul>\n<p style=\"text-align: center;\"><b>PROVENTUS CRIANZA<\/b><\/p>\n<ul>\n<li><b>Variedad:<\/b> Tempranillo<\/li>\n<li><b>Temperatura: <\/b>16\u00b0C<\/li>\n<li><b>Alcohol:<\/b> 14%<\/li>\n<li><b>Precio: <\/b>595 pesos<\/li>\n<\/ul>\n<p>Proveniente de la Ribera del Duero, Espa\u00f1a, este vino de la bodega Lagar de Proventus tiene una crianza de 14 a 16 meses en barricas (50% roble franc\u00e9s y 50% americano).<\/p>\n<p style=\"text-align: center;\"><b>NOTAS DEL SOMMELIER<\/b><\/p>\n<ul>\n<li><b>Vista: <\/b>Intensidad de color alta. Tono rojo picota.<\/li>\n<li><b>Nariz:<\/b> Presenta intensos aromas de frutas rojas maduras, con notas tostadas, de coco, vainilla y especias (pimenta).<\/li>\n<li><b>Gusto: <\/b>Es un vino sabroso, limpio y sedoso que entrelaza perfectamente los toques frescos de la fruta con los ahumados de una madera impecable. Presenta una gran estructura y equilibrio, mostrando taninos maduros y redondeados, buena acidez, y es persistente en boca.<\/li>\n<li><b>Maridaje:<\/b> Ideal para acompa\u00f1ar aperitivos, jam\u00f3n ib\u00e9rico o quesos curados; con platos principales con cordero, carne de caza o carne roja, y con postres de chocolate negro.<\/li>\n<\/ul>\n","protected":false},"excerpt":{"rendered":"<p>La Cata Junio 2018 CONDADO DE HAZA CRIANZA Variedad: Tempranillo Temperatura: 17\u00b0C Alcohol: 14.5% Precio: 412&hellip;<\/p>\n","protected":false},"author":2,"featured_media":32285,"comment_status":"open","ping_status":"open","sticky":false,"template":"","format":"standard","meta":{"_acf_changed":false,"_lmt_disableupdate":"","_lmt_disable":"","_mbp_gutenberg_autopost":false,"footnotes":""},"categories":[487],"tags":[],"class_list":["post-32281","post","type-post","status-publish","format-standard","has-post-thumbnail","hentry","category-lifestyle"],"acf":[],"_links":{"self":[{"href":"https:\/\/l21.mx\/index.php?rest_route=\/wp\/v2\/posts\/32281","targetHints":{"allow":["GET"]}}],"collection":[{"href":"https:\/\/l21.mx\/index.php?rest_route=\/wp\/v2\/posts"}],"about":[{"href":"https:\/\/l21.mx\/index.php?rest_route=\/wp\/v2\/types\/post"}],"author":[{"embeddable":true,"href":"https:\/\/l21.mx\/index.php?rest_route=\/wp\/v2\/users\/2"}],"replies":[{"embeddable":true,"href":"https:\/\/l21.mx\/index.php?rest_route=%2Fwp%2Fv2%2Fcomments&post=32281"}],"version-history":[{"count":0,"href":"https:\/\/l21.mx\/index.php?rest_route=\/wp\/v2\/posts\/32281\/revisions"}],"wp:featuredmedia":[{"embeddable":true,"href":"https:\/\/l21.mx\/index.php?rest_route=\/wp\/v2\/media\/32285"}],"wp:attachment":[{"href":"https:\/\/l21.mx\/index.php?rest_route=%2Fwp%2Fv2%2Fmedia&parent=32281"}],"wp:term":[{"taxonomy":"category","embeddable":true,"href":"https:\/\/l21.mx\/index.php?rest_route=%2Fwp%2Fv2%2Fcategories&post=32281"},{"taxonomy":"post_tag","embeddable":true,"href":"https:\/\/l21.mx\/index.php?rest_route=%2Fwp%2Fv2%2Ftags&post=32281"}],"curies":[{"name":"wp","href":"https:\/\/api.w.org\/{rel}","templated":true}]}}