{"id":32355,"date":"2018-06-07T13:49:10","date_gmt":"2018-06-07T18:49:10","guid":{"rendered":"http:\/\/innovatori.space\/lat21\/?p=32355"},"modified":"2018-06-07T13:49:10","modified_gmt":"2018-06-07T18:49:10","slug":"amresorts-y-grupo-hotelero-santa-fe-se-alian-para-operar-tres-hoteles-em-mexico","status":"publish","type":"post","link":"https:\/\/l21.mx\/?p=32355","title":{"rendered":"AMResorts y Grupo Hotelero Santa Fe se al\u00edan para operar tres hoteles em M\u00e9xico"},"content":{"rendered":"<p><img fetchpriority=\"high\" decoding=\"async\" class=\"aligncenter wp-image-32356 size-full\" src=\"http:\/\/l21.mx\/wp-content\/uploads\/2018\/06\/Krystal-Grand.jpg\" alt=\"\" width=\"720\" height=\"440\" srcset=\"https:\/\/l21.mx\/wp-content\/uploads\/2018\/06\/Krystal-Grand.jpg 720w, https:\/\/l21.mx\/wp-content\/uploads\/2018\/06\/Krystal-Grand-300x183.jpg 300w, https:\/\/l21.mx\/wp-content\/uploads\/2018\/06\/Krystal-Grand-585x358.jpg 585w\" sizes=\"(max-width: 720px) 100vw, 720px\" \/><\/p>\n<p><span id=\"ctl14_lblMostra\">La compa\u00f1\u00eda\u00a0<span class=\"classCadenaBusqueda\">AMResorts<\/span>\u00a0y el\u00a0<span class=\"classCadenaBusqueda\">Grupo<\/span>\u00a0<span class=\"classCadenaBusqueda\">Hotelero<\/span>\u00a0<span class=\"classCadenaBusqueda\">Santa<\/span>\u00a0<span class=\"classCadenaBusqueda\">Fe<\/span>\u00a0anunciaron la <strong>firma de una alianza estrat\u00e9gica<\/strong> para\u00a0<span class=\"classCadenaBusqueda\">operar<\/span>\u00a0tres\u00a0<span class=\"classCadenaBusqueda\">hoteles<\/span>\u00a0<em>\u201ctodo incluido\u201d<\/em> en\u00a0<span class=\"classCadenaBusqueda\">M\u00e9xico<\/span>, que representan un total de mil 329 habitaciones.<\/span><\/p>\n<p>Las compa\u00f1\u00edas indicaron en un comunicado conjunto que implementar\u00e1n a partir del pr\u00f3ximo 1 de julio una asociaci\u00f3n entre las marcas<strong> Reflect Resorts &amp; Spas y Krystal Grand<\/strong> en los\u00a0<span class=\"classCadenaBusqueda\">hoteles<\/span>\u00a0de<strong> Punta Canc\u00fan<\/strong>,<strong> Los Cabos y Nuevo Vallarta<\/strong>.<\/p>\n<p>En este nuevo modelo de \u201cco-branding\u201d,\u00a0<span class=\"classCadenaBusqueda\">AMResorts<\/span>, una de las empresas de Apple Leisure Group (ALG) -el proveedor de paquetes vacacionales a\u00a0<span class=\"classCadenaBusqueda\">M\u00e9xico<\/span>\u00a0y el Caribe m\u00e1s grande en Estados Unidos, con cerca de 3,4 millones de pasajeros al a\u00f1o-, ser\u00e1 responsable de la comercializaci\u00f3n, ventas y mercadotecnia de las tres propiedades.<\/p>\n<p>Por su parte, el\u00a0<span class=\"classCadenaBusqueda\">Grupo<\/span>\u00a0<span class=\"classCadenaBusqueda\">Hotelero<\/span>\u00a0<span class=\"classCadenaBusqueda\">Santa<\/span>\u00a0<span class=\"classCadenaBusqueda\">Fe<\/span>, una de las empresas l\u00edderes de la industria hotelera en\u00a0<span class=\"classCadenaBusqueda\">M\u00e9xico<\/span>, mantendr\u00e1 la propiedad actual de los\u00a0<span class=\"classCadenaBusqueda\">hoteles<\/span>\u00a0y continuar\u00e1 llevando la operaci\u00f3n de los mismos.<\/p>\n<p><strong>La meta es generar un mayor crecimiento de ventas<\/strong> internacionales para los tres\u00a0<span class=\"classCadenaBusqueda\">hoteles<\/span>, as\u00ed como una mayor captaci\u00f3n de clientes gracias a la fortaleza de los canales de distribuci\u00f3n de ALG, se\u00f1alaron las compa\u00f1\u00edas.<\/p>\n<div id=\"attachment_32358\" style=\"width: 234px\" class=\"wp-caption alignleft\"><img decoding=\"async\" aria-describedby=\"caption-attachment-32358\" class=\"size-medium wp-image-32358\" src=\"http:\/\/l21.mx\/wp-content\/uploads\/2018\/06\/alex-zozaya-fusion-hoteles-224x300.jpg\" alt=\"Alex Zozaya\" width=\"224\" height=\"300\" srcset=\"https:\/\/l21.mx\/wp-content\/uploads\/2018\/06\/alex-zozaya-fusion-hoteles-224x300.jpg 224w, https:\/\/l21.mx\/wp-content\/uploads\/2018\/06\/alex-zozaya-fusion-hoteles-585x783.jpg 585w, https:\/\/l21.mx\/wp-content\/uploads\/2018\/06\/alex-zozaya-fusion-hoteles.jpg 765w\" sizes=\"(max-width: 224px) 100vw, 224px\" \/><p id=\"caption-attachment-32358\" class=\"wp-caption-text\">Alex Zozaya<\/p><\/div>\n<p><em>\u201cTenemos la certeza de que nuestra alianza con\u00a0<span class=\"classCadenaBusqueda\">Grupo<\/span>\u00a0<span class=\"classCadenaBusqueda\">Hotelero<\/span>\u00a0<span class=\"classCadenaBusqueda\">Santa<\/span>\u00a0<span class=\"classCadenaBusqueda\">Fe<\/span>\u00a0y la marca Krystal ser\u00e1 una f\u00f3rmula exitosa, pues establece una sinergia sin precedente entre dos grupos tur\u00edsticos reconocidos a nivel internacional, que aportan atributos y cualidades complementarias\u201d<\/em>, declar\u00f3<strong> Alex Zozaya<\/strong>, CEO de ALG.<\/p>\n<p>A\u00f1adi\u00f3 que <em>\u201cla trayectoria que<strong>\u00a0<span class=\"classCadenaBusqueda\">Grupo<\/span>\u00a0<span class=\"classCadenaBusqueda\">Hotelero<\/span>\u00a0<span class=\"classCadenaBusqueda\">Santa<\/span>\u00a0<span class=\"classCadenaBusqueda\">Fe<\/span><\/strong>\u00a0posee en el segmento de la hospitalidad en\u00a0<span class=\"classCadenaBusqueda\">M\u00e9xico<\/span>\u00a0lo hace el socio ideal para lanzar la nueva marca compartida Reflect Krystal Grand, que ofrecer\u00e1 un concepto de\u00a0<span class=\"classCadenaBusqueda\">hoteles<\/span>\u00a0de playa \u00fanico e innovador\u201d.<\/em><\/p>\n<p>Por su parte,\u00a0<span class=\"classCadenaBusqueda\">Grupo<\/span>\u00a0<span class=\"classCadenaBusqueda\">Hotelero<\/span>\u00a0<span class=\"classCadenaBusqueda\">Santa<\/span>\u00a0<span class=\"classCadenaBusqueda\">Fe<\/span>\u00a0se\u00f1al\u00f3 que <em>\u201cla firma de esta alianza estrat\u00e9gica nos dar\u00e1 acceso a canales de distribuci\u00f3n m\u00e1s directos, diversificados y rentables\u201d<\/em>.<\/p>\n<p>Lo anterior, combinado con la probada capacidad del\u00a0<span class=\"classCadenaBusqueda\">Grupo<\/span>\u00a0<span class=\"classCadenaBusqueda\">Hotelero<\/span>\u00a0<span class=\"classCadenaBusqueda\">Santa<\/span>\u00a0<span class=\"classCadenaBusqueda\">Fe<\/span>\u00a0<em>\u201ccomo el mejor operador de\u00a0<span class=\"classCadenaBusqueda\">hoteles<\/span>\u00a0en\u00a0<span class=\"classCadenaBusqueda\">M\u00e9xico<\/span>, optimizar\u00e1 los resultados de estas propiedades, adem\u00e1s de que podr\u00edamos expandir este esquema a una cantidad mayor de\u00a0<span class=\"classCadenaBusqueda\">hoteles<\/span>\u201c<\/em>, puntualiz\u00f3.<\/p>\n","protected":false},"excerpt":{"rendered":"<p>La compa\u00f1\u00eda\u00a0AMResorts\u00a0y el\u00a0Grupo\u00a0Hotelero\u00a0Santa\u00a0Fe\u00a0anunciaron la firma de una alianza estrat\u00e9gica para\u00a0operar\u00a0tres\u00a0hoteles\u00a0\u201ctodo incluido\u201d en\u00a0M\u00e9xico, que representan un total&hellip;<\/p>\n","protected":false},"author":2,"featured_media":32358,"comment_status":"open","ping_status":"open","sticky":false,"template":"","format":"standard","meta":{"_acf_changed":false,"_lmt_disableupdate":"","_lmt_disable":"","_mbp_gutenberg_autopost":false,"footnotes":""},"categories":[4,23],"tags":[],"class_list":["post-32355","post","type-post","status-publish","format-standard","has-post-thumbnail","hentry","category-empresas-y-negocios","category-noticias"],"acf":[],"_links":{"self":[{"href":"https:\/\/l21.mx\/index.php?rest_route=\/wp\/v2\/posts\/32355","targetHints":{"allow":["GET"]}}],"collection":[{"href":"https:\/\/l21.mx\/index.php?rest_route=\/wp\/v2\/posts"}],"about":[{"href":"https:\/\/l21.mx\/index.php?rest_route=\/wp\/v2\/types\/post"}],"author":[{"embeddable":true,"href":"https:\/\/l21.mx\/index.php?rest_route=\/wp\/v2\/users\/2"}],"replies":[{"embeddable":true,"href":"https:\/\/l21.mx\/index.php?rest_route=%2Fwp%2Fv2%2Fcomments&post=32355"}],"version-history":[{"count":0,"href":"https:\/\/l21.mx\/index.php?rest_route=\/wp\/v2\/posts\/32355\/revisions"}],"wp:featuredmedia":[{"embeddable":true,"href":"https:\/\/l21.mx\/index.php?rest_route=\/wp\/v2\/media\/32358"}],"wp:attachment":[{"href":"https:\/\/l21.mx\/index.php?rest_route=%2Fwp%2Fv2%2Fmedia&parent=32355"}],"wp:term":[{"taxonomy":"category","embeddable":true,"href":"https:\/\/l21.mx\/index.php?rest_route=%2Fwp%2Fv2%2Fcategories&post=32355"},{"taxonomy":"post_tag","embeddable":true,"href":"https:\/\/l21.mx\/index.php?rest_route=%2Fwp%2Fv2%2Ftags&post=32355"}],"curies":[{"name":"wp","href":"https:\/\/api.w.org\/{rel}","templated":true}]}}