{"id":32360,"date":"2018-06-07T16:49:37","date_gmt":"2018-06-07T21:49:37","guid":{"rendered":"http:\/\/innovatori.space\/lat21\/?p=32360"},"modified":"2018-06-07T16:49:37","modified_gmt":"2018-06-07T21:49:37","slug":"mejor-grupo-hotelero-en-el-caribe","status":"publish","type":"post","link":"https:\/\/l21.mx\/?p=32360","title":{"rendered":"Mejor grupo hotelero\u00a0en el Caribe"},"content":{"rendered":"<p><img fetchpriority=\"high\" decoding=\"async\" class=\"alignleft size-medium wp-image-32361\" src=\"http:\/\/l21.mx\/wp-content\/uploads\/2018\/06\/Mejor-grupo-hotelero-en-el-Caribe-300x199.jpg\" alt=\"\" width=\"300\" height=\"199\" srcset=\"https:\/\/l21.mx\/wp-content\/uploads\/2018\/06\/Mejor-grupo-hotelero-en-el-Caribe-300x199.jpg 300w, https:\/\/l21.mx\/wp-content\/uploads\/2018\/06\/Mejor-grupo-hotelero-en-el-Caribe-585x388.jpg 585w, https:\/\/l21.mx\/wp-content\/uploads\/2018\/06\/Mejor-grupo-hotelero-en-el-Caribe-263x175.jpg 263w, https:\/\/l21.mx\/wp-content\/uploads\/2018\/06\/Mejor-grupo-hotelero-en-el-Caribe.jpg 600w\" sizes=\"(max-width: 300px) 100vw, 300px\" \/><\/p>\n<p><b>L<\/b>os premios Cristal International Standards reconocieron a Barcel\u00f3 Hotel Group como \u2018Mejor Grupo Hotelero en el \u00e1rea del Caribe\u2019, al haber alcanzado y mantenido el m\u00e1s alto grado en los niveles de calidad, salud, higiene, seguridad y gesti\u00f3n de riesgos en toda la zona. Este galard\u00f3n es un reconocimiento obtenido por las altas puntuaciones acumuladas en cada una de las auditor\u00edas de todos los hoteles. \u201cDesde el Grupo Barcel\u00f3 reiteramos nuestro compromiso de brindar a nuestros hu\u00e9spedes los m\u00e1s elevados est\u00e1ndares de calidad, pues es la manera de satisfacer sus expectativas y merecer su reconocimiento\u201d, coment\u00f3 Fernando G\u00f3mez, director general de Grupo Barcel\u00f3 en Rep\u00fablica Dominicana. Grupo Barcel\u00f3 es la tercera cadena m\u00e1s grande de Espa\u00f1a y la cuadrag\u00e9simo segunda del mundo; actualmente cuenta con 244 hoteles urbanos y vacacionales de cuatro y cinco estrellas, y m\u00e1s de 53 mil habitaciones distribuidas en 22 pa\u00edses y comercializadas bajo cuatro marcas: Royal Hideaway Luxury Hotels &amp; Resorts, Barcel\u00f3 Hotels &amp; Resorts, Occidental Hotels &amp; Resorts y Allegro Hotels.<\/p>\n","protected":false},"excerpt":{"rendered":"<p>Los premios Cristal International Standards reconocieron a Barcel\u00f3 Hotel Group como \u2018Mejor Grupo Hotelero en el&hellip;<\/p>\n","protected":false},"author":2,"featured_media":32361,"comment_status":"open","ping_status":"open","sticky":false,"template":"","format":"standard","meta":{"_acf_changed":false,"_lmt_disableupdate":"","_lmt_disable":"","_mbp_gutenberg_autopost":false,"footnotes":""},"categories":[23,8],"tags":[],"class_list":["post-32360","post","type-post","status-publish","format-standard","has-post-thumbnail","hentry","category-noticias","category-turismo"],"acf":[],"_links":{"self":[{"href":"https:\/\/l21.mx\/index.php?rest_route=\/wp\/v2\/posts\/32360","targetHints":{"allow":["GET"]}}],"collection":[{"href":"https:\/\/l21.mx\/index.php?rest_route=\/wp\/v2\/posts"}],"about":[{"href":"https:\/\/l21.mx\/index.php?rest_route=\/wp\/v2\/types\/post"}],"author":[{"embeddable":true,"href":"https:\/\/l21.mx\/index.php?rest_route=\/wp\/v2\/users\/2"}],"replies":[{"embeddable":true,"href":"https:\/\/l21.mx\/index.php?rest_route=%2Fwp%2Fv2%2Fcomments&post=32360"}],"version-history":[{"count":0,"href":"https:\/\/l21.mx\/index.php?rest_route=\/wp\/v2\/posts\/32360\/revisions"}],"wp:featuredmedia":[{"embeddable":true,"href":"https:\/\/l21.mx\/index.php?rest_route=\/wp\/v2\/media\/32361"}],"wp:attachment":[{"href":"https:\/\/l21.mx\/index.php?rest_route=%2Fwp%2Fv2%2Fmedia&parent=32360"}],"wp:term":[{"taxonomy":"category","embeddable":true,"href":"https:\/\/l21.mx\/index.php?rest_route=%2Fwp%2Fv2%2Fcategories&post=32360"},{"taxonomy":"post_tag","embeddable":true,"href":"https:\/\/l21.mx\/index.php?rest_route=%2Fwp%2Fv2%2Ftags&post=32360"}],"curies":[{"name":"wp","href":"https:\/\/api.w.org\/{rel}","templated":true}]}}