{"id":32485,"date":"2018-06-26T19:00:44","date_gmt":"2018-06-27T00:00:44","guid":{"rendered":"http:\/\/innovatori.space\/lat21\/?p=32485"},"modified":"2018-06-26T19:00:44","modified_gmt":"2018-06-27T00:00:44","slug":"entrega-pricetravel-holding-apoyo-al-heroico-cuerpo-de-bomberos-de-cancun","status":"publish","type":"post","link":"https:\/\/l21.mx\/?p=32485","title":{"rendered":"ENTREGA PRICETRAVEL HOLDING APOYO AL HEROICO CUERPO DE BOMBEROS DE CANC\u00daN"},"content":{"rendered":"<p><img fetchpriority=\"high\" decoding=\"async\" class=\"aligncenter size-full wp-image-32486\" src=\"http:\/\/l21.mx\/wp-content\/uploads\/2018\/06\/ENTREGA-PRICETRAVEL-HOLDING-APOYO-AL-HEROICO-CUERPO-DE-BOMBEROS-DE-CANC\u00daN.jpg\" alt=\"\" width=\"600\" height=\"292\" srcset=\"https:\/\/l21.mx\/wp-content\/uploads\/2018\/06\/ENTREGA-PRICETRAVEL-HOLDING-APOYO-AL-HEROICO-CUERPO-DE-BOMBEROS-DE-CANC\u00daN.jpg 600w, https:\/\/l21.mx\/wp-content\/uploads\/2018\/06\/ENTREGA-PRICETRAVEL-HOLDING-APOYO-AL-HEROICO-CUERPO-DE-BOMBEROS-DE-CANC\u00daN-300x146.jpg 300w, https:\/\/l21.mx\/wp-content\/uploads\/2018\/06\/ENTREGA-PRICETRAVEL-HOLDING-APOYO-AL-HEROICO-CUERPO-DE-BOMBEROS-DE-CANC\u00daN-585x285.jpg 585w\" sizes=\"(max-width: 600px) 100vw, 600px\" \/><br \/>\nEn apoyo al <strong>Heroico Cuerpo de Bomberos de Canc\u00fan<\/strong>, <strong>PriceTravel Holding<\/strong> realiz\u00f3 el pasado mes de febrero la sexta edici\u00f3n de la<strong> Carrera 5K<\/strong>, con la cual logr\u00f3 recaudar 90 mil pesos.<\/p>\n<p>Esta cantidad fue entregada a <strong>Antonio Fonseca Le\u00f3n<\/strong>, director general del H. Cuerpo de Bomberos de Canc\u00fan en las oficinas de PriceTravel Holding.<\/p>\n<p>\u201cEl bienestar f\u00edsico, la convivencia familiar y la sana recreaci\u00f3n son algunos de los prop\u00f3sitos de la carrera. El turismo es una actividad fundamental para la comunidad de Canc\u00fan; sin embargo, la realizaci\u00f3n de actividades deportivas es una excelente manera de romper con las labores cotidianas y, al mismo tiempo, de contribuir a una causa social\u201d, manifest\u00f3<strong> Claudia S\u00e1nchez<\/strong>, directora de Recursos Humanos de PriceTravel Holding.<\/p>\n<p>Adem\u00e1s del compromiso con el sector tur\u00edstico, PriceTravel Holding manifest\u00f3 que la responsabilidad social es uno de los objetivos que busca incentivar dentro y fuera de la compa\u00f1\u00eda.<\/p>\n<p>\u201cMuy agradecidos con PriceTravel Holding por su valiosa y oportunidad organizaci\u00f3n de su carrera 5k. El donativo sin duda apoyar\u00e1 a completar la compra de una motobomba hidr\u00e1ulica, que sirve para rescates de personas en caso de accidentes de tr\u00e1nsito\u201d, coment\u00f3 Antonio Fonseca.<\/p>\n<p>La empresa agencia de viajes agradeci\u00f3 a<strong> Fairmont Hotels &amp; Resorts, Volaris, PowerAde, Novedades Quintana Roo, Dolphin Discovery, Agua Cristal, Now Hotels &amp; Spa, JW Marriott, R\u00edo Secreto, Protudec,<\/strong> algunas de las empresas que patrocinaron la carrera 5k \u201c<strong>Equipemos a los H\u00e9roes<\/strong>\u201d.<\/p>\n<p>\u201cInvitamos a proveedores y socios comerciales a sumarse a esta iniciativa como patrocinadores de la pr\u00f3xima carrera 5k que se llevar\u00e1 a cabo en febrero del 2019, trabajando en equipo por una noble causa.\u201d, concluy\u00f3 Claudia S\u00e1nchez.<\/p>\n<p>PriceTravel Holding tiene un fuerte compromiso con el turismo, con sus colaboradores y por supuesto con la sociedad, por lo tanto continuar\u00e1 trabajando con la cultura de Responsabilidad Social.<\/p>\n","protected":false},"excerpt":{"rendered":"<p>En apoyo al Heroico Cuerpo de Bomberos de Canc\u00fan, PriceTravel Holding realiz\u00f3 el pasado mes de&hellip;<\/p>\n","protected":false},"author":2,"featured_media":32486,"comment_status":"open","ping_status":"open","sticky":false,"template":"","format":"standard","meta":{"_acf_changed":false,"_lmt_disableupdate":"","_lmt_disable":"","_mbp_gutenberg_autopost":false,"footnotes":""},"categories":[23,35,1],"tags":[],"class_list":["post-32485","post","type-post","status-publish","format-standard","has-post-thumbnail","hentry","category-noticias","category-responsabilidad-social","category-sin-categoria"],"acf":[],"yoast_head":"<!-- This site is optimized with the Yoast SEO plugin v27.3 - https:\/\/yoast.com\/product\/yoast-seo-wordpress\/ -->\n<title>ENTREGA PRICETRAVEL HOLDING APOYO AL HEROICO CUERPO DE BOMBEROS DE CANC\u00daN | Revista Latitud 21<\/title>\n<meta name=\"description\" content=\"L21, Emprendedores y Negocios en el Caribe Mexicano, es la revista l\u00edder entre el Sector Empresarial y Tur\u00edstico del Caribe Mexicano.\" \/>\n<meta name=\"robots\" content=\"index, follow, max-snippet:-1, max-image-preview:large, max-video-preview:-1\" \/>\n<link rel=\"canonical\" href=\"https:\/\/l21.mx\/?p=32485\" \/>\n<meta name=\"twitter:card\" content=\"summary_large_image\" \/>\n<meta name=\"twitter:title\" content=\"ENTREGA PRICETRAVEL HOLDING APOYO AL HEROICO CUERPO DE BOMBEROS DE CANC\u00daN | Revista Latitud 21\" \/>\n<meta name=\"twitter:description\" content=\"L21, Emprendedores y Negocios en el Caribe Mexicano, es la revista l\u00edder entre el Sector Empresarial y Tur\u00edstico del Caribe Mexicano.\" \/>\n<meta name=\"twitter:image\" content=\"https:\/\/l21.mx\/wp-content\/uploads\/2018\/06\/ENTREGA-PRICETRAVEL-HOLDING-APOYO-AL-HEROICO-CUERPO-DE-BOMBEROS-DE-CANC\u00daN.jpg\" \/>\n<meta name=\"twitter:creator\" content=\"@Latitud21mx\" \/>\n<meta name=\"twitter:site\" content=\"@Latitud21mx\" \/>\n<meta name=\"twitter:label1\" content=\"Escrito por\" \/>\n\t<meta name=\"twitter:data1\" content=\"Latitud21 Redacci\u00f3n\" \/>\n\t<meta name=\"twitter:label2\" content=\"Tiempo de lectura\" \/>\n\t<meta name=\"twitter:data2\" content=\"2 minutos\" \/>\n<script type=\"application\/ld+json\" class=\"yoast-schema-graph\">{\"@context\":\"https:\\\/\\\/schema.org\",\"@graph\":[{\"@type\":\"Article\",\"@id\":\"https:\\\/\\\/l21.mx\\\/?p=32485#article\",\"isPartOf\":{\"@id\":\"https:\\\/\\\/l21.mx\\\/?p=32485\"},\"author\":{\"name\":\"Latitud21 Redacci\u00f3n\",\"@id\":\"https:\\\/\\\/l21.mx\\\/#\\\/schema\\\/person\\\/4b571cc212089f95579f3b66253728f1\"},\"headline\":\"ENTREGA PRICETRAVEL HOLDING APOYO AL HEROICO CUERPO DE BOMBEROS DE CANC\u00daN\",\"datePublished\":\"2018-06-27T00:00:44+00:00\",\"mainEntityOfPage\":{\"@id\":\"https:\\\/\\\/l21.mx\\\/?p=32485\"},\"wordCount\":330,\"commentCount\":0,\"publisher\":{\"@id\":\"https:\\\/\\\/l21.mx\\\/#organization\"},\"image\":{\"@id\":\"https:\\\/\\\/l21.mx\\\/?p=32485#primaryimage\"},\"thumbnailUrl\":\"https:\\\/\\\/l21.mx\\\/wp-content\\\/uploads\\\/2018\\\/06\\\/ENTREGA-PRICETRAVEL-HOLDING-APOYO-AL-HEROICO-CUERPO-DE-BOMBEROS-DE-CANC\u00daN.jpg\",\"articleSection\":[\"Noticias\",\"Responsabilidad social\"],\"inLanguage\":\"es\",\"potentialAction\":[{\"@type\":\"CommentAction\",\"name\":\"Comment\",\"target\":[\"https:\\\/\\\/l21.mx\\\/?p=32485#respond\"]}]},{\"@type\":\"WebPage\",\"@id\":\"https:\\\/\\\/l21.mx\\\/?p=32485\",\"url\":\"https:\\\/\\\/l21.mx\\\/?p=32485\",\"name\":\"ENTREGA PRICETRAVEL HOLDING APOYO AL HEROICO CUERPO DE BOMBEROS DE CANC\u00daN | Revista Latitud 21\",\"isPartOf\":{\"@id\":\"https:\\\/\\\/l21.mx\\\/#website\"},\"primaryImageOfPage\":{\"@id\":\"https:\\\/\\\/l21.mx\\\/?p=32485#primaryimage\"},\"image\":{\"@id\":\"https:\\\/\\\/l21.mx\\\/?p=32485#primaryimage\"},\"thumbnailUrl\":\"https:\\\/\\\/l21.mx\\\/wp-content\\\/uploads\\\/2018\\\/06\\\/ENTREGA-PRICETRAVEL-HOLDING-APOYO-AL-HEROICO-CUERPO-DE-BOMBEROS-DE-CANC\u00daN.jpg\",\"datePublished\":\"2018-06-27T00:00:44+00:00\",\"description\":\"L21, Emprendedores y Negocios en el Caribe Mexicano, es la revista l\u00edder entre el Sector Empresarial y Tur\u00edstico del Caribe Mexicano.\",\"breadcrumb\":{\"@id\":\"https:\\\/\\\/l21.mx\\\/?p=32485#breadcrumb\"},\"inLanguage\":\"es\",\"potentialAction\":[{\"@type\":\"ReadAction\",\"target\":[\"https:\\\/\\\/l21.mx\\\/?p=32485\"]}]},{\"@type\":\"ImageObject\",\"inLanguage\":\"es\",\"@id\":\"https:\\\/\\\/l21.mx\\\/?p=32485#primaryimage\",\"url\":\"https:\\\/\\\/l21.mx\\\/wp-content\\\/uploads\\\/2018\\\/06\\\/ENTREGA-PRICETRAVEL-HOLDING-APOYO-AL-HEROICO-CUERPO-DE-BOMBEROS-DE-CANC\u00daN.jpg\",\"contentUrl\":\"https:\\\/\\\/l21.mx\\\/wp-content\\\/uploads\\\/2018\\\/06\\\/ENTREGA-PRICETRAVEL-HOLDING-APOYO-AL-HEROICO-CUERPO-DE-BOMBEROS-DE-CANC\u00daN.jpg\",\"width\":600,\"height\":292},{\"@type\":\"BreadcrumbList\",\"@id\":\"https:\\\/\\\/l21.mx\\\/?p=32485#breadcrumb\",\"itemListElement\":[{\"@type\":\"ListItem\",\"position\":1,\"name\":\"Portada\",\"item\":\"https:\\\/\\\/l21.mx\\\/\"},{\"@type\":\"ListItem\",\"position\":2,\"name\":\"ENTREGA PRICETRAVEL HOLDING APOYO AL HEROICO CUERPO DE BOMBEROS DE CANC\u00daN\"}]},{\"@type\":\"WebSite\",\"@id\":\"https:\\\/\\\/l21.mx\\\/#website\",\"url\":\"https:\\\/\\\/l21.mx\\\/\",\"name\":\"Revista Latitud 21\",\"description\":\"Emprendedores  y negocios en el Caribe Mexicano\",\"publisher\":{\"@id\":\"https:\\\/\\\/l21.mx\\\/#organization\"},\"potentialAction\":[{\"@type\":\"SearchAction\",\"target\":{\"@type\":\"EntryPoint\",\"urlTemplate\":\"https:\\\/\\\/l21.mx\\\/?s={search_term_string}\"},\"query-input\":{\"@type\":\"PropertyValueSpecification\",\"valueRequired\":true,\"valueName\":\"search_term_string\"}}],\"inLanguage\":\"es\"},{\"@type\":\"Organization\",\"@id\":\"https:\\\/\\\/l21.mx\\\/#organization\",\"name\":\"Grupo Editorial Latitud 21 SA de CV\",\"url\":\"https:\\\/\\\/l21.mx\\\/\",\"logo\":{\"@type\":\"ImageObject\",\"inLanguage\":\"es\",\"@id\":\"https:\\\/\\\/l21.mx\\\/#\\\/schema\\\/logo\\\/image\\\/\",\"url\":\"https:\\\/\\\/l21.mx\\\/wp-content\\\/uploads\\\/2020\\\/10\\\/logo-l21-baja.jpg\",\"contentUrl\":\"https:\\\/\\\/l21.mx\\\/wp-content\\\/uploads\\\/2020\\\/10\\\/logo-l21-baja.jpg\",\"width\":250,\"height\":250,\"caption\":\"Grupo Editorial Latitud 21 SA de CV\"},\"image\":{\"@id\":\"https:\\\/\\\/l21.mx\\\/#\\\/schema\\\/logo\\\/image\\\/\"},\"sameAs\":[\"https:\\\/\\\/www.facebook.com\\\/RevistaLatitud21\\\/\",\"https:\\\/\\\/x.com\\\/Latitud21mx\"]},{\"@type\":\"Person\",\"@id\":\"https:\\\/\\\/l21.mx\\\/#\\\/schema\\\/person\\\/4b571cc212089f95579f3b66253728f1\",\"name\":\"Latitud21 Redacci\u00f3n\",\"url\":\"https:\\\/\\\/l21.mx\\\/?author=2\"}]}<\/script>\n<!-- \/ Yoast SEO plugin. -->","yoast_head_json":{"title":"ENTREGA PRICETRAVEL HOLDING APOYO AL HEROICO CUERPO DE BOMBEROS DE CANC\u00daN | Revista Latitud 21","description":"L21, Emprendedores y Negocios en el Caribe Mexicano, es la revista l\u00edder entre el Sector Empresarial y Tur\u00edstico del Caribe Mexicano.","robots":{"index":"index","follow":"follow","max-snippet":"max-snippet:-1","max-image-preview":"max-image-preview:large","max-video-preview":"max-video-preview:-1"},"canonical":"https:\/\/l21.mx\/?p=32485","twitter_card":"summary_large_image","twitter_title":"ENTREGA PRICETRAVEL HOLDING APOYO AL HEROICO CUERPO DE BOMBEROS DE CANC\u00daN | Revista Latitud 21","twitter_description":"L21, Emprendedores y Negocios en el Caribe Mexicano, es la revista l\u00edder entre el Sector Empresarial y Tur\u00edstico del Caribe Mexicano.","twitter_image":"https:\/\/l21.mx\/wp-content\/uploads\/2018\/06\/ENTREGA-PRICETRAVEL-HOLDING-APOYO-AL-HEROICO-CUERPO-DE-BOMBEROS-DE-CANC\u00daN.jpg","twitter_creator":"@Latitud21mx","twitter_site":"@Latitud21mx","twitter_misc":{"Escrito por":"Latitud21 Redacci\u00f3n","Tiempo de lectura":"2 minutos"},"schema":{"@context":"https:\/\/schema.org","@graph":[{"@type":"Article","@id":"https:\/\/l21.mx\/?p=32485#article","isPartOf":{"@id":"https:\/\/l21.mx\/?p=32485"},"author":{"name":"Latitud21 Redacci\u00f3n","@id":"https:\/\/l21.mx\/#\/schema\/person\/4b571cc212089f95579f3b66253728f1"},"headline":"ENTREGA PRICETRAVEL HOLDING APOYO AL HEROICO CUERPO DE BOMBEROS DE CANC\u00daN","datePublished":"2018-06-27T00:00:44+00:00","mainEntityOfPage":{"@id":"https:\/\/l21.mx\/?p=32485"},"wordCount":330,"commentCount":0,"publisher":{"@id":"https:\/\/l21.mx\/#organization"},"image":{"@id":"https:\/\/l21.mx\/?p=32485#primaryimage"},"thumbnailUrl":"https:\/\/l21.mx\/wp-content\/uploads\/2018\/06\/ENTREGA-PRICETRAVEL-HOLDING-APOYO-AL-HEROICO-CUERPO-DE-BOMBEROS-DE-CANC\u00daN.jpg","articleSection":["Noticias","Responsabilidad social"],"inLanguage":"es","potentialAction":[{"@type":"CommentAction","name":"Comment","target":["https:\/\/l21.mx\/?p=32485#respond"]}]},{"@type":"WebPage","@id":"https:\/\/l21.mx\/?p=32485","url":"https:\/\/l21.mx\/?p=32485","name":"ENTREGA PRICETRAVEL HOLDING APOYO AL HEROICO CUERPO DE BOMBEROS DE CANC\u00daN | Revista Latitud 21","isPartOf":{"@id":"https:\/\/l21.mx\/#website"},"primaryImageOfPage":{"@id":"https:\/\/l21.mx\/?p=32485#primaryimage"},"image":{"@id":"https:\/\/l21.mx\/?p=32485#primaryimage"},"thumbnailUrl":"https:\/\/l21.mx\/wp-content\/uploads\/2018\/06\/ENTREGA-PRICETRAVEL-HOLDING-APOYO-AL-HEROICO-CUERPO-DE-BOMBEROS-DE-CANC\u00daN.jpg","datePublished":"2018-06-27T00:00:44+00:00","description":"L21, Emprendedores y Negocios en el Caribe Mexicano, es la revista l\u00edder entre el Sector Empresarial y Tur\u00edstico del Caribe Mexicano.","breadcrumb":{"@id":"https:\/\/l21.mx\/?p=32485#breadcrumb"},"inLanguage":"es","potentialAction":[{"@type":"ReadAction","target":["https:\/\/l21.mx\/?p=32485"]}]},{"@type":"ImageObject","inLanguage":"es","@id":"https:\/\/l21.mx\/?p=32485#primaryimage","url":"https:\/\/l21.mx\/wp-content\/uploads\/2018\/06\/ENTREGA-PRICETRAVEL-HOLDING-APOYO-AL-HEROICO-CUERPO-DE-BOMBEROS-DE-CANC\u00daN.jpg","contentUrl":"https:\/\/l21.mx\/wp-content\/uploads\/2018\/06\/ENTREGA-PRICETRAVEL-HOLDING-APOYO-AL-HEROICO-CUERPO-DE-BOMBEROS-DE-CANC\u00daN.jpg","width":600,"height":292},{"@type":"BreadcrumbList","@id":"https:\/\/l21.mx\/?p=32485#breadcrumb","itemListElement":[{"@type":"ListItem","position":1,"name":"Portada","item":"https:\/\/l21.mx\/"},{"@type":"ListItem","position":2,"name":"ENTREGA PRICETRAVEL HOLDING APOYO AL HEROICO CUERPO DE BOMBEROS DE CANC\u00daN"}]},{"@type":"WebSite","@id":"https:\/\/l21.mx\/#website","url":"https:\/\/l21.mx\/","name":"Revista Latitud 21","description":"Emprendedores  y negocios en el Caribe Mexicano","publisher":{"@id":"https:\/\/l21.mx\/#organization"},"potentialAction":[{"@type":"SearchAction","target":{"@type":"EntryPoint","urlTemplate":"https:\/\/l21.mx\/?s={search_term_string}"},"query-input":{"@type":"PropertyValueSpecification","valueRequired":true,"valueName":"search_term_string"}}],"inLanguage":"es"},{"@type":"Organization","@id":"https:\/\/l21.mx\/#organization","name":"Grupo Editorial Latitud 21 SA de CV","url":"https:\/\/l21.mx\/","logo":{"@type":"ImageObject","inLanguage":"es","@id":"https:\/\/l21.mx\/#\/schema\/logo\/image\/","url":"https:\/\/l21.mx\/wp-content\/uploads\/2020\/10\/logo-l21-baja.jpg","contentUrl":"https:\/\/l21.mx\/wp-content\/uploads\/2020\/10\/logo-l21-baja.jpg","width":250,"height":250,"caption":"Grupo Editorial Latitud 21 SA de CV"},"image":{"@id":"https:\/\/l21.mx\/#\/schema\/logo\/image\/"},"sameAs":["https:\/\/www.facebook.com\/RevistaLatitud21\/","https:\/\/x.com\/Latitud21mx"]},{"@type":"Person","@id":"https:\/\/l21.mx\/#\/schema\/person\/4b571cc212089f95579f3b66253728f1","name":"Latitud21 Redacci\u00f3n","url":"https:\/\/l21.mx\/?author=2"}]}},"amp_enabled":true,"_links":{"self":[{"href":"https:\/\/l21.mx\/index.php?rest_route=\/wp\/v2\/posts\/32485","targetHints":{"allow":["GET"]}}],"collection":[{"href":"https:\/\/l21.mx\/index.php?rest_route=\/wp\/v2\/posts"}],"about":[{"href":"https:\/\/l21.mx\/index.php?rest_route=\/wp\/v2\/types\/post"}],"author":[{"embeddable":true,"href":"https:\/\/l21.mx\/index.php?rest_route=\/wp\/v2\/users\/2"}],"replies":[{"embeddable":true,"href":"https:\/\/l21.mx\/index.php?rest_route=%2Fwp%2Fv2%2Fcomments&post=32485"}],"version-history":[{"count":0,"href":"https:\/\/l21.mx\/index.php?rest_route=\/wp\/v2\/posts\/32485\/revisions"}],"wp:featuredmedia":[{"embeddable":true,"href":"https:\/\/l21.mx\/index.php?rest_route=\/wp\/v2\/media\/32486"}],"wp:attachment":[{"href":"https:\/\/l21.mx\/index.php?rest_route=%2Fwp%2Fv2%2Fmedia&parent=32485"}],"wp:term":[{"taxonomy":"category","embeddable":true,"href":"https:\/\/l21.mx\/index.php?rest_route=%2Fwp%2Fv2%2Fcategories&post=32485"},{"taxonomy":"post_tag","embeddable":true,"href":"https:\/\/l21.mx\/index.php?rest_route=%2Fwp%2Fv2%2Ftags&post=32485"}],"curies":[{"name":"wp","href":"https:\/\/api.w.org\/{rel}","templated":true}]}}