{"id":32518,"date":"2018-07-01T08:33:00","date_gmt":"2018-07-01T13:33:00","guid":{"rendered":"http:\/\/innovatori.space\/lat21\/?p=32518"},"modified":"2018-10-01T16:51:14","modified_gmt":"2018-10-01T21:51:14","slug":"el-desgaste-de-cancun","status":"publish","type":"post","link":"https:\/\/l21.mx\/?p=32518","title":{"rendered":"El desgaste\u00a0de Canc\u00fan"},"content":{"rendered":"<p><a href=\"http:\/\/l21.mx\/wp-content\/uploads\/2016\/03\/colaboradores-para-redes-SERGIO.png\" data-rel=\"penci-gallery-image-content\" ><img decoding=\"async\" class=\"alignleft\" title=\"colaboradores-para-redes-SERGIO\" src=\"http:\/\/l21.mx\/wp-content\/uploads\/2016\/03\/colaboradores-para-redes-SERGIO-300x150.png\" alt=\"\" width=\"240\" height=\"120\" \/><\/a><\/p>\n<p>\u00bfQu\u00e9 se le puede recriminar a esta saliente administraci\u00f3n municipal si estuvo escasos dos a\u00f1os al frente en medio del caos, la escasez de recursos y la batalla pol\u00edtica, entre otras calamidades\u2026?<\/p>\n<p>Claro que como dice alg\u00fan dicho popular: \u201csi no te gusta el calor, no te metas en la cocina\u201d, o algo as\u00ed.\u00a0 Es l\u00f3gico que de un presidente municipal que hace campa\u00f1a y de su equipo se espere siempre lo mejor, y en teor\u00eda no debe tener excusas ni pretextos para dar lo mejor de s\u00ed y entregar buenas cuentas a la ciudadan\u00eda, y es por ello que no se les puede defender del todo y acaso s\u00ed criticarles por el estado en que nos dejan la ciudad, el mejor destino tur\u00edstico de Latinoam\u00e9rica, supuestamente.<\/p>\n<p>Pero es que por otra parte resulta rid\u00edculo pensar que en escasos dos a\u00f1os una administraci\u00f3n municipal sea capaz de remontar lo que por a\u00f1os ha sido abandono, irresponsabilidad, corrupci\u00f3n y un verdadero atraco al bot\u00edn. Y a ello habr\u00eda que sumarle que la saliente administraci\u00f3n no est\u00e1 libre de culpa tampoco y, por mucho, de la corrupci\u00f3n, la opacidad y la impunidad.<\/p>\n<p>Lo que hoy nos dejan, una verdadera verg\u00fcenza que le toca a los pr\u00f3ximos recomponer, es el resultado de d\u00e9cadas de p\u00e9simos gobiernos municipales, de cabildos corruptos, de ineptitud, ineficacia, pero sobre todo de haber utilizado a Canc\u00fan como un bot\u00edn y como una plataforma para ascender a posiciones pol\u00edticas; para aspirar en lo personal a mejores estadios en la carrera pol\u00edtica sin que haya importado en lo m\u00ednimo la voluntad y el derecho de los ciudadanos.<\/p>\n<p>Canc\u00fan ha sido utilizado por gobernadores, legisladores locales y federales, por partidos pol\u00edticos y tambi\u00e9n por secretarios de Estado que solo han venido a ufanarse, a promover su imagen, protagonizar y a sacar provecho de la imagen del m\u00e1s exitoso destino tur\u00edstico de M\u00e9xico con proyecci\u00f3n mundial, y eso deber\u00eda darles verg\u00fcenza.<\/p>\n<p>El discurso es f\u00e1cil, puede ser halagador, prometedor, inspirador y hasta cautivante, pero en los hechos tenemos un municipio, al que podr\u00eda agregar Solidaridad\u00a0 tambi\u00e9n, que por cierto tiene un espantoso nombre porque deber\u00eda llamarse Riviera Maya o Playa del Carmen, que cuentan con recursos, que generan impuestos, que tienen un envidiable n\u00famero de turistas y visitantes al a\u00f1o, con una poblaci\u00f3n trabajadora y comprometida, con enormes riquezas naturales y con reconocimiento internacional e imagen de marca y, parad\u00f3jicamente, con una paup\u00e9rrima calidad de vida para sus habitantes.<\/p>\n<p>Sin meternos en el asunto de la seguridad y la ola de violencia, asumiendo que es harina de otro costal y que las causas son debatibles y motivo de un m\u00e1s profundo an\u00e1lisis, limit\u00e9monos a ver el estado que guardan colonias, calles, avenidas, parques; la calidad y cantidad de los servicios p\u00fablicos y en suma las calamidades que tenemos\u00a0 que atestiguar los ciudadanos en el d\u00eda a d\u00eda para desplazarnos y sufrir la ciudad.<\/p>\n<p>Si quien me lee piensa que exagero, lo invito a hacer un recorrido por nuestra querida ciudad de Canc\u00fan por la noche, por ejemplo, y ser testigo de la enorme cantidad de luminarias apagadas con que contamos, generando oscuridad, desolaci\u00f3n y por supuesto temor e inseguridad.<\/p>\n<p>Lo invito de d\u00eda a realizar un recorrido y atestiguar en cientos de esquinas la basura atiborrada en bolsas negras y tambi\u00e9n fuera de ellas, desde luego esperando a ser recogida por el sistema recolector, ante la ausencia de contenedores, y la presencia de fauna nociva de todo tipo.<\/p>\n<p>Ni qu\u00e9 decir del estado de las vialidades, que so pretexto de las lluvias est\u00e1n permanentemente plagadas de baches, imperfecciones, coladeras destapadas y una buena cantidad de riesgos para conductores y transe\u00fantes.<\/p>\n<p>La movilidad que es ya un caos, sin que a nadie le importe, acompa\u00f1ada de la imagen urbana deteriorada por la invasi\u00f3n sin l\u00edmite de publicidad de todo tipo, con letreros que van desde los que cuelgan en los postes y \u00e1rboles, los que se colocan impunemente en los parques y jardines, hasta la horrenda fila de espectaculares ya tantas veces denunciada y sin resultado alguno por parte de las coludidas e insensibles autoridades.<\/p>\n<p>No le cuento a los ocho lectores del drenaje y sus consecuencias, porque ya saben que en \u00e9pocas de lluvias casi ser\u00eda mejor utilizar un kayac que el veh\u00edculo automotor, y que para descender se hace necesario calzado acu\u00e1tico especial. Y todo ello sin comentar el transporte p\u00fablico, la deficiencia en las rutas, en\u00a0 paraderos y en tarifas, entre otras cosas.<\/p>\n<p>En fin, que tenemos un escenario plagado de irregularidades y deficiencias que verdaderamente no se justifican para una ciudad como Canc\u00fan, que ir\u00f3nicamente recibe a m\u00e1s de cinco millones de turistas al a\u00f1o y que presume de ser el mejor destino tur\u00edstico de M\u00e9xico.<\/p>\n<p>Estamos hartos ya del cuento de que no hay recursos. \u00a1Claro que hay y muchos!, solo que se los han robado, los han desviado, los han despilfarrado y los han administrado de la manera equivocada. Canc\u00fan se merece otro destino y ya lleg\u00f3 la hora del ciudadano, aunque el mismo debe ejercer su derecho de actuar como tal y participar m\u00e1s activamente.<\/p>\n<p>La nueva administraci\u00f3n municipal de Canc\u00fan tendr\u00e1 un enorme reto que enfrentar, tal como el que tendr\u00e1n legisladores y el futuro presidente de la Rep\u00fablica. Los ciudadanos estaremos cada vez m\u00e1s atentos y participativos, esta es una nueva era.<\/p>\n","protected":false},"excerpt":{"rendered":"<p>\u00bfQu\u00e9 se le puede recriminar a esta saliente administraci\u00f3n municipal si estuvo escasos dos a\u00f1os al&hellip;<\/p>\n","protected":false},"author":2,"featured_media":0,"comment_status":"open","ping_status":"open","sticky":false,"template":"","format":"standard","meta":{"_acf_changed":false,"_lmt_disableupdate":"","_lmt_disable":"","_mbp_gutenberg_autopost":false,"footnotes":""},"categories":[57,20],"tags":[],"class_list":["post-32518","post","type-post","status-publish","format-standard","hentry","category-sergio-gonzalez","category-columnas"],"acf":[],"_links":{"self":[{"href":"https:\/\/l21.mx\/index.php?rest_route=\/wp\/v2\/posts\/32518","targetHints":{"allow":["GET"]}}],"collection":[{"href":"https:\/\/l21.mx\/index.php?rest_route=\/wp\/v2\/posts"}],"about":[{"href":"https:\/\/l21.mx\/index.php?rest_route=\/wp\/v2\/types\/post"}],"author":[{"embeddable":true,"href":"https:\/\/l21.mx\/index.php?rest_route=\/wp\/v2\/users\/2"}],"replies":[{"embeddable":true,"href":"https:\/\/l21.mx\/index.php?rest_route=%2Fwp%2Fv2%2Fcomments&post=32518"}],"version-history":[{"count":0,"href":"https:\/\/l21.mx\/index.php?rest_route=\/wp\/v2\/posts\/32518\/revisions"}],"wp:attachment":[{"href":"https:\/\/l21.mx\/index.php?rest_route=%2Fwp%2Fv2%2Fmedia&parent=32518"}],"wp:term":[{"taxonomy":"category","embeddable":true,"href":"https:\/\/l21.mx\/index.php?rest_route=%2Fwp%2Fv2%2Fcategories&post=32518"},{"taxonomy":"post_tag","embeddable":true,"href":"https:\/\/l21.mx\/index.php?rest_route=%2Fwp%2Fv2%2Ftags&post=32518"}],"curies":[{"name":"wp","href":"https:\/\/api.w.org\/{rel}","templated":true}]}}