{"id":32564,"date":"2018-07-02T09:30:40","date_gmt":"2018-07-02T14:30:40","guid":{"rendered":"http:\/\/innovatori.space\/lat21\/?p=32564"},"modified":"2018-11-09T12:36:09","modified_gmt":"2018-11-09T17:36:09","slug":"pasteleteria","status":"publish","type":"post","link":"https:\/\/l21.mx\/?p=32564","title":{"rendered":"\u2b06\u2b06 \u2022 SUBE \u2022\u00a0Pasteleter\u00eda\u00a0"},"content":{"rendered":"<p><img fetchpriority=\"high\" decoding=\"async\" class=\"aligncenter size-full wp-image-32566\" src=\"http:\/\/l21.mx\/wp-content\/uploads\/2018\/07\/DSC_8401.jpg\" alt=\"\" width=\"926\" height=\"617\" srcset=\"https:\/\/l21.mx\/wp-content\/uploads\/2018\/07\/DSC_8401.jpg 926w, https:\/\/l21.mx\/wp-content\/uploads\/2018\/07\/DSC_8401-300x200.jpg 300w, https:\/\/l21.mx\/wp-content\/uploads\/2018\/07\/DSC_8401-768x512.jpg 768w, https:\/\/l21.mx\/wp-content\/uploads\/2018\/07\/DSC_8401-585x390.jpg 585w, https:\/\/l21.mx\/wp-content\/uploads\/2018\/07\/DSC_8401-263x175.jpg 263w\" sizes=\"(max-width: 926px) 100vw, 926px\" \/><\/p>\n<p>Abre la cuarta sucursal de su propuesta deli gourmet, ahora con un nuevo concepto gastron\u00f3mico basado \u00fanicamente en postres, como pasteles, galletas, brownies, pan dulce y caf\u00e9 gourmet para llevar. Superficie, 80 m2. Genera ocho empleos directos. Plaza Las Torres lote 02, Mza. 30, SM 55, Av. Las Torres. Tel\u00e9fono (998)193-11-50.\u00a0 Correo electr\u00f3nico: operaciones@pasteleteria.com.mx\u00a0 www.pasteleteria.com.mx<\/p>\n","protected":false},"excerpt":{"rendered":"<p>Abre la cuarta sucursal de su propuesta deli gourmet, ahora con un nuevo concepto gastron\u00f3mico basado&hellip;<\/p>\n","protected":false},"author":69,"featured_media":32566,"comment_status":"open","ping_status":"open","sticky":false,"template":"","format":"standard","meta":{"_acf_changed":false,"_lmt_disableupdate":"","_lmt_disable":"","_mbp_gutenberg_autopost":false,"footnotes":""},"categories":[10],"tags":[],"class_list":["post-32564","post","type-post","status-publish","format-standard","has-post-thumbnail","hentry","category-sube-y-baja"],"acf":[],"_links":{"self":[{"href":"https:\/\/l21.mx\/index.php?rest_route=\/wp\/v2\/posts\/32564","targetHints":{"allow":["GET"]}}],"collection":[{"href":"https:\/\/l21.mx\/index.php?rest_route=\/wp\/v2\/posts"}],"about":[{"href":"https:\/\/l21.mx\/index.php?rest_route=\/wp\/v2\/types\/post"}],"author":[{"embeddable":true,"href":"https:\/\/l21.mx\/index.php?rest_route=\/wp\/v2\/users\/69"}],"replies":[{"embeddable":true,"href":"https:\/\/l21.mx\/index.php?rest_route=%2Fwp%2Fv2%2Fcomments&post=32564"}],"version-history":[{"count":0,"href":"https:\/\/l21.mx\/index.php?rest_route=\/wp\/v2\/posts\/32564\/revisions"}],"wp:featuredmedia":[{"embeddable":true,"href":"https:\/\/l21.mx\/index.php?rest_route=\/wp\/v2\/media\/32566"}],"wp:attachment":[{"href":"https:\/\/l21.mx\/index.php?rest_route=%2Fwp%2Fv2%2Fmedia&parent=32564"}],"wp:term":[{"taxonomy":"category","embeddable":true,"href":"https:\/\/l21.mx\/index.php?rest_route=%2Fwp%2Fv2%2Fcategories&post=32564"},{"taxonomy":"post_tag","embeddable":true,"href":"https:\/\/l21.mx\/index.php?rest_route=%2Fwp%2Fv2%2Ftags&post=32564"}],"curies":[{"name":"wp","href":"https:\/\/api.w.org\/{rel}","templated":true}]}}