{"id":32645,"date":"2018-07-09T12:30:22","date_gmt":"2018-07-09T17:30:22","guid":{"rendered":"http:\/\/innovatori.space\/lat21\/?p=32645"},"modified":"2018-07-09T12:30:22","modified_gmt":"2018-07-09T17:30:22","slug":"reporta-asur-crecimiento-de-trafico-de-pasajeros-en-mexico","status":"publish","type":"post","link":"https:\/\/l21.mx\/?p=32645","title":{"rendered":"Reporta Asur crecimiento de tr\u00e1fico de pasajeros en M\u00e9xico"},"content":{"rendered":"<p><a href=\"http:\/\/l21.mx\/wp-content\/uploads\/2018\/07\/1200px-Grupo_Aeroportuario_del_Sureste_logo.svg_.png\" data-rel=\"penci-gallery-image-content\" ><img decoding=\"async\" class=\"alignnone size-medium wp-image-32646\" src=\"http:\/\/l21.mx\/wp-content\/uploads\/2018\/07\/1200px-Grupo_Aeroportuario_del_Sureste_logo.svg_-300x119.png\" alt=\"\" width=\"300\" height=\"119\" srcset=\"https:\/\/l21.mx\/wp-content\/uploads\/2018\/07\/1200px-Grupo_Aeroportuario_del_Sureste_logo.svg_-300x119.png 300w, https:\/\/l21.mx\/wp-content\/uploads\/2018\/07\/1200px-Grupo_Aeroportuario_del_Sureste_logo.svg_-1024x406.png 1024w, https:\/\/l21.mx\/wp-content\/uploads\/2018\/07\/1200px-Grupo_Aeroportuario_del_Sureste_logo.svg_-768x305.png 768w, https:\/\/l21.mx\/wp-content\/uploads\/2018\/07\/1200px-Grupo_Aeroportuario_del_Sureste_logo.svg_-1170x464.png 1170w, https:\/\/l21.mx\/wp-content\/uploads\/2018\/07\/1200px-Grupo_Aeroportuario_del_Sureste_logo.svg_-585x232.png 585w, https:\/\/l21.mx\/wp-content\/uploads\/2018\/07\/1200px-Grupo_Aeroportuario_del_Sureste_logo.svg_.png 1200w\" sizes=\"(max-width: 300px) 100vw, 300px\" \/><\/a><\/p>\n<p class=\"m_9146832514689475934MsoNoSpacing\">En 2.2% se increment\u00f3 la afluencia de pasajeros en las terminales a\u00e9reas del Grupo Aeroportuario del Sureste (Asur), durante el mes de junio, con respecto al mismo periodo del a\u00f1o anterior.<u><\/u><u><\/u><\/p>\n<p class=\"m_9146832514689475934MsoNoSpacing\">Lo anterior refleja un incremento de 5.8% en los aeropuertos que opera en M\u00e9xico, as\u00ed como un decremento de 2.0% en San Juan, Puerto Rico y 4.6% en Colombia.<u><\/u><u><\/u><\/p>\n<p class=\"m_9146832514689475934MsoNoSpacing\">Las cifras mencionadas reflejan comparativos entre el periodo del 1 al 30 de junio de 2018 y de 2017. Se excluyen pasajeros en tr\u00e1nsito y de aviaci\u00f3n general solo para M\u00e9xico y Colombia. La disminuci\u00f3n en el tr\u00e1fico de pasajeros en el aeropuerto de San Juan refleja el impacto del hurac\u00e1n \u201cMaria\u201d, que azot\u00f3 la isla el 21 de septiembre de 2017.<\/p>\n","protected":false},"excerpt":{"rendered":"<p>En 2.2% se increment\u00f3 la afluencia de pasajeros en las terminales a\u00e9reas del Grupo Aeroportuario del&hellip;<\/p>\n","protected":false},"author":69,"featured_media":32646,"comment_status":"open","ping_status":"open","sticky":false,"template":"","format":"standard","meta":{"_acf_changed":false,"_lmt_disableupdate":"","_lmt_disable":"","_mbp_gutenberg_autopost":false,"footnotes":""},"categories":[4,23,8],"tags":[389,388,51,350],"class_list":["post-32645","post","type-post","status-publish","format-standard","has-post-thumbnail","hentry","category-empresas-y-negocios","category-noticias","category-turismo","tag-aeropuertos","tag-asur","tag-mexico","tag-turismo"],"acf":[],"_links":{"self":[{"href":"https:\/\/l21.mx\/index.php?rest_route=\/wp\/v2\/posts\/32645","targetHints":{"allow":["GET"]}}],"collection":[{"href":"https:\/\/l21.mx\/index.php?rest_route=\/wp\/v2\/posts"}],"about":[{"href":"https:\/\/l21.mx\/index.php?rest_route=\/wp\/v2\/types\/post"}],"author":[{"embeddable":true,"href":"https:\/\/l21.mx\/index.php?rest_route=\/wp\/v2\/users\/69"}],"replies":[{"embeddable":true,"href":"https:\/\/l21.mx\/index.php?rest_route=%2Fwp%2Fv2%2Fcomments&post=32645"}],"version-history":[{"count":0,"href":"https:\/\/l21.mx\/index.php?rest_route=\/wp\/v2\/posts\/32645\/revisions"}],"wp:featuredmedia":[{"embeddable":true,"href":"https:\/\/l21.mx\/index.php?rest_route=\/wp\/v2\/media\/32646"}],"wp:attachment":[{"href":"https:\/\/l21.mx\/index.php?rest_route=%2Fwp%2Fv2%2Fmedia&parent=32645"}],"wp:term":[{"taxonomy":"category","embeddable":true,"href":"https:\/\/l21.mx\/index.php?rest_route=%2Fwp%2Fv2%2Fcategories&post=32645"},{"taxonomy":"post_tag","embeddable":true,"href":"https:\/\/l21.mx\/index.php?rest_route=%2Fwp%2Fv2%2Ftags&post=32645"}],"curies":[{"name":"wp","href":"https:\/\/api.w.org\/{rel}","templated":true}]}}