{"id":32662,"date":"2018-07-10T13:19:41","date_gmt":"2018-07-10T18:19:41","guid":{"rendered":"http:\/\/innovatori.space\/lat21\/?p=32662"},"modified":"2018-07-10T13:22:12","modified_gmt":"2018-07-10T18:22:12","slug":"nombramientos-julio-2018","status":"publish","type":"post","link":"https:\/\/l21.mx\/?p=32662","title":{"rendered":"Nombramientos Julio 2018"},"content":{"rendered":"<p><img fetchpriority=\"high\" decoding=\"async\" class=\"aligncenter size-full wp-image-32663\" src=\"http:\/\/l21.mx\/wp-content\/uploads\/2018\/07\/Alejandro-Calligaris.jpg\" alt=\"\" width=\"402\" height=\"730\" srcset=\"https:\/\/l21.mx\/wp-content\/uploads\/2018\/07\/Alejandro-Calligaris.jpg 402w, https:\/\/l21.mx\/wp-content\/uploads\/2018\/07\/Alejandro-Calligaris-165x300.jpg 165w\" sizes=\"(max-width: 402px) 100vw, 402px\" \/><\/p>\n<p style=\"text-align: center;\">EMPRESAS<\/p>\n<p style=\"text-align: center;\"><strong>Alejandro \u00a0<\/strong><strong>Calligaris <\/strong><\/p>\n<ul>\n<li>es nombrado Chief Revenue\u00a0Office de Best Day Travel Group\u00a0(puesto de nueva creaci\u00f3n).<\/li>\n<li><strong>Lugar de origen:\u00a0<\/strong>Argentina.<\/li>\n<li><strong>Desarrollo profesional:\u00a0<\/strong>HotelDO, HotelDO.com,\u00a0Calcos Viajes, BD Travelsolution.<\/li>\n<\/ul>\n<p style=\"text-align: center;\"><img decoding=\"async\" class=\"aligncenter size-full wp-image-32664\" src=\"http:\/\/l21.mx\/wp-content\/uploads\/2018\/07\/pilar-paniagua.jpg\" alt=\"\" width=\"617\" height=\"925\" srcset=\"https:\/\/l21.mx\/wp-content\/uploads\/2018\/07\/pilar-paniagua.jpg 617w, https:\/\/l21.mx\/wp-content\/uploads\/2018\/07\/pilar-paniagua-200x300.jpg 200w, https:\/\/l21.mx\/wp-content\/uploads\/2018\/07\/pilar-paniagua-585x877.jpg 585w\" sizes=\"(max-width: 617px) 100vw, 617px\" \/>CL\u00cdNICAS<\/p>\n<p style=\"text-align: center;\"><strong>Pilar \u00a0<\/strong><strong>Paniagua <\/strong><\/p>\n<ul>\n<li>ocupa el cargo de CEO\u00a0de Baritech\u00a0(puesto de nueva creaci\u00f3n).<\/li>\n<li><strong>Lugar de origen:\u00a0<\/strong>Espa\u00f1a.<\/li>\n<li><strong>Arribo a Canc\u00fan:\u00a0<\/strong>2016<\/li>\n<li><strong>Estudios: \u00a0<\/strong>Licenciatura en Psicolog\u00eda, Trinity\u00a0Western University, Canad\u00e1.<\/li>\n<li><strong>Desarrollo profesional: \u00a0<\/strong>Apricot Food Boutique, Stillwood Camp, Olsen European Fashion.<\/li>\n<\/ul>\n<p style=\"text-align: center;\"><img decoding=\"async\" class=\"aligncenter size-full wp-image-32665\" src=\"http:\/\/l21.mx\/wp-content\/uploads\/2018\/07\/daniel-vazquez.jpg\" alt=\"\" width=\"196\" height=\"276\" \/>EMPRESAS<\/p>\n<p style=\"text-align: center;\"><strong>Daniel <\/strong><strong>V\u00e1zquez <\/strong><\/p>\n<ul>\n<li>asume el puesto de Managing\u00a0Director para HotelDO, en sustituci\u00f3n de Alejandro Calligaris.<\/li>\n<li><strong>Lugar de origen:\u00a0<\/strong>Espa\u00f1a.<\/li>\n<li><strong>Arribo a Canc\u00fan:\u00a0<\/strong>2014<\/li>\n<li><strong>Estudios: \u00a0<\/strong>Licenciatura en Ciencias Econ\u00f3micas y Empresariales, Universidad de Sevilla International; maestr\u00eda en Administraci\u00f3n de Empresas, Instituto Superior de Gesti\u00f3n.<\/li>\n<li><strong>Desarrollo profesional:\u00a0<\/strong>HotelDO, Bedsonline.<\/li>\n<\/ul>\n<p style=\"text-align: center;\"><img loading=\"lazy\" decoding=\"async\" class=\"aligncenter size-full wp-image-32666\" src=\"http:\/\/l21.mx\/wp-content\/uploads\/2018\/07\/isabella.jpg\" alt=\"\" width=\"617\" height=\"925\" srcset=\"https:\/\/l21.mx\/wp-content\/uploads\/2018\/07\/isabella.jpg 617w, https:\/\/l21.mx\/wp-content\/uploads\/2018\/07\/isabella-200x300.jpg 200w, https:\/\/l21.mx\/wp-content\/uploads\/2018\/07\/isabella-585x877.jpg 585w\" sizes=\"(max-width: 617px) 100vw, 617px\" \/>EMPRESAS<\/p>\n<p style=\"text-align: center;\"><strong>Isabella <\/strong><strong>Whewell <\/strong><\/p>\n<ul>\n<li>es directora de Proyecto Kun 21\u00b0 86\u00b0 Corporate Medical Plaza\u00a0(puesto de nueva creaci\u00f3n).<\/li>\n<li><strong>Lugar de origen:\u00a0<\/strong>Saltillo, Coahuila.<\/li>\n<li><strong>Arribo a Canc\u00fan: \u00a0<\/strong>2012<\/li>\n<li><strong>Estudios:\u00a0<\/strong>Ingenier\u00eda Industrial, Instituto Tecnol\u00f3gico y de Estudios Superiores de Monterrey (ITESM).<\/li>\n<li><strong>Desarrollo profesional:\u00a0<\/strong>Capitel Desarrollos, Cristal International Standards, Kraft Planta Nabisco,\u00a0Hersheys M\u00e9xico.<\/li>\n<\/ul>\n<p style=\"text-align: center;\"><img loading=\"lazy\" decoding=\"async\" class=\"aligncenter size-full wp-image-32667\" src=\"http:\/\/l21.mx\/wp-content\/uploads\/2018\/07\/ANA.jpg\" alt=\"\" width=\"204\" height=\"148\" \/>HOTELES<\/p>\n<p style=\"text-align: center;\"><strong>Ana Garc\u00eda <\/strong><\/p>\n<ul>\n<li>asume el cargo de Conference Services &amp; Romance Director en Meli\u00e1 Hotels International en sustituci\u00f3n\u00a0de Alain Vel\u00e1zquez.<\/li>\n<li><strong>Lugar de origen:\u00a0<\/strong>Guanajuato.<\/li>\n<li><strong>Arribo a Canc\u00fan: \u00a0<\/strong>2012<\/li>\n<li><strong>Estudios: \u00a0<\/strong>Licenciatura en Administraci\u00f3n\u00a0de Empresas Tur\u00edsticas y Hoteler\u00eda,\u00a0Universidad Contempor\u00e1nea\u00a0en Santiago de Quer\u00e9taro.<\/li>\n<li><strong>Desarrollo profesional: <\/strong>Meli\u00e1 Hotels International, Corporativo Posadas.<\/li>\n<\/ul>\n<p style=\"text-align: center;\"><img loading=\"lazy\" decoding=\"async\" class=\"aligncenter size-full wp-image-32668\" src=\"http:\/\/l21.mx\/wp-content\/uploads\/2018\/07\/pascal.jpg\" alt=\"\" width=\"465\" height=\"594\" srcset=\"https:\/\/l21.mx\/wp-content\/uploads\/2018\/07\/pascal.jpg 465w, https:\/\/l21.mx\/wp-content\/uploads\/2018\/07\/pascal-235x300.jpg 235w\" sizes=\"(max-width: 465px) 100vw, 465px\" \/>HOTELES<\/p>\n<p style=\"text-align: center;\"><strong>Pascal Dupuis<\/strong><\/p>\n<ul>\n<li>es nombrado General Manager de Andaz Mayakoba Resort Riviera Maya (puesto de nueva creaci\u00f3n).<\/li>\n<li><strong>Lugar de origen:\u00a0<\/strong>Par\u00eds, Francia.<\/li>\n<li><strong>Arribo a Canc\u00fan: \u00a0<\/strong>2018<\/li>\n<li><strong>Estudios: \u00a0<\/strong>Management en Hospitalidad y Administraci\u00f3n, \u00c9cole H\u00f4teli\u00e8re et de Tourisme Paul Augier, Francia.<\/li>\n<li><strong>Desarrollo profesional:\u00a0<\/strong>Le M\u00e9ridien Piccadilly, The Sheraton Park Tower y St. Martins Lane, Hotel One &amp; Only Le Touessrok\u00a0en Islas Marietas, The Leela Palace\u00a0Chennai en India.<\/li>\n<\/ul>\n<p style=\"text-align: center;\"><img loading=\"lazy\" decoding=\"async\" class=\"aligncenter size-full wp-image-32669\" src=\"http:\/\/l21.mx\/wp-content\/uploads\/2018\/07\/kaushal.jpg\" alt=\"\" width=\"290\" height=\"414\" srcset=\"https:\/\/l21.mx\/wp-content\/uploads\/2018\/07\/kaushal.jpg 290w, https:\/\/l21.mx\/wp-content\/uploads\/2018\/07\/kaushal-210x300.jpg 210w\" sizes=\"(max-width: 290px) 100vw, 290px\" \/>HOTELES<\/p>\n<p style=\"text-align: center;\"><strong>Kaushal Singh<\/strong><\/p>\n<ul>\n<li>ocupa el cargo de chef de especialidades del hotel Paradisus Playa del Carmen (puesto de nueva creaci\u00f3n).<\/li>\n<li><strong>Lugar de origen: <\/strong>India.<\/li>\n<li><strong>Arribo a Canc\u00fan:\u00a0<\/strong>2014<\/li>\n<li><strong>Estudios: \u00a0<\/strong>Uttarakhand Board of School Education, en Uttarakhand, India.<\/li>\n<li><strong>Desarrollo profesional: \u00a0<\/strong>MotiMahal, The Oriental Residency Hotel, The Oberoi Trident (India), JW Marriott, Hotel Moon Palace.<\/li>\n<\/ul>\n<p style=\"text-align: center;\"><img loading=\"lazy\" decoding=\"async\" class=\"aligncenter wp-image-32670 size-medium\" src=\"http:\/\/l21.mx\/wp-content\/uploads\/2018\/07\/DSC8678-200x300.jpg\" alt=\"\" width=\"200\" height=\"300\" srcset=\"https:\/\/l21.mx\/wp-content\/uploads\/2018\/07\/DSC8678-200x300.jpg 200w, https:\/\/l21.mx\/wp-content\/uploads\/2018\/07\/DSC8678-585x877.jpg 585w, https:\/\/l21.mx\/wp-content\/uploads\/2018\/07\/DSC8678.jpg 617w\" sizes=\"(max-width: 200px) 100vw, 200px\" \/>EMPRESAS<\/p>\n<p style=\"text-align: center;\"><strong>Jercelia Herrera<\/strong><\/p>\n<ul>\n<li>asume el cargo de Community\u00a0Manager de Grupo Radio F\u00f3rmula.<\/li>\n<li><strong>Lugar de origen:\u00a0<\/strong>M\u00e9rida, Yucat\u00e1n.<\/li>\n<li><strong>Arribo a Canc\u00fan: \u00a0<\/strong>1998<\/li>\n<li><strong>Estudios: \u00a0<\/strong>Licenciatura en Ciencias y\u00a0T\u00e9cnicas de la Comunicaci\u00f3n,\u00a0Universidad Interamericana para el Desarrollo (UNID).<\/li>\n<li><strong>Desarrollo profesional: \u00a0<\/strong>Kreativa Publicidad, <em>Luces del Siglo<\/em>.<\/li>\n<\/ul>\n","protected":false},"excerpt":{"rendered":"<p>EMPRESAS Alejandro \u00a0Calligaris es nombrado Chief Revenue\u00a0Office de Best Day Travel Group\u00a0(puesto de nueva creaci\u00f3n). Lugar&hellip;<\/p>\n","protected":false},"author":2,"featured_media":32671,"comment_status":"open","ping_status":"open","sticky":false,"template":"","format":"standard","meta":{"_acf_changed":false,"_lmt_disableupdate":"","_lmt_disable":"","_mbp_gutenberg_autopost":false,"footnotes":""},"categories":[9,23],"tags":[],"class_list":["post-32662","post","type-post","status-publish","format-standard","has-post-thumbnail","hentry","category-nombramientos","category-noticias"],"acf":[],"_links":{"self":[{"href":"https:\/\/l21.mx\/index.php?rest_route=\/wp\/v2\/posts\/32662","targetHints":{"allow":["GET"]}}],"collection":[{"href":"https:\/\/l21.mx\/index.php?rest_route=\/wp\/v2\/posts"}],"about":[{"href":"https:\/\/l21.mx\/index.php?rest_route=\/wp\/v2\/types\/post"}],"author":[{"embeddable":true,"href":"https:\/\/l21.mx\/index.php?rest_route=\/wp\/v2\/users\/2"}],"replies":[{"embeddable":true,"href":"https:\/\/l21.mx\/index.php?rest_route=%2Fwp%2Fv2%2Fcomments&post=32662"}],"version-history":[{"count":0,"href":"https:\/\/l21.mx\/index.php?rest_route=\/wp\/v2\/posts\/32662\/revisions"}],"wp:featuredmedia":[{"embeddable":true,"href":"https:\/\/l21.mx\/index.php?rest_route=\/wp\/v2\/media\/32671"}],"wp:attachment":[{"href":"https:\/\/l21.mx\/index.php?rest_route=%2Fwp%2Fv2%2Fmedia&parent=32662"}],"wp:term":[{"taxonomy":"category","embeddable":true,"href":"https:\/\/l21.mx\/index.php?rest_route=%2Fwp%2Fv2%2Fcategories&post=32662"},{"taxonomy":"post_tag","embeddable":true,"href":"https:\/\/l21.mx\/index.php?rest_route=%2Fwp%2Fv2%2Ftags&post=32662"}],"curies":[{"name":"wp","href":"https:\/\/api.w.org\/{rel}","templated":true}]}}