{"id":32685,"date":"2018-07-10T18:11:43","date_gmt":"2018-07-10T23:11:43","guid":{"rendered":"http:\/\/innovatori.space\/lat21\/?p=32685"},"modified":"2018-07-10T18:11:43","modified_gmt":"2018-07-10T23:11:43","slug":"para-toda-la-vida-2","status":"publish","type":"post","link":"https:\/\/l21.mx\/?p=32685","title":{"rendered":"Para toda la vida"},"content":{"rendered":"<p><img fetchpriority=\"high\" decoding=\"async\" class=\"aligncenter size-large wp-image-32688\" src=\"http:\/\/l21.mx\/wp-content\/uploads\/2018\/07\/Parque-Mayakoba.jpeg.jpg\" alt=\"\" width=\"432\" height=\"243\" srcset=\"https:\/\/l21.mx\/wp-content\/uploads\/2018\/07\/Parque-Mayakoba.jpeg.jpg 432w, https:\/\/l21.mx\/wp-content\/uploads\/2018\/07\/Parque-Mayakoba.jpeg-300x169.jpg 300w\" sizes=\"(max-width: 432px) 100vw, 432px\" \/><\/p>\n<p><strong>Con el apoyo de empresarios y de la sociedad civil, Mayakoba iniciar\u00e1 la construcci\u00f3n del centro comunitario de Ciudad Mayakoba como parte de su plan maestro<\/strong><\/p>\n<p>Tras recibir por tercera ocasi\u00f3n el distintivo ESR 2017 por su compromiso p\u00fablico y voluntario para implementar acciones de gesti\u00f3n socialmente responsable, Mayakoba afina los \u00faltimos detalles a fin de iniciar en septiembre pr\u00f3ximo la construcci\u00f3n del centro comunitario de Ciudad Mayakoba, en la zona de Pet\u00e9n, con una inversi\u00f3n de 2.5 millones de pesos.<\/p>\n<p>El proyecto, que estar\u00e1 listo en 2019, contar\u00e1 con una estancia para adultos mayores a fin de que se realicen diversas actividades de esparcimiento en favor de este sector; una biblioteca p\u00fablica que se enriquecer\u00e1 con un donativo importante de la librer\u00eda Gandhi, as\u00ed como una cafeter\u00eda administrada por personas de la tercera edad y j\u00f3venes de la comunidad.<\/p>\n<p><img decoding=\"async\" class=\"alignleft wp-image-32687 size-medium\" src=\"http:\/\/l21.mx\/wp-content\/uploads\/2018\/07\/El-Pueblito-en-Mayakoba-5-300x247.jpg\" alt=\"\" width=\"300\" height=\"247\" srcset=\"https:\/\/l21.mx\/wp-content\/uploads\/2018\/07\/El-Pueblito-en-Mayakoba-5-300x247.jpg 300w, https:\/\/l21.mx\/wp-content\/uploads\/2018\/07\/El-Pueblito-en-Mayakoba-5.jpg 540w\" sizes=\"(max-width: 300px) 100vw, 300px\" \/>Alfonso L\u00f3pez-Bello, director de Acci\u00f3n Social Ciudad Mayakoba, se\u00f1al\u00f3 que el centro comunitario se edificar\u00e1 en un terreno de mil metros cuadrados que don\u00f3 el ayuntamiento de Solidaridad. \u201cEl proyecto arquitect\u00f3nico estar\u00e1 a cargo de Arturo Amaya, quien particip\u00f3 en otros desarrollos inmobiliarios como Mayakoba, y es un espacio que ser\u00e1 autosustentable\u201d.<\/p>\n<p>\u201cNo es un asilo, es un sitio que tendr\u00e1 capacidad para 150 personas, dentro de las actividades normales, y consideramos atender a unos mil j\u00f3venes de las comunidades La Guadalupana, El Pet\u00e9n, Cristo Reino y Nuevo Noc Beh; incluso ya platicamos con algunas escuelas de preparatoria para que los chicos realicen sus pr\u00e1cticas en este lugar y disfruten al mismo tiempo el lugar\u201d.<\/p>\n<p>El ejecutivo mencion\u00f3 que el pr\u00f3ximo a\u00f1o tambi\u00e9n comenzar\u00e1 la construcci\u00f3n de la escuela que tendr\u00e1 desde preescolar hasta preparatoria. \u201cSer\u00e1 una instituci\u00f3n con un sistema educativo eficaz y bajo una necesidad social diferente para un determinado sector de la poblaci\u00f3n que merece tener la oportunidad de una educaci\u00f3n de calidad\u201d.<\/p>\n<p>Coment\u00f3 que Mayakoba es un proyecto inmobiliario, tur\u00edstico y residencial para toda la vida. \u201cConsideramos que Ciudad Mayakoba debe tener repercusiones positivas en Playa del Carmen, desde la forma de vida de sus habitantes hasta en su sistema de movilidad\u201d.<\/p>\n<p>Asimismo, L\u00f3pez-Bello destac\u00f3 que Mayakoba y Ciudad Mayakoba recibieron por tercer a\u00f1o consecutivo el distintivo ERS 2017 por el Centro Mexicano para la Filantrop\u00eda y la Alianza por la Responsabilidad Social Empresarial en M\u00e9xico (Aliarse), por sus programas permanentes que fomentan el desarrollo sustentable de las comunidades mayas con proyectos sociales.<\/p>\n<p>\u201cEs un a\u00f1o en el que se nos reconoce nuevamente como una empresa socialmente responsable, a trav\u00e9s de acciones que tienen que ver con la sustentabilidad, con la calidad de vida, con acciones comunitarias y con el prop\u00f3sito de hacer negocio de manera s\u00f3lida, sustentable y arm\u00f3nica con el medio ambiente\u201d.<\/p>\n<p>Expres\u00f3 que la empresa tambi\u00e9n es reconocida por los programas de Atletas y de Semilleros Ciudad Mayakoba, cuyo objetivo es impulsar el talento deportivo de Quintana Roo. \u201cEn el caso de los j\u00f3venes que participan en estas actividades tambi\u00e9n aportan labores en beneficio de la comunidad; se convierten en ejemplos de vida y l\u00edderes sociales\u201d.<\/p>\n<p><img decoding=\"async\" class=\"aligncenter size-full wp-image-32686\" src=\"http:\/\/l21.mx\/wp-content\/uploads\/2018\/07\/MAYAKOBA03.jpg\" alt=\"\" width=\"533\" height=\"799\" srcset=\"https:\/\/l21.mx\/wp-content\/uploads\/2018\/07\/MAYAKOBA03.jpg 533w, https:\/\/l21.mx\/wp-content\/uploads\/2018\/07\/MAYAKOBA03-200x300.jpg 200w\" sizes=\"(max-width: 533px) 100vw, 533px\" \/><\/p>\n","protected":false},"excerpt":{"rendered":"<p>Con el apoyo de empresarios y de la sociedad civil, Mayakoba iniciar\u00e1 la construcci\u00f3n del centro&hellip;<\/p>\n","protected":false},"author":2,"featured_media":32688,"comment_status":"open","ping_status":"open","sticky":false,"template":"","format":"standard","meta":{"_acf_changed":false,"_lmt_disableupdate":"","_lmt_disable":"","_mbp_gutenberg_autopost":false,"footnotes":""},"categories":[23,35],"tags":[],"class_list":["post-32685","post","type-post","status-publish","format-standard","has-post-thumbnail","hentry","category-noticias","category-responsabilidad-social"],"acf":[],"yoast_head":"<!-- This site is optimized with the Yoast SEO plugin v27.3 - https:\/\/yoast.com\/product\/yoast-seo-wordpress\/ -->\n<title>Para toda la vida | Revista Latitud 21<\/title>\n<meta name=\"description\" content=\"L21, Emprendedores y Negocios en el Caribe Mexicano, es la revista l\u00edder entre el Sector Empresarial y Tur\u00edstico del Caribe Mexicano.\" \/>\n<meta name=\"robots\" content=\"index, follow, max-snippet:-1, max-image-preview:large, max-video-preview:-1\" \/>\n<link rel=\"canonical\" href=\"https:\/\/l21.mx\/?p=32685\" \/>\n<meta name=\"twitter:card\" content=\"summary_large_image\" \/>\n<meta name=\"twitter:title\" content=\"Para toda la vida | Revista Latitud 21\" \/>\n<meta name=\"twitter:description\" content=\"L21, Emprendedores y Negocios en el Caribe Mexicano, es la revista l\u00edder entre el Sector Empresarial y Tur\u00edstico del Caribe Mexicano.\" \/>\n<meta name=\"twitter:image\" content=\"https:\/\/l21.mx\/wp-content\/uploads\/2018\/07\/Parque-Mayakoba.jpeg.jpg\" \/>\n<meta name=\"twitter:creator\" content=\"@Latitud21mx\" \/>\n<meta name=\"twitter:site\" content=\"@Latitud21mx\" \/>\n<meta name=\"twitter:label1\" content=\"Escrito por\" \/>\n\t<meta name=\"twitter:data1\" content=\"Latitud21 Redacci\u00f3n\" \/>\n\t<meta name=\"twitter:label2\" content=\"Tiempo de lectura\" \/>\n\t<meta name=\"twitter:data2\" content=\"3 minutos\" \/>\n<script type=\"application\/ld+json\" class=\"yoast-schema-graph\">{\"@context\":\"https:\\\/\\\/schema.org\",\"@graph\":[{\"@type\":\"Article\",\"@id\":\"https:\\\/\\\/l21.mx\\\/?p=32685#article\",\"isPartOf\":{\"@id\":\"https:\\\/\\\/l21.mx\\\/?p=32685\"},\"author\":{\"name\":\"Latitud21 Redacci\u00f3n\",\"@id\":\"https:\\\/\\\/l21.mx\\\/#\\\/schema\\\/person\\\/4b571cc212089f95579f3b66253728f1\"},\"headline\":\"Para toda la vida\",\"datePublished\":\"2018-07-10T23:11:43+00:00\",\"mainEntityOfPage\":{\"@id\":\"https:\\\/\\\/l21.mx\\\/?p=32685\"},\"wordCount\":542,\"commentCount\":0,\"publisher\":{\"@id\":\"https:\\\/\\\/l21.mx\\\/#organization\"},\"image\":{\"@id\":\"https:\\\/\\\/l21.mx\\\/?p=32685#primaryimage\"},\"thumbnailUrl\":\"https:\\\/\\\/l21.mx\\\/wp-content\\\/uploads\\\/2018\\\/07\\\/Parque-Mayakoba.jpeg.jpg\",\"articleSection\":[\"Noticias\",\"Responsabilidad social\"],\"inLanguage\":\"es\",\"potentialAction\":[{\"@type\":\"CommentAction\",\"name\":\"Comment\",\"target\":[\"https:\\\/\\\/l21.mx\\\/?p=32685#respond\"]}]},{\"@type\":\"WebPage\",\"@id\":\"https:\\\/\\\/l21.mx\\\/?p=32685\",\"url\":\"https:\\\/\\\/l21.mx\\\/?p=32685\",\"name\":\"Para toda la vida | Revista Latitud 21\",\"isPartOf\":{\"@id\":\"https:\\\/\\\/l21.mx\\\/#website\"},\"primaryImageOfPage\":{\"@id\":\"https:\\\/\\\/l21.mx\\\/?p=32685#primaryimage\"},\"image\":{\"@id\":\"https:\\\/\\\/l21.mx\\\/?p=32685#primaryimage\"},\"thumbnailUrl\":\"https:\\\/\\\/l21.mx\\\/wp-content\\\/uploads\\\/2018\\\/07\\\/Parque-Mayakoba.jpeg.jpg\",\"datePublished\":\"2018-07-10T23:11:43+00:00\",\"description\":\"L21, Emprendedores y Negocios en el Caribe Mexicano, es la revista l\u00edder entre el Sector Empresarial y Tur\u00edstico del Caribe Mexicano.\",\"breadcrumb\":{\"@id\":\"https:\\\/\\\/l21.mx\\\/?p=32685#breadcrumb\"},\"inLanguage\":\"es\",\"potentialAction\":[{\"@type\":\"ReadAction\",\"target\":[\"https:\\\/\\\/l21.mx\\\/?p=32685\"]}]},{\"@type\":\"ImageObject\",\"inLanguage\":\"es\",\"@id\":\"https:\\\/\\\/l21.mx\\\/?p=32685#primaryimage\",\"url\":\"https:\\\/\\\/l21.mx\\\/wp-content\\\/uploads\\\/2018\\\/07\\\/Parque-Mayakoba.jpeg.jpg\",\"contentUrl\":\"https:\\\/\\\/l21.mx\\\/wp-content\\\/uploads\\\/2018\\\/07\\\/Parque-Mayakoba.jpeg.jpg\",\"width\":432,\"height\":243},{\"@type\":\"BreadcrumbList\",\"@id\":\"https:\\\/\\\/l21.mx\\\/?p=32685#breadcrumb\",\"itemListElement\":[{\"@type\":\"ListItem\",\"position\":1,\"name\":\"Portada\",\"item\":\"https:\\\/\\\/l21.mx\\\/\"},{\"@type\":\"ListItem\",\"position\":2,\"name\":\"Para toda la vida\"}]},{\"@type\":\"WebSite\",\"@id\":\"https:\\\/\\\/l21.mx\\\/#website\",\"url\":\"https:\\\/\\\/l21.mx\\\/\",\"name\":\"Revista Latitud 21\",\"description\":\"Emprendedores  y negocios en el Caribe Mexicano\",\"publisher\":{\"@id\":\"https:\\\/\\\/l21.mx\\\/#organization\"},\"potentialAction\":[{\"@type\":\"SearchAction\",\"target\":{\"@type\":\"EntryPoint\",\"urlTemplate\":\"https:\\\/\\\/l21.mx\\\/?s={search_term_string}\"},\"query-input\":{\"@type\":\"PropertyValueSpecification\",\"valueRequired\":true,\"valueName\":\"search_term_string\"}}],\"inLanguage\":\"es\"},{\"@type\":\"Organization\",\"@id\":\"https:\\\/\\\/l21.mx\\\/#organization\",\"name\":\"Grupo Editorial Latitud 21 SA de CV\",\"url\":\"https:\\\/\\\/l21.mx\\\/\",\"logo\":{\"@type\":\"ImageObject\",\"inLanguage\":\"es\",\"@id\":\"https:\\\/\\\/l21.mx\\\/#\\\/schema\\\/logo\\\/image\\\/\",\"url\":\"https:\\\/\\\/l21.mx\\\/wp-content\\\/uploads\\\/2020\\\/10\\\/logo-l21-baja.jpg\",\"contentUrl\":\"https:\\\/\\\/l21.mx\\\/wp-content\\\/uploads\\\/2020\\\/10\\\/logo-l21-baja.jpg\",\"width\":250,\"height\":250,\"caption\":\"Grupo Editorial Latitud 21 SA de CV\"},\"image\":{\"@id\":\"https:\\\/\\\/l21.mx\\\/#\\\/schema\\\/logo\\\/image\\\/\"},\"sameAs\":[\"https:\\\/\\\/www.facebook.com\\\/RevistaLatitud21\\\/\",\"https:\\\/\\\/x.com\\\/Latitud21mx\"]},{\"@type\":\"Person\",\"@id\":\"https:\\\/\\\/l21.mx\\\/#\\\/schema\\\/person\\\/4b571cc212089f95579f3b66253728f1\",\"name\":\"Latitud21 Redacci\u00f3n\",\"url\":\"https:\\\/\\\/l21.mx\\\/?author=2\"}]}<\/script>\n<!-- \/ Yoast SEO plugin. -->","yoast_head_json":{"title":"Para toda la vida | Revista Latitud 21","description":"L21, Emprendedores y Negocios en el Caribe Mexicano, es la revista l\u00edder entre el Sector Empresarial y Tur\u00edstico del Caribe Mexicano.","robots":{"index":"index","follow":"follow","max-snippet":"max-snippet:-1","max-image-preview":"max-image-preview:large","max-video-preview":"max-video-preview:-1"},"canonical":"https:\/\/l21.mx\/?p=32685","twitter_card":"summary_large_image","twitter_title":"Para toda la vida | Revista Latitud 21","twitter_description":"L21, Emprendedores y Negocios en el Caribe Mexicano, es la revista l\u00edder entre el Sector Empresarial y Tur\u00edstico del Caribe Mexicano.","twitter_image":"https:\/\/l21.mx\/wp-content\/uploads\/2018\/07\/Parque-Mayakoba.jpeg.jpg","twitter_creator":"@Latitud21mx","twitter_site":"@Latitud21mx","twitter_misc":{"Escrito por":"Latitud21 Redacci\u00f3n","Tiempo de lectura":"3 minutos"},"schema":{"@context":"https:\/\/schema.org","@graph":[{"@type":"Article","@id":"https:\/\/l21.mx\/?p=32685#article","isPartOf":{"@id":"https:\/\/l21.mx\/?p=32685"},"author":{"name":"Latitud21 Redacci\u00f3n","@id":"https:\/\/l21.mx\/#\/schema\/person\/4b571cc212089f95579f3b66253728f1"},"headline":"Para toda la vida","datePublished":"2018-07-10T23:11:43+00:00","mainEntityOfPage":{"@id":"https:\/\/l21.mx\/?p=32685"},"wordCount":542,"commentCount":0,"publisher":{"@id":"https:\/\/l21.mx\/#organization"},"image":{"@id":"https:\/\/l21.mx\/?p=32685#primaryimage"},"thumbnailUrl":"https:\/\/l21.mx\/wp-content\/uploads\/2018\/07\/Parque-Mayakoba.jpeg.jpg","articleSection":["Noticias","Responsabilidad social"],"inLanguage":"es","potentialAction":[{"@type":"CommentAction","name":"Comment","target":["https:\/\/l21.mx\/?p=32685#respond"]}]},{"@type":"WebPage","@id":"https:\/\/l21.mx\/?p=32685","url":"https:\/\/l21.mx\/?p=32685","name":"Para toda la vida | Revista Latitud 21","isPartOf":{"@id":"https:\/\/l21.mx\/#website"},"primaryImageOfPage":{"@id":"https:\/\/l21.mx\/?p=32685#primaryimage"},"image":{"@id":"https:\/\/l21.mx\/?p=32685#primaryimage"},"thumbnailUrl":"https:\/\/l21.mx\/wp-content\/uploads\/2018\/07\/Parque-Mayakoba.jpeg.jpg","datePublished":"2018-07-10T23:11:43+00:00","description":"L21, Emprendedores y Negocios en el Caribe Mexicano, es la revista l\u00edder entre el Sector Empresarial y Tur\u00edstico del Caribe Mexicano.","breadcrumb":{"@id":"https:\/\/l21.mx\/?p=32685#breadcrumb"},"inLanguage":"es","potentialAction":[{"@type":"ReadAction","target":["https:\/\/l21.mx\/?p=32685"]}]},{"@type":"ImageObject","inLanguage":"es","@id":"https:\/\/l21.mx\/?p=32685#primaryimage","url":"https:\/\/l21.mx\/wp-content\/uploads\/2018\/07\/Parque-Mayakoba.jpeg.jpg","contentUrl":"https:\/\/l21.mx\/wp-content\/uploads\/2018\/07\/Parque-Mayakoba.jpeg.jpg","width":432,"height":243},{"@type":"BreadcrumbList","@id":"https:\/\/l21.mx\/?p=32685#breadcrumb","itemListElement":[{"@type":"ListItem","position":1,"name":"Portada","item":"https:\/\/l21.mx\/"},{"@type":"ListItem","position":2,"name":"Para toda la vida"}]},{"@type":"WebSite","@id":"https:\/\/l21.mx\/#website","url":"https:\/\/l21.mx\/","name":"Revista Latitud 21","description":"Emprendedores  y negocios en el Caribe Mexicano","publisher":{"@id":"https:\/\/l21.mx\/#organization"},"potentialAction":[{"@type":"SearchAction","target":{"@type":"EntryPoint","urlTemplate":"https:\/\/l21.mx\/?s={search_term_string}"},"query-input":{"@type":"PropertyValueSpecification","valueRequired":true,"valueName":"search_term_string"}}],"inLanguage":"es"},{"@type":"Organization","@id":"https:\/\/l21.mx\/#organization","name":"Grupo Editorial Latitud 21 SA de CV","url":"https:\/\/l21.mx\/","logo":{"@type":"ImageObject","inLanguage":"es","@id":"https:\/\/l21.mx\/#\/schema\/logo\/image\/","url":"https:\/\/l21.mx\/wp-content\/uploads\/2020\/10\/logo-l21-baja.jpg","contentUrl":"https:\/\/l21.mx\/wp-content\/uploads\/2020\/10\/logo-l21-baja.jpg","width":250,"height":250,"caption":"Grupo Editorial Latitud 21 SA de CV"},"image":{"@id":"https:\/\/l21.mx\/#\/schema\/logo\/image\/"},"sameAs":["https:\/\/www.facebook.com\/RevistaLatitud21\/","https:\/\/x.com\/Latitud21mx"]},{"@type":"Person","@id":"https:\/\/l21.mx\/#\/schema\/person\/4b571cc212089f95579f3b66253728f1","name":"Latitud21 Redacci\u00f3n","url":"https:\/\/l21.mx\/?author=2"}]}},"amp_enabled":true,"_links":{"self":[{"href":"https:\/\/l21.mx\/index.php?rest_route=\/wp\/v2\/posts\/32685","targetHints":{"allow":["GET"]}}],"collection":[{"href":"https:\/\/l21.mx\/index.php?rest_route=\/wp\/v2\/posts"}],"about":[{"href":"https:\/\/l21.mx\/index.php?rest_route=\/wp\/v2\/types\/post"}],"author":[{"embeddable":true,"href":"https:\/\/l21.mx\/index.php?rest_route=\/wp\/v2\/users\/2"}],"replies":[{"embeddable":true,"href":"https:\/\/l21.mx\/index.php?rest_route=%2Fwp%2Fv2%2Fcomments&post=32685"}],"version-history":[{"count":0,"href":"https:\/\/l21.mx\/index.php?rest_route=\/wp\/v2\/posts\/32685\/revisions"}],"wp:featuredmedia":[{"embeddable":true,"href":"https:\/\/l21.mx\/index.php?rest_route=\/wp\/v2\/media\/32688"}],"wp:attachment":[{"href":"https:\/\/l21.mx\/index.php?rest_route=%2Fwp%2Fv2%2Fmedia&parent=32685"}],"wp:term":[{"taxonomy":"category","embeddable":true,"href":"https:\/\/l21.mx\/index.php?rest_route=%2Fwp%2Fv2%2Fcategories&post=32685"},{"taxonomy":"post_tag","embeddable":true,"href":"https:\/\/l21.mx\/index.php?rest_route=%2Fwp%2Fv2%2Ftags&post=32685"}],"curies":[{"name":"wp","href":"https:\/\/api.w.org\/{rel}","templated":true}]}}